{"id":14751,"date":"2025-08-25T12:15:04","date_gmt":"2025-08-25T11:15:04","guid":{"rendered":"https:\/\/tablaoflamencogranada.com\/woher-kommt-der-flamenco"},"modified":"2025-10-30T15:59:05","modified_gmt":"2025-10-30T14:59:05","slug":"woher-kommt-der-flamenco","status":"publish","type":"post","link":"https:\/\/tablaoflamencogranada.com\/de\/woher-kommt-der-flamenco","title":{"rendered":"Woher kommt der Flamenco?"},"content":{"rendered":"<p>Flamenco, ein Wort, das allein beim H\u00f6ren Respekt einfl\u00f6\u00dft. Es ist eine Kunst, die wirklich schwer zu beschreiben ist, da ihre Bedeutung sehr umfassend ist. <\/p>\n<p>Wir k\u00f6nnten ihn als einen der gro\u00dfen Sch\u00e4tze Spaniens definieren, als einen der weltweit bekanntesten k\u00fcnstlerischen Ausdrucksformen. Aber woher kommt der Flamenco? Was ist sein Ursprung? Um diese Fragen zu beantworten, m\u00fcssen wir uns nach <strong>S\u00fcdspanien<\/strong> begeben, nach <strong>Andalusien<\/strong>, der Wiege des Flamenco schlechthin.   <\/p>\n<p>In diesem Land liegt der Ursprung des Flamenco, aber wenn Sie etwas mehr wissen m\u00f6chten, sollten Sie sich diesen Beitrag nicht entgehen lassen, in dem wir etwas tiefer in die <strong>Urspr\u00fcnge und seine Geschichte<\/strong> eintauchen.<\/p>\n<p><!--more--><\/p>\n<h2><strong>Der Flamenco, woher kommt er?<\/strong><\/h2>\n<p data-start=\"676\" data-end=\"997\">Der Ursprung des Flamenco liegt in <strong data-start=\"697\" data-end=\"739\">Andalusien zwischen dem 18. und 19. Jahrhundert<\/strong>. Er hat einen komplexen und vielf\u00e4ltigen Ursprung, da er dank der kulturellen Mischung zwischen Christen, Morisken und Zigeunern in Andalusien in dieser Zeit entstanden ist.<\/p>\n<p data-start=\"676\" data-end=\"997\">Obwohl sein Ursprung vor allem dem Zigeunervolk zugeschrieben wird, wurde der Flamenco von arabischer, j\u00fcdischer und afrikanischer Kunst gen\u00e4hrt. Insbesondere hei\u00dft es, dass der Flamenco die Zigeunerversion der arabischen oder moriskischen Zambras ist. <\/p>\n<figure id=\"attachment_13936\" aria-describedby=\"caption-attachment-13936\" style=\"width: 845px\" class=\"wp-caption aligncenter\"><img fetchpriority=\"high\" decoding=\"async\" class=\"wp-image-13936\" src=\"https:\/\/tablaoflamencogranada.com\/wp-content\/uploads\/2025\/08\/de-donde-es-flamenco.avif\" alt=\"{%ALT_TEXT%}\" width=\"845\" height=\"563\" srcset=\"https:\/\/tablaoflamencogranada.com\/wp-content\/uploads\/2025\/08\/de-donde-es-flamenco.avif 1536w, https:\/\/tablaoflamencogranada.com\/wp-content\/uploads\/2025\/08\/de-donde-es-flamenco-300x200.avif 300w, https:\/\/tablaoflamencogranada.com\/wp-content\/uploads\/2025\/08\/de-donde-es-flamenco-1024x683.avif 1024w, https:\/\/tablaoflamencogranada.com\/wp-content\/uploads\/2025\/08\/de-donde-es-flamenco-768x512.avif 768w\" sizes=\"(max-width: 845px) 100vw, 845px\" \/><figcaption id=\"caption-attachment-13936\" class=\"wp-caption-text\">Der Ursprung des Flamenco liegt in Andalusien<\/figcaption><\/figure>\n<p data-start=\"676\" data-end=\"997\">Die arabischen Zambras waren eine Art festliches Treffen, das die Morisken im 16. und 18. Jahrhundert abhielten, wo Musik, Tanz und Gesang mit andalusischen Reminiszenzen vermischt wurden. In diesen Zambras wurde bereits im Rhythmus der H\u00e4nde geklatscht, getanzt und es gab melismatische (verzierte) Melodien. Die Zigeuner begannen ebenfalls, diesen Stil in ihre Feiern zu \u00fcbernehmen.  <\/p>\n<p data-start=\"1219\" data-end=\"1419\">Obwohl sein Ursprungsort <strong data-start=\"1226\" data-end=\"1239\">Andalusien<\/strong> ist, breitete sich der Flamenco im Laufe der Zeit in andere Regionen Spaniens wie die <strong data-start=\"1337\" data-end=\"1352\">Extremadura<\/strong> und <strong data-start=\"1355\" data-end=\"1365\">Murcia<\/strong> aus, die ebenfalls Varianten und eigene Stile beisteuerten.<\/p>\n<figure id=\"attachment_13944\" aria-describedby=\"caption-attachment-13944\" style=\"width: 848px\" class=\"wp-caption aligncenter\"><img decoding=\"async\" class=\"wp-image-13944\" src=\"https:\/\/tablaoflamencogranada.com\/wp-content\/uploads\/2025\/08\/los-origenes-flamenco.avif\" alt=\"{%ALT_TEXT%}\" width=\"848\" height=\"565\" srcset=\"https:\/\/tablaoflamencogranada.com\/wp-content\/uploads\/2025\/08\/los-origenes-flamenco.avif 1536w, https:\/\/tablaoflamencogranada.com\/wp-content\/uploads\/2025\/08\/los-origenes-flamenco-300x200.avif 300w, https:\/\/tablaoflamencogranada.com\/wp-content\/uploads\/2025\/08\/los-origenes-flamenco-1024x683.avif 1024w, https:\/\/tablaoflamencogranada.com\/wp-content\/uploads\/2025\/08\/los-origenes-flamenco-768x512.avif 768w\" sizes=\"(max-width: 848px) 100vw, 848px\" \/><figcaption id=\"caption-attachment-13944\" class=\"wp-caption-text\">Darstellung einer Flamenco-Show<\/figcaption><\/figure>\n<h2 data-start=\"1219\" data-end=\"1419\">Der Flamenco als Kunst<\/h2>\n<p data-start=\"1449\" data-end=\"1491\">Grunds\u00e4tzlich gibt es im Flamenco 3 S\u00e4ulen, auf denen der Flamenco basiert, n\u00e4mlich:<\/p>\n<ul data-start=\"1493\" data-end=\"1723\">\n<li data-start=\"1493\" data-end=\"1553\">\n<p data-start=\"1495\" data-end=\"1553\"><strong data-start=\"1495\" data-end=\"1507\">Der Gesang<\/strong>: die Stimme, tief und voller Gef\u00fchl.<\/p>\n<\/li>\n<li data-start=\"1554\" data-end=\"1635\">\n<p data-start=\"1556\" data-end=\"1635\"><strong data-start=\"1556\" data-end=\"1568\">Der Tanz<\/strong>: Kraft, Rhythmus und K\u00f6rpersprache, die ihm diese emotionale Note verleihen.<\/p>\n<\/li>\n<li data-start=\"1636\" data-end=\"1723\">\n<p data-start=\"1638\" data-end=\"1723\"><strong data-start=\"1638\" data-end=\"1650\">Das Spiel<\/strong>: die Flamenco-Gitarre, die den Gesang und den Tanz begleitet und mit ihnen in Dialog tritt.<\/p>\n<\/li>\n<\/ul>\n<p data-start=\"1725\" data-end=\"1845\">Diese drei Elemente machen den Flamenco zu einer lebendigen und aufregenden Kunst, die die tiefsten Gef\u00fchle vermittelt, auch solche, die Worte nicht ausdr\u00fccken k\u00f6nnen.<\/p>\n<h2 data-start=\"1725\" data-end=\"1845\">Anerkannt als Weltkulturerbe<\/h2>\n<p data-start=\"1908\" data-end=\"2180\">Der Flamenco hat Grenzen \u00fcberschritten und wurde im Jahr <strong data-start=\"1988\" data-end=\"2062\">2010 von der UNESCO als immaterielles Kulturerbe der Menschheit anerkannt<\/strong>.<\/p>\n<p data-start=\"1908\" data-end=\"2180\">Und der Flamenco hat einen unvergleichlichen k\u00fcnstlerischen Wert, er ist ein Symbol der kulturellen Identit\u00e4t unseres Landes und wir sollten sehr stolz darauf sein.<\/p>\n<p data-start=\"2182\" data-end=\"2352\">Diese Anerkennung hat auch dazu gef\u00fchrt, dass diese Kunst besser gesch\u00fctzt wird und lebendig bleibt, da sie ihr Verbreitung und Unterst\u00fctzung bietet, um sicherzustellen, dass ihre Traditionen lebendig bleiben und an die neuen Generationen weitergegeben werden.<\/p>\n<figure id=\"attachment_13954\" aria-describedby=\"caption-attachment-13954\" style=\"width: 847px\" class=\"wp-caption aligncenter\"><img decoding=\"async\" class=\" wp-image-13954\" src=\"https:\/\/tablaoflamencogranada.com\/wp-content\/uploads\/2025\/08\/flamenco-patrimonio-humanidad.avif\" alt=\"{%ALT_TEXT%}\" width=\"847\" height=\"565\" srcset=\"https:\/\/tablaoflamencogranada.com\/wp-content\/uploads\/2025\/08\/flamenco-patrimonio-humanidad.avif 1500w, https:\/\/tablaoflamencogranada.com\/wp-content\/uploads\/2025\/08\/flamenco-patrimonio-humanidad-300x200.avif 300w, https:\/\/tablaoflamencogranada.com\/wp-content\/uploads\/2025\/08\/flamenco-patrimonio-humanidad-1024x683.avif 1024w, https:\/\/tablaoflamencogranada.com\/wp-content\/uploads\/2025\/08\/flamenco-patrimonio-humanidad-768x512.avif 768w\" sizes=\"(max-width: 847px) 100vw, 847px\" \/><figcaption id=\"caption-attachment-13954\" class=\"wp-caption-text\">{%CAPTION%}<\/figcaption><\/figure>\n<h2 data-start=\"2354\" data-end=\"2382\">Flamenco auf der ganzen Welt<\/h2>\n<p data-start=\"2384\" data-end=\"2617\">Flamenco ist eine Kunst, die von Menschen auf der ganzen Welt gesch\u00e4tzt wird. Derzeit finden wir reine Flamenco-Shows in <strong data-start=\"2500\" data-end=\"2559\">Flamenco-Tablaos in Sevilla, Granada, C\u00f3rdoba oder Madrid<\/strong>, wo K\u00fcnstler die reine Essenz dieser Kunst bewahren. <\/p>\n<p data-start=\"2619\" data-end=\"2841\">Aber es gibt auch viele L\u00e4nder wie Japan, die Vereinigten Staaten oder Frankreich, die gro\u00dfe Flamenco-Schulen und Tausende von leidenschaftlichen Anh\u00e4ngern haben. Tats\u00e4chlich gilt Japan nach Spanien als das Land mit den zweitmeisten Flamenco-Fans. <\/p>\n<h2 data-start=\"2843\" data-end=\"2863\">Aktuell<\/h2>\n<p data-start=\"2865\" data-end=\"3267\">In der heutigen Zeit ist der Flamenco immer noch sehr lebendig und entwickelt sich daher weiter. Neben dem traditionelleren Flamenco finden wir auch Flamenco in Fusionen mit anderen Genres wie Jazz, Rock oder lateinamerikanischer Musik, die ihn f\u00fcr ein neues Publikum \u00f6ffnen, ohne seine Essenz zu verlieren. <\/p>\n<p data-start=\"2865\" data-end=\"3267\">Verschiedene K\u00fcnstler wie <strong>Camar\u00f3n de la Isla, Paco de Luc\u00eda<\/strong> oder, in j\u00fcngerer Zeit, <strong>Rosal\u00eda<\/strong> haben den Flamenco auf internationale B\u00fchnen gebracht und gezeigt, dass es sich um eine universelle Kunst handelt.<\/p>\n<p data-start=\"3286\" data-end=\"3597\">Also, <strong data-start=\"3296\" data-end=\"3325\">woher kommt der Flamenco?<\/strong> Der Flamenco stammt aus <strong data-start=\"3344\" data-end=\"3365\">Andalusien, Spanien<\/strong>, obwohl seine Kraft und Emotionen die ganze Welt erobert haben. Seine Mischung aus Kulturen, seine Geschichte und seine F\u00e4higkeit, Gef\u00fchle zu vermitteln, machen ihn zu einer unwiederholbaren Kunst, die von der UNESCO zum <strong><a href=\"https:\/\/ich.unesco.org\/es\/RL\/el-flamenco-00363\" title=\"Flamenco-Weltkulturerbe\" target=\"_blank\" rel=\"noopener\">Weltkulturerbe<\/a><\/strong> erkl\u00e4rt wurde. <\/p>\n<p data-start=\"3599\" data-end=\"3798\">Den Flamenco in einem andalusischen Tablao zu erleben, bedeutet, die reinste Essenz dieser Tradition zu erfahren, wo Gesang, Tanz und Gitarre zusammenkommen, um eine Show voller Magie und Authentizit\u00e4t zu schaffen.<\/p>\n","protected":false},"excerpt":{"rendered":"<p>Der Flamenco, der zwischen dem 18. und 19. Jahrhundert in Andalusien geboren wurde, ist viel mehr als Musik: Er ist Gef\u00fchl, Kultur und Kunst, die von der UNESCO als Weltkulturerbe anerkannt wurde.<\/p>\n","protected":false},"author":1,"featured_media":13909,"comment_status":"closed","ping_status":"closed","sticky":false,"template":"","format":"standard","meta":{"footnotes":""},"categories":[110],"tags":[],"class_list":["post-14751","post","type-post","status-publish","format-standard","has-post-thumbnail","hentry","category-flamenco-de"],"_links":{"self":[{"href":"https:\/\/tablaoflamencogranada.com\/de\/wp-json\/wp\/v2\/posts\/14751","targetHints":{"allow":["GET"]}}],"collection":[{"href":"https:\/\/tablaoflamencogranada.com\/de\/wp-json\/wp\/v2\/posts"}],"about":[{"href":"https:\/\/tablaoflamencogranada.com\/de\/wp-json\/wp\/v2\/types\/post"}],"author":[{"embeddable":true,"href":"https:\/\/tablaoflamencogranada.com\/de\/wp-json\/wp\/v2\/users\/1"}],"replies":[{"embeddable":true,"href":"https:\/\/tablaoflamencogranada.com\/de\/wp-json\/wp\/v2\/comments?post=14751"}],"version-history":[{"count":1,"href":"https:\/\/tablaoflamencogranada.com\/de\/wp-json\/wp\/v2\/posts\/14751\/revisions"}],"predecessor-version":[{"id":14821,"href":"https:\/\/tablaoflamencogranada.com\/de\/wp-json\/wp\/v2\/posts\/14751\/revisions\/14821"}],"wp:featuredmedia":[{"embeddable":true,"href":"https:\/\/tablaoflamencogranada.com\/de\/wp-json\/wp\/v2\/media\/13909"}],"wp:attachment":[{"href":"https:\/\/tablaoflamencogranada.com\/de\/wp-json\/wp\/v2\/media?parent=14751"}],"wp:term":[{"taxonomy":"category","embeddable":true,"href":"https:\/\/tablaoflamencogranada.com\/de\/wp-json\/wp\/v2\/categories?post=14751"},{"taxonomy":"post_tag","embeddable":true,"href":"https:\/\/tablaoflamencogranada.com\/de\/wp-json\/wp\/v2\/tags?post=14751"}],"curies":[{"name":"wp","href":"https:\/\/api.w.org\/{rel}","templated":true}]}}