{"id":14772,"date":"2025-10-24T12:43:23","date_gmt":"2025-10-24T11:43:23","guid":{"rendered":"https:\/\/tablaoflamencogranada.com\/granada-verwandelt-sich-in-diesem-herbst-in-eine-stadt-des-flamenco-und-der-kultur"},"modified":"2025-10-27T16:03:02","modified_gmt":"2025-10-27T15:03:02","slug":"granada-verwandelt-sich-in-diesem-herbst-in-eine-stadt-des-flamenco-und-der-kultur","status":"publish","type":"post","link":"https:\/\/tablaoflamencogranada.com\/de\/granada-verwandelt-sich-in-diesem-herbst-in-eine-stadt-des-flamenco-und-der-kultur","title":{"rendered":"Granada verwandelt sich in diesem Herbst in eine Stadt des Flamenco und der Kultur."},"content":{"rendered":"<p>Die Stadt Granada organisiert sich, um einen au\u00dfergew\u00f6hnlichen Herbst zu genie\u00dfen, in dem Tradition, kulturelle Innovation und die Kunst des Flamenco zusammenkommen, um sie als eine herausragende Figur der lebendigen Kultur in Spanien und Andalusien zu etablieren.<\/p>\n<h2>Ein klares Bekenntnis zum Flamenco<\/h2>\n<p>Der Flamenco steht im Mittelpunkt des Kulturprogramms von Granada in diesem Jahr und wird mit Entschlossenheit angegangen. Ein Teil dieser Initiative konkretisiert sich im <strong>Programm Granada es Flamenco 365<\/strong>, das bereits als Vorbote des Hauptereignisses, der <a title=\"Flamenco-Veranstaltungen Granada\" href=\"https:\/\/bienalgranada.com\/\" target=\"_blank\" rel=\"noopener\">Bienal de Flamenco Granada 2025<\/a>, umgesetzt wurde. <\/p>\n<p>Das st\u00e4dtische Programm Patrimonio Flamenco, das die Teilnahme von mehr als hundert lokalen K\u00fcnstlern und zw\u00f6lf Auff\u00fchrungen umfasst, findet ebenfalls in den Monaten Oktober, November und Dezember statt.<\/p>\n<h2>Was beinhaltet das Programm?<\/h2>\n<ul>\n<li>Die erste <strong>Coral Flamenca de Granada<\/strong> wird am 16. November im Auditorio Manuel de Falla ihre Urauff\u00fchrung erleben, zeitgleich mit der Feier des 15. Jahrestages der Erkl\u00e4rung des Flamenco zum immateriellen Kulturerbe der Menschheit.<\/li>\n<li>Workshops, Auff\u00fchrungen und Treffen zur k\u00fcnstlerischen Reflexion in verschiedenen Orten der Provinz (z. B. C\u00fallar Vega, Beas de Granada, C\u00e1jar und D\u00edlar).<\/li>\n<li>Multidisziplin\u00e4re Perspektive: Die Universit\u00e4t von Granada hat \u00fcber ihren Lehrstuhl f\u00fcr Flamenco mit uns zusammengearbeitet, um Zeitgen\u00f6ssisches und Tradition zu verbinden.<\/li>\n<li>Einzigartige Orte: Der Flamenco wird sich nach au\u00dfen ausdehnen und Pl\u00e4tze, Aussichtspunkte und Viertel mit historischem Wert wie das Albaic\u00edn und das Sacromonte erreichen, um Teil des urbanen und patrimonialen Landschaftsbildes der Stadt zu werden.<\/li>\n<\/ul>\n<h2>Warum wurde Granada ausgew\u00e4hlt?<\/h2>\n<p>Granada m\u00f6chte in diesem Herbst nicht nur den Flamenco genie\u00dfen, sondern auch sein Image als <strong>erstklassiges kulturelles Ziel<\/strong> festigen.<\/p>\n<p>Die Stadt bietet eine Vielzahl von Festivals, Theater, Musik und darstellenden K\u00fcnsten, die ihr Image als &#8222;Stadt der K\u00fcnste und der Musik&#8220; festigen.<\/p>\n<p>Und das Wichtigste: Das Programm ist in den Horizont ihrer Kandidatur f\u00fcr den Titel der Kulturhauptstadt Europas im Jahr 2031 eingebettet.<\/p>\n<p>Auf diese Weise werden sowohl der Flamenco als auch die Kultur auch als Entwicklungsimpuls in Bezug auf Identit\u00e4t und Tourismus dargestellt.<\/p>\n<p><img fetchpriority=\"high\" decoding=\"async\" class=\"size-full wp-image-14511 aligncenter\" src=\"https:\/\/tablaoflamencogranada.com\/wp-content\/uploads\/2025\/10\/eventos-flamenco-granada.avif\" alt=\"Flamenco-Veranstaltungen Granada November\" width=\"1200\" height=\"750\" srcset=\"https:\/\/tablaoflamencogranada.com\/wp-content\/uploads\/2025\/10\/eventos-flamenco-granada.avif 1200w, https:\/\/tablaoflamencogranada.com\/wp-content\/uploads\/2025\/10\/eventos-flamenco-granada-300x188.avif 300w, https:\/\/tablaoflamencogranada.com\/wp-content\/uploads\/2025\/10\/eventos-flamenco-granada-1024x640.avif 1024w, https:\/\/tablaoflamencogranada.com\/wp-content\/uploads\/2025\/10\/eventos-flamenco-granada-768x480.avif 768w\" sizes=\"(max-width: 1200px) 100vw, 1200px\" \/><\/p>\n<h2>F\u00fcr wen ist das? Wo und wann soll man hingehen? <\/h2>\n<p>F\u00fcr Flamenco-Liebhaber: sowohl f\u00fcr diejenigen, die traditionelle Musik und Tanz genie\u00dfen, als auch f\u00fcr diejenigen, die zeitgen\u00f6ssische Auff\u00fchrungen und neue Fusionen suchen.<\/p>\n<p>F\u00fcr diejenigen, die <strong>Granada besuchen<\/strong> und etwas anderes in Bezug auf Kultur erleben m\u00f6chten: Workshops, Konzerte im Freien, Auff\u00fchrungen an historischen Orten und Treffen mit K\u00fcnstlern.<\/p>\n<p>Die wichtigsten Zeitr\u00e4ume sind von Oktober bis Dezember, mit einer besonderen Intensit\u00e4t an den Wochenenden f\u00fcr die Zyklen &#8222;Patrimonio Flamenco&#8220;.<\/p>\n<h2>Tipps, um es in vollen Z\u00fcgen zu genie\u00dfen<\/h2>\n<ul>\n<li data-start=\"3147\" data-end=\"3260\"><strong>Buchen Sie Tickets im Voraus<\/strong> f\u00fcr die Top-Shows (z. B. die Premiere der Coral Flamenca).<\/li>\n<li data-start=\"3263\" data-end=\"3413\">W\u00e4hlen Sie R\u00e4ume nicht nur die <strong>traditionellen Touristenzentren<\/strong>: Erkunden Sie Viertel wie Sacromonte oder Albaic\u00edn, wo der Flamenco tiefe Wurzeln hat.<\/li>\n<li data-start=\"3416\" data-end=\"3546\">Kombinieren Sie <strong>Kultur mit Tourismus<\/strong>: Besuchen Sie auch die Alhambra, die Aussichtspunkte, Tapas und schlendern Sie durch die Stra\u00dfen; sp\u00fcren Sie, wie die Stadt die Kunst lebt.<\/li>\n<li data-start=\"3549\" data-end=\"3702\">Achten Sie auf den Kalender der <strong>Workshops und parallelen Aktivit\u00e4ten<\/strong>: Viele Angebote sind kostenlos oder haben eine begrenzte Kapazit\u00e4t, was es erm\u00f6glicht, sie wie ein Einheimischer zu erleben.<\/li>\n<\/ul>\n<h2>Granada: ein Herbst zum Leben, F\u00fchlen und Erinnern<\/h2>\n<p data-start=\"3623\" data-end=\"3915\">In diesem Herbst l\u00e4dt <a href=\"https:\/\/tablaoflamencogranada.com\/de\/was-man-in-granada-sehen-und-unternehmen-kann-unverzichtbare-aktivitaeten-fuer-ihre-reise\" title=\"Was man in Granada machen kann\">Granada<\/a> dazu ein, sich vom Duende mitrei\u00dfen zu lassen. Die Stra\u00dfen sind voller Kompass, Gitarren und Stimmen, die Geschichten aus alten Zeiten erz\u00e4hlen. Die Kombination aus dem monumentalen Umfeld, der Herzlichkeit der Menschen und dem k\u00fcnstlerischen Reichtum macht die Stadt zu einer einzigartigen B\u00fchne.  <\/p>\n<p data-start=\"3917\" data-end=\"4202\">Wer Granada in diesen Monaten besucht, wird nicht nur an einer kulturellen Veranstaltung teilnehmen, sondern Teil einer sensorischen und emotionalen Erfahrung werden, die die andalusische Essenz in ihrer h\u00f6chsten Form feiert. Ein Herbst, der verspricht, sich in das Ged\u00e4chtnis all derer einzupr\u00e4gen, die ihn erleben. <\/p>\n","protected":false},"excerpt":{"rendered":"<p>Granada bereitet sich auf einen Herbst voller Kunst und Tradition mit einem dem Flamenco gewidmeten Programm vor. Mit dem Programm Granada es Flamenco 365 und dem Vorlauf zur Bienal de Flamenco 2025 wird die Stadt zu einem kulturellen Bezugspunkt mit Auff\u00fchrungen, Workshops und Aktivit\u00e4ten. <\/p>\n","protected":false},"author":1,"featured_media":14506,"comment_status":"closed","ping_status":"closed","sticky":false,"template":"","format":"standard","meta":{"footnotes":""},"categories":[110],"tags":[],"class_list":["post-14772","post","type-post","status-publish","format-standard","has-post-thumbnail","hentry","category-flamenco-de"],"_links":{"self":[{"href":"https:\/\/tablaoflamencogranada.com\/de\/wp-json\/wp\/v2\/posts\/14772","targetHints":{"allow":["GET"]}}],"collection":[{"href":"https:\/\/tablaoflamencogranada.com\/de\/wp-json\/wp\/v2\/posts"}],"about":[{"href":"https:\/\/tablaoflamencogranada.com\/de\/wp-json\/wp\/v2\/types\/post"}],"author":[{"embeddable":true,"href":"https:\/\/tablaoflamencogranada.com\/de\/wp-json\/wp\/v2\/users\/1"}],"replies":[{"embeddable":true,"href":"https:\/\/tablaoflamencogranada.com\/de\/wp-json\/wp\/v2\/comments?post=14772"}],"version-history":[{"count":1,"href":"https:\/\/tablaoflamencogranada.com\/de\/wp-json\/wp\/v2\/posts\/14772\/revisions"}],"predecessor-version":[{"id":14845,"href":"https:\/\/tablaoflamencogranada.com\/de\/wp-json\/wp\/v2\/posts\/14772\/revisions\/14845"}],"wp:featuredmedia":[{"embeddable":true,"href":"https:\/\/tablaoflamencogranada.com\/de\/wp-json\/wp\/v2\/media\/14506"}],"wp:attachment":[{"href":"https:\/\/tablaoflamencogranada.com\/de\/wp-json\/wp\/v2\/media?parent=14772"}],"wp:term":[{"taxonomy":"category","embeddable":true,"href":"https:\/\/tablaoflamencogranada.com\/de\/wp-json\/wp\/v2\/categories?post=14772"},{"taxonomy":"post_tag","embeddable":true,"href":"https:\/\/tablaoflamencogranada.com\/de\/wp-json\/wp\/v2\/tags?post=14772"}],"curies":[{"name":"wp","href":"https:\/\/api.w.org\/{rel}","templated":true}]}}