{"id":14791,"date":"2025-08-02T14:53:02","date_gmt":"2025-08-02T13:53:02","guid":{"rendered":"https:\/\/tablaoflamencogranada.com\/flamenco-hoehlen-des-sacromonte-ein-kultureller-schatz"},"modified":"2025-10-29T11:44:51","modified_gmt":"2025-10-29T10:44:51","slug":"flamenco-hoehlen-des-sacromonte-ein-kultureller-schatz","status":"publish","type":"post","link":"https:\/\/tablaoflamencogranada.com\/de\/flamenco-hoehlen-des-sacromonte-ein-kultureller-schatz","title":{"rendered":"Flamenco-H\u00f6hlen des Sacromonte \u2013 Ein kultureller Schatz"},"content":{"rendered":"<p>Granada ist eine andalusische Stadt, die in ihren Stra\u00dfen des Sacromonte Flamenco verstr\u00f6mt.<\/p>\n<p>In diesem emblematischen Viertel der Stadt befinden sich die bekannten <strong>Flamenco-H\u00f6hlen des Sacromonte<\/strong>, die fast international ber\u00fchmt sind. Ein Gro\u00dfteil der Touristen, die die Stadt besuchen, tauchen neben dem Besuch der Alhambra in die Stra\u00dfen des Sacromonte ein und sehen in ihren H\u00f6hlen ein authentisches Flamenco-Spektakel. <\/p>\n<p>Diese H\u00f6hlen bieten nicht nur einzigartige <strong>Flamenco-Shows<\/strong> in einer einzigartigen Umgebung, sondern tragen auch dazu bei, die Geschichte der Zigeunerkultur lebendig zu erhalten, und sind ein idealer Treffpunkt f\u00fcr alle Menschen der Welt, die diesen einzigartigen kulturellen Ausdruck genie\u00dfen m\u00f6chten.<\/p>\n<p><!--more--><\/p>\n<h2>Der Ursprung der Flamenco-H\u00f6hlen von Granada<\/h2>\n<p>Der Sacromonte ist ein Stadtteil von Granada, genauer gesagt auf dem <strong>Valpara\u00edso-H\u00fcgel<\/strong>, gegen\u00fcber dem Albaic\u00edn und ganz in der N\u00e4he des Flussbettes des Darro.<\/p>\n<figure id=\"attachment_12303\" aria-describedby=\"caption-attachment-12303\" style=\"width: 1024px\" class=\"wp-caption aligncenter\"><img fetchpriority=\"high\" decoding=\"async\" class=\"wp-image-12303 size-large\" src=\"https:\/\/tablaoflamencogranada.com\/wp-content\/uploads\/2025\/08\/sacromonte-4-1024x1024.jpg\" alt=\"{%ALT_TEXT%}\" width=\"1024\" height=\"1024\" srcset=\"https:\/\/tablaoflamencogranada.com\/wp-content\/uploads\/2025\/08\/sacromonte-4-1024x1024.jpg 1024w, https:\/\/tablaoflamencogranada.com\/wp-content\/uploads\/2025\/08\/sacromonte-4-300x300.jpg 300w, https:\/\/tablaoflamencogranada.com\/wp-content\/uploads\/2025\/08\/sacromonte-4-150x150.jpg 150w, https:\/\/tablaoflamencogranada.com\/wp-content\/uploads\/2025\/08\/sacromonte-4-768x768.jpg 768w, https:\/\/tablaoflamencogranada.com\/wp-content\/uploads\/2025\/08\/sacromonte-4.jpg 1080w\" sizes=\"(max-width: 1024px) 100vw, 1024px\" \/><figcaption id=\"caption-attachment-12303\" class=\"wp-caption-text\">{%CAPTION%}<\/figcaption><\/figure>\n<p>Um seine Beziehung zum Flamenco zu verstehen, m\u00fcssen wir bis in die <strong>Zeit von Al-\u00c1ndalus<\/strong> zur\u00fcckgehen, als das Gebiet ein Randgebiet des Stadtkerns von Granada war.<\/p>\n<p>Zu dieser Zeit wurden die H\u00f6hlen bereits als nat\u00fcrliche Zufluchtsorte in den Bergen genutzt, als Lager oder als vor\u00fcbergehende Unterk\u00fcnfte.<\/p>\n<p>Die wahre Transformation des Sacromonte beginnt jedoch <strong>Ende des 15. Jahrhunderts<\/strong>, als die Juden 1492 und sp\u00e4ter die Muslime 1502 vertrieben wurden.<\/p>\n<p>Damals begann eine Reihe von <strong>religi\u00f6sen Verfolgungen<\/strong>, die viele Menschen zwangen, das Stadtzentrum zu verlassen und in Randgebiete zu ziehen. Zu diesem Exodus gesellten sich die Zigeuner, die von Osteuropa und Indien auf die Halbinsel kamen. <\/p>\n<p>Diese vertriebenen Siedlungen machten die H\u00e4nge des Sacromonte zu einem idealen Ort, um <strong>ihre H\u00e4user zu bilden<\/strong>, da sie nicht nur recht versteckt waren, sondern auch einen Zufluchtsort boten, der ihnen Schutz bot, sondern auch eine gute <strong>W\u00e4rmed\u00e4mmung<\/strong>, weshalb die Temperatur in ihnen im Sommer k\u00fchl und im Winter warm war.<\/p>\n<h2>Die H\u00f6hlen: mehr als H\u00e4user, R\u00e4ume der Kultur<\/h2>\n<p>Die H\u00f6hlen des Sacromonte dienten nicht nur als Wohnraum f\u00fcr diese Zigeunerv\u00f6lker, sondern verwandelten sich auch in die perfekte <strong>Szene<\/strong> f\u00fcr die <strong>Mischung verschiedener Kulturen<\/strong> und die Entstehung neuer Formen des k\u00fcnstlerischen Ausdrucks.<\/p>\n<figure id=\"attachment_12311\" aria-describedby=\"caption-attachment-12311\" style=\"width: 1080px\" class=\"wp-caption alignnone\"><img decoding=\"async\" class=\"wp-image-12311 size-full\" src=\"https:\/\/tablaoflamencogranada.com\/wp-content\/uploads\/2025\/08\/sacromonte-2.jpg\" alt=\"{%ALT_TEXT%}\" width=\"1080\" height=\"1080\" srcset=\"https:\/\/tablaoflamencogranada.com\/wp-content\/uploads\/2025\/08\/sacromonte-2.jpg 1080w, https:\/\/tablaoflamencogranada.com\/wp-content\/uploads\/2025\/08\/sacromonte-2-300x300.jpg 300w, https:\/\/tablaoflamencogranada.com\/wp-content\/uploads\/2025\/08\/sacromonte-2-1024x1024.jpg 1024w, https:\/\/tablaoflamencogranada.com\/wp-content\/uploads\/2025\/08\/sacromonte-2-150x150.jpg 150w, https:\/\/tablaoflamencogranada.com\/wp-content\/uploads\/2025\/08\/sacromonte-2-768x768.jpg 768w\" sizes=\"(max-width: 1080px) 100vw, 1080px\" \/><figcaption id=\"caption-attachment-12311\" class=\"wp-caption-text\">{%CAPTION%}<\/figcaption><\/figure>\n<p>In diesen H\u00f6hlen vermischte sich die Kunst von <strong>Andalusiern, Juden, Christen und Zigeunern.<\/strong><\/p>\n<p>Jede H\u00f6hle wurde \u00e4hnlich geplant, sie hatten einen bogenf\u00f6rmigen Eingang, einen Gemeinschaftsbereich, der das w\u00e4re, was wir heute als &#8222;Wohnzimmer&#8220; kennen, und die in den Fels gehauenen Zimmer, die als Schlafzimmer dienten.<\/p>\n<p>Viele dieser H\u00e4user sind noch erhalten und bewohnt, w\u00e4hrend andere in <strong>Museen, Flamenco-Tablaos oder Kulturr\u00e4ume umgewandelt wurden.<\/strong><\/p>\n<h2>Flamenco und Zigeunerkultur: Essenz des Sacromonte<\/h2>\n<p data-start=\"2636\" data-end=\"2921\">Im Laufe der Jahre haben die <strong data-start=\"2663\" data-end=\"2680\">Zigeuner<\/strong> im Sacromonte einen kulturellen Fu\u00dfabdruck hinterlassen. Ihre besondere Art, das Leben, die Musik und ihre Feste zu leben, verschmolzen mit der Umgebung des Viertels. Die Wurzeln des einzigartigen Flamenco wurden gelegt: intimer, emotionaler und instinktiver.  <\/p>\n<p data-start=\"2923\" data-end=\"3295\">Die bekannten <strong data-start=\"2926\" data-end=\"2953\">&#8222;Zambras&#8220; des Sacromonte<\/strong> sind die Zigeunerversion der Feste, die die Morisken auf ihren Hochzeiten feierten, weshalb sie eine Ikone der kulturellen Verschmelzung der Familien sind. Sie sind nicht nur Shows, die darauf abzielen, Touristen anzulocken, sondern eine M\u00f6glichkeit, ihre Kultur zu vermitteln und lebendig zu erhalten. <\/p>\n<p data-start=\"3297\" data-end=\"3521\">Neben dem Flamenco wird die Zigeunerkultur auch in anderen Aspekten vermittelt, wie zum Beispiel in den <strong>traditionellen Gerichten<\/strong>, in der <strong data-start=\"3399\" data-end=\"3416\">so farbenfrohen Flamenco-Mode<\/strong>, sogar in Festen der Stadt wie zum Beispiel dem <strong data-start=\"3451\" data-end=\"3469\">D\u00eda de la Cruz<\/strong> oder der <strong data-start=\"3475\" data-end=\"3501\">Wallfahrt von San Cecilio<\/strong>, dem Schutzpatron des Viertels.<\/p>\n<figure id=\"attachment_12343\" aria-describedby=\"caption-attachment-12343\" style=\"width: 1080px\" class=\"wp-caption alignnone\"><img decoding=\"async\" class=\"wp-image-12343 size-full\" src=\"https:\/\/tablaoflamencogranada.com\/wp-content\/uploads\/2025\/08\/sacromonte-3.jpg\" alt=\"{%ALT_TEXT%}\" width=\"1080\" height=\"1080\" srcset=\"https:\/\/tablaoflamencogranada.com\/wp-content\/uploads\/2025\/08\/sacromonte-3.jpg 1080w, https:\/\/tablaoflamencogranada.com\/wp-content\/uploads\/2025\/08\/sacromonte-3-300x300.jpg 300w, https:\/\/tablaoflamencogranada.com\/wp-content\/uploads\/2025\/08\/sacromonte-3-1024x1024.jpg 1024w, https:\/\/tablaoflamencogranada.com\/wp-content\/uploads\/2025\/08\/sacromonte-3-150x150.jpg 150w, https:\/\/tablaoflamencogranada.com\/wp-content\/uploads\/2025\/08\/sacromonte-3-768x768.jpg 768w\" sizes=\"(max-width: 1080px) 100vw, 1080px\" \/><figcaption id=\"caption-attachment-12343\" class=\"wp-caption-text\">{%CAPTION%}<\/figcaption><\/figure>\n<h2>Entwicklung des Viertels: zwischen Ausgrenzung und Anerkennung<\/h2>\n<p>W\u00e4hrend eines Gro\u00dfteils seiner Geschichte wurde der Sacromonte als ein Viertel f\u00fcr <strong>soziale Randgruppen bezeichnet.<\/strong><\/p>\n<p>Das Leben in den H\u00f6hlen war recht hart, und die meisten hatten keine Grundversorgung.<\/p>\n<p>Im Laufe des <strong>20. Jahrhunderts<\/strong> begann dieses Randgebiet mehr Sichtbarkeit zu erlangen, da es begann, Besuche von Menschen anzuziehen, denen diese besondere Art des Tanzens und Singens des Zigeunervolkes, der Flamenco, gefiel.<\/p>\n<p>Der Aufschwung des Tourismus in Granada in den <strong>60er und 70er Jahren<\/strong> brachte ein erneutes Interesse am Sacromonte und seinen Traditionen mit sich. Flamenco-Tablaos, gef\u00fchrte Routen und ethnografische Museen begannen aufzubl\u00fchen und zogen Besucher aus aller Welt an. <\/p>\n<p>Heute steht das Viertel vor der Herausforderung, die touristische Entwicklung mit der Bewahrung seiner Essenz in Einklang zu bringen. Das Risiko der Gentrifizierung und des Verlusts der kulturellen Identit\u00e4t sind st\u00e4ndige Herausforderungen f\u00fcr die Familien, die noch in den H\u00f6hlen leben. <\/p>\n<h2>Die Essenz des Viertels lebendig erhalten<\/h2>\n<figure id=\"attachment_12357\" aria-describedby=\"caption-attachment-12357\" style=\"width: 1080px\" class=\"wp-caption alignnone\"><img loading=\"lazy\" decoding=\"async\" class=\"wp-image-12357 size-full\" src=\"https:\/\/tablaoflamencogranada.com\/wp-content\/uploads\/2025\/08\/sacromonte-5.jpg\" alt=\"Flamenco-H\u00f6hle des Sacromonte\" width=\"1080\" height=\"1080\" srcset=\"https:\/\/tablaoflamencogranada.com\/wp-content\/uploads\/2025\/08\/sacromonte-5.jpg 1080w, https:\/\/tablaoflamencogranada.com\/wp-content\/uploads\/2025\/08\/sacromonte-5-300x300.jpg 300w, https:\/\/tablaoflamencogranada.com\/wp-content\/uploads\/2025\/08\/sacromonte-5-1024x1024.jpg 1024w, https:\/\/tablaoflamencogranada.com\/wp-content\/uploads\/2025\/08\/sacromonte-5-150x150.jpg 150w, https:\/\/tablaoflamencogranada.com\/wp-content\/uploads\/2025\/08\/sacromonte-5-768x768.jpg 768w\" sizes=\"(max-width: 1080px) 100vw, 1080px\" \/><figcaption id=\"caption-attachment-12357\" class=\"wp-caption-text\">Show in der Flamenco-H\u00f6hle Los Amaya<\/figcaption><\/figure>\n<p>Den Sacromonte zu bewahren, bedeutet auch, die <strong>Geschichte und Identit\u00e4t dieses Volkes zu sch\u00fctzen.<\/strong> <\/p>\n<p>Es wurde in die Verbesserung der Infrastruktur des Gebiets investiert, um diese nat\u00fcrliche Enklave zu sch\u00fctzen und die K\u00fcnstler und Nachbarn zu unterst\u00fctzen, die die Traditionen lebendig erhalten.<\/p>\n<p>Auf diese Weise wird nicht nur die Geschichte eines widerstandsf\u00e4higen Volkes, die angestammte Kunst des Flamenco und ein Viertel, das die Ikone schlechthin f\u00fcr ein einzigartiges kulturelles Zusammenleben zwischen Randgruppen ist, lebendig erhalten.<\/p>\n<p>&nbsp;<\/p>\n","protected":false},"excerpt":{"rendered":"<p>Die Flamenco-H\u00f6hlen Sacromonte, die in den H\u00fcgel von Valpara\u00edso gegraben wurden, entstanden als Zufluchtsort f\u00fcr marginalisierte V\u00f6lker und verwandelten sich in R\u00e4ume des Lebens, der Kunst und des Flamenco. Heute sind sie weiterhin ein Symbol f\u00fcr die kulturelle Identit\u00e4t der Zigeuner und das Herz der Flamenco-Seele von Granada. <\/p>\n","protected":false},"author":1,"featured_media":12321,"comment_status":"closed","ping_status":"closed","sticky":false,"template":"","format":"standard","meta":{"footnotes":""},"categories":[110,127],"tags":[],"class_list":["post-14791","post","type-post","status-publish","format-standard","has-post-thumbnail","hentry","category-flamenco-de","category-geschichte-granadas"],"_links":{"self":[{"href":"https:\/\/tablaoflamencogranada.com\/de\/wp-json\/wp\/v2\/posts\/14791","targetHints":{"allow":["GET"]}}],"collection":[{"href":"https:\/\/tablaoflamencogranada.com\/de\/wp-json\/wp\/v2\/posts"}],"about":[{"href":"https:\/\/tablaoflamencogranada.com\/de\/wp-json\/wp\/v2\/types\/post"}],"author":[{"embeddable":true,"href":"https:\/\/tablaoflamencogranada.com\/de\/wp-json\/wp\/v2\/users\/1"}],"replies":[{"embeddable":true,"href":"https:\/\/tablaoflamencogranada.com\/de\/wp-json\/wp\/v2\/comments?post=14791"}],"version-history":[{"count":1,"href":"https:\/\/tablaoflamencogranada.com\/de\/wp-json\/wp\/v2\/posts\/14791\/revisions"}],"predecessor-version":[{"id":14833,"href":"https:\/\/tablaoflamencogranada.com\/de\/wp-json\/wp\/v2\/posts\/14791\/revisions\/14833"}],"wp:featuredmedia":[{"embeddable":true,"href":"https:\/\/tablaoflamencogranada.com\/de\/wp-json\/wp\/v2\/media\/12321"}],"wp:attachment":[{"href":"https:\/\/tablaoflamencogranada.com\/de\/wp-json\/wp\/v2\/media?parent=14791"}],"wp:term":[{"taxonomy":"category","embeddable":true,"href":"https:\/\/tablaoflamencogranada.com\/de\/wp-json\/wp\/v2\/categories?post=14791"},{"taxonomy":"post_tag","embeddable":true,"href":"https:\/\/tablaoflamencogranada.com\/de\/wp-json\/wp\/v2\/tags?post=14791"}],"curies":[{"name":"wp","href":"https:\/\/api.w.org\/{rel}","templated":true}]}}