{"id":14757,"date":"2025-08-29T12:44:40","date_gmt":"2025-08-29T11:44:40","guid":{"rendered":"https:\/\/tablaoflamencogranada.com\/instruments-du-flamenco"},"modified":"2025-10-29T14:30:59","modified_gmt":"2025-10-29T13:30:59","slug":"instruments-du-flamenco","status":"publish","type":"post","link":"https:\/\/tablaoflamencogranada.com\/fr\/instruments-du-flamenco","title":{"rendered":"Instruments du flamenco"},"content":{"rendered":"<p>Le flamenco est un art tr\u00e8s \u00e9mouvant qui a \u00e9t\u00e9 d\u00e9clar\u00e9 il y a quelques ann\u00e9es par l&rsquo;UNESCO comme patrimoine immat\u00e9riel de l&rsquo;humanit\u00e9.<\/p>\n<p>Il poss\u00e8de de nombreux \u00e9l\u00e9ments qui le rendent sp\u00e9cial, notamment les <strong>instruments<\/strong>. Les instruments du flamenco lui apportent <g id=\"gid_1\">cette force unique<\/g> et cette couleur de rythme cruciale pour son expression distinctive. Il ne fait aucun doute que le cante flamenco est l&rsquo;\u00e2me et l&rsquo;origine, mais les instruments, comme la guitare flamenca, sont essentiels \u00e0 l&rsquo;<strong>harmonie et au support rythmique<\/strong>.  <\/p>\n<p>Aujourd&rsquo;hui, nous parlons en profondeur des <strong>instruments du flamenco<\/strong>, quels sont les plus utilis\u00e9s, comment ils sont g\u00e9n\u00e9ralement utilis\u00e9s et pourquoi ils sont si sp\u00e9ciaux.<\/p>\n<p><!--more--><\/p>\n<h2>La guitare flamenca&nbsp;: le c\u0153ur m\u00e9lodique<\/h2>\n<p>L&rsquo;un des instruments distinctifs du flamenco est la <strong>guitare flamenca<\/strong>, une version de la guitare espagnole.<\/p>\n<figure id=\"attachment_14022\" aria-describedby=\"caption-attachment-14022\" style=\"width: 800px\" class=\"wp-caption aligncenter\"><img fetchpriority=\"high\" decoding=\"async\" class=\"wp-image-14022\" src=\"https:\/\/tablaoflamencogranada.com\/wp-content\/uploads\/2025\/09\/guitarra-flamenca.avif\" alt=\"Instrument de flamenco guitare\" width=\"800\" height=\"800\" srcset=\"https:\/\/tablaoflamencogranada.com\/wp-content\/uploads\/2025\/09\/guitarra-flamenca.avif 1200w, https:\/\/tablaoflamencogranada.com\/wp-content\/uploads\/2025\/09\/guitarra-flamenca-300x300.avif 300w, https:\/\/tablaoflamencogranada.com\/wp-content\/uploads\/2025\/09\/guitarra-flamenca-1024x1024.avif 1024w, https:\/\/tablaoflamencogranada.com\/wp-content\/uploads\/2025\/09\/guitarra-flamenca-150x150.avif 150w, https:\/\/tablaoflamencogranada.com\/wp-content\/uploads\/2025\/09\/guitarra-flamenca-768x768.avif 768w\" sizes=\"(max-width: 800px) 100vw, 800px\" \/><figcaption id=\"caption-attachment-14022\" class=\"wp-caption-text\">Guitare flamenca<\/figcaption><\/figure>\n<p>En fait, elle s&rsquo;en diff\u00e9rencie par le fait que la flamenca <strong>est un peu plus l\u00e9g\u00e8re<\/strong> et qu&rsquo;elle est g\u00e9n\u00e9ralement fabriqu\u00e9e dans des bois qui ont un <strong>son brillant et percutant<\/strong>. Certains des bois utilis\u00e9s sont l&rsquo;\u00e9pic\u00e9a allemand, le c\u00e8dre rouge canadien, le cypr\u00e8s espagnol ou l&rsquo;\u00e9rable. <\/p>\n<ul>\n<li><strong>Fonction<\/strong>&nbsp;: La guitare est celle qui marque l&rsquo;harmonie, dialogue avec le cante et apporte un soutien \u00e0 la danse.<\/li>\n<li><b class=\"ng-star-inserted\" data-start-index=\"1288\">Style&nbsp;:<\/b><span class=\"ng-star-inserted\" data-start-index=\"1295\"> Ses rasgueados, alzap\u00faas et golpes sont essentiels pour marquer le rythme.<\/span><\/li>\n<li><b class=\"ng-star-inserted\" data-start-index=\"1364\">Artistes reconnus&nbsp;:<\/b><span class=\"ng-star-inserted\" data-start-index=\"1384\"> Parmi les guitaristes flamencos les plus c\u00e9l\u00e8bres, nous pourrions citer <\/span><b class=\"ng-star-inserted\" data-start-index=\"1406\">Paco de Luc\u00eda, Tomatito et Vicente Amigo<\/b><span class=\"ng-star-inserted\" data-start-index=\"1445\"> qui ont port\u00e9 leur touche au sommet de l&rsquo;art.<\/span><\/li>\n<\/ul>\n<h2>Le caj\u00f3n flamenco&nbsp;: le pouls de la terre<\/h2>\n<p>Fait curieux, le caj\u00f3n n&rsquo;est pas un instrument originaire d&rsquo;Espagne, mais il vient du <strong>P\u00e9rou<\/strong>.<\/p>\n<p>En fait, il a commenc\u00e9 \u00e0 \u00eatre int\u00e9gr\u00e9 au flamenco dans les ann\u00e9es&nbsp;70, gr\u00e2ce \u00e0 Paco de Luc\u00eda, et depuis lors, cet instrument est li\u00e9 \u00e0 cet art.<\/p>\n<figure id=\"attachment_14038\" aria-describedby=\"caption-attachment-14038\" style=\"width: 800px\" class=\"wp-caption aligncenter\"><img decoding=\"async\" class=\"wp-image-14038 size-large\" src=\"https:\/\/tablaoflamencogranada.com\/wp-content\/uploads\/2025\/09\/cajon-flamenco-1024x1024.avif\" alt=\"Caj\u00f3n flamenco \" width=\"800\" height=\"800\" srcset=\"https:\/\/tablaoflamencogranada.com\/wp-content\/uploads\/2025\/09\/cajon-flamenco-1024x1024.avif 1024w, https:\/\/tablaoflamencogranada.com\/wp-content\/uploads\/2025\/09\/cajon-flamenco-300x300.avif 300w, https:\/\/tablaoflamencogranada.com\/wp-content\/uploads\/2025\/09\/cajon-flamenco-150x150.avif 150w, https:\/\/tablaoflamencogranada.com\/wp-content\/uploads\/2025\/09\/cajon-flamenco-768x768.avif 768w, https:\/\/tablaoflamencogranada.com\/wp-content\/uploads\/2025\/09\/cajon-flamenco.avif 1200w\" sizes=\"(max-width: 800px) 100vw, 800px\" \/><figcaption id=\"caption-attachment-14038\" class=\"wp-caption-text\">Instrument de flamenco Caj\u00f3n<\/figcaption><\/figure>\n<ul>\n<li><strong>Fonction&nbsp;:<\/strong> Le caj\u00f3n flamenco donne du rythme et des percussions graves \u00e0 la chanson, marquant les buler\u00edas, les alegr\u00edas ou les tangos avec plus de force.<\/li>\n<li><strong>Particularit\u00e9&nbsp;:<\/strong> On en joue assis dessus, en frappant avec les mains et en m\u00e9langeant les sons aigus et graves.<\/li>\n<\/ul>\n<p>Actuellement, on ne con\u00e7oit pas un groupe flamenco moderne sans le caj\u00f3n <span class=\"ng-star-inserted\" data-start-index=\"2097\">comme base rythmique.<\/span><\/p>\n<h2>Les castagnettes&nbsp;: touche de tradition et d&rsquo;\u00e9l\u00e9gance<\/h2>\n<p><span class=\"ng-star-inserted\" data-start-index=\"2157\">Les castagnettes ne sont pas un instrument que l&rsquo;on retrouve dans tous les palos du flamenco, mais on peut aussi dire que c&rsquo;est un instrument symbolique de cet art. Elles sont tr\u00e8s utilis\u00e9es dans la <\/span><span class=\"ng-star-inserted\" data-start-index=\"2223\"> <\/span><b class=\"ng-star-inserted\" data-start-index=\"2245\">danse flamenca la plus stylis\u00e9e.<\/b><\/p>\n<figure id=\"attachment_14030\" aria-describedby=\"caption-attachment-14030\" style=\"width: 800px\" class=\"wp-caption aligncenter\"><img decoding=\"async\" class=\"wp-image-14030 size-large\" src=\"https:\/\/tablaoflamencogranada.com\/wp-content\/uploads\/2025\/09\/castanuelas-1024x1024.jpg\" alt=\"instrument de flamenco castagnette\" width=\"800\" height=\"800\" srcset=\"https:\/\/tablaoflamencogranada.com\/wp-content\/uploads\/2025\/09\/castanuelas-1024x1024.jpg 1024w, https:\/\/tablaoflamencogranada.com\/wp-content\/uploads\/2025\/09\/castanuelas-300x300.jpg 300w, https:\/\/tablaoflamencogranada.com\/wp-content\/uploads\/2025\/09\/castanuelas-150x150.jpg 150w, https:\/\/tablaoflamencogranada.com\/wp-content\/uploads\/2025\/09\/castanuelas-768x768.jpg 768w, https:\/\/tablaoflamencogranada.com\/wp-content\/uploads\/2025\/09\/castanuelas.jpg 1200w\" sizes=\"(max-width: 800px) 100vw, 800px\" \/><figcaption id=\"caption-attachment-14030\" class=\"wp-caption-text\">Castagnettes<\/figcaption><\/figure>\n<ul>\n<li><strong>Fonction&nbsp;:<\/strong> Cet instrument accompagne le mouvement des mains et des bras des bailaores, apportant un son rythmique et sec.<\/li>\n<li><strong>Histoire&nbsp;:<\/strong> Son utilisation est employ\u00e9e depuis des si\u00e8cles dans les danses populaires ib\u00e9riques, faisant \u00e9galement partie de l&rsquo;ADN du flamenco.<\/li>\n<\/ul>\n<p><span class=\"ng-star-inserted\" data-start-index=\"2498\">Le son des castagnettes apporte <\/span><b class=\"ng-star-inserted\" data-start-index=\"2514\">du dramatisme et de la pr\u00e9cision \u00e0 la danse<\/b><span class=\"ng-star-inserted\" data-start-index=\"2545\">, en particulier dans les sevillanas et les boleras.<\/span><\/p>\n<h2>Les palmas&nbsp;: l&rsquo;instrument humain<\/h2>\n<p>Bien qu&rsquo;on ne puisse pas le consid\u00e9rer comme un instrument mat\u00e9riel, il ne fait aucun doute que les palmas flamencas sont une ic\u00f4ne pour apporter la m\u00e9lodie. C&rsquo;est l&rsquo;instrument le plus pur, le corps lui-m\u00eame. <\/p>\n<figure id=\"attachment_14046\" aria-describedby=\"caption-attachment-14046\" style=\"width: 800px\" class=\"wp-caption aligncenter\"><img loading=\"lazy\" decoding=\"async\" class=\"wp-image-14046 size-large\" src=\"https:\/\/tablaoflamencogranada.com\/wp-content\/uploads\/2025\/09\/palmas-flamencas-1024x1024.jpg\" alt=\"Palmadas flamencas\" width=\"800\" height=\"800\" srcset=\"https:\/\/tablaoflamencogranada.com\/wp-content\/uploads\/2025\/09\/palmas-flamencas-1024x1024.jpg 1024w, https:\/\/tablaoflamencogranada.com\/wp-content\/uploads\/2025\/09\/palmas-flamencas-300x300.jpg 300w, https:\/\/tablaoflamencogranada.com\/wp-content\/uploads\/2025\/09\/palmas-flamencas-150x150.jpg 150w, https:\/\/tablaoflamencogranada.com\/wp-content\/uploads\/2025\/09\/palmas-flamencas-768x768.jpg 768w, https:\/\/tablaoflamencogranada.com\/wp-content\/uploads\/2025\/09\/palmas-flamencas.jpg 1200w\" sizes=\"(max-width: 800px) 100vw, 800px\" \/><figcaption id=\"caption-attachment-14046\" class=\"wp-caption-text\">Palmas flamencas<\/figcaption><\/figure>\n<ul>\n<li><strong>Fonction<\/strong>&nbsp;: Elles sont tr\u00e8s importantes pour marquer le rythme et accompagner le cante et la danse.<\/li>\n<li><strong>Types&nbsp;:<\/strong> Il en existe plusieurs types, il y a les palmas sordas (douces et \u00e9touff\u00e9es) et les palmas claras (plus sonores et brillantes).<\/li>\n<li><strong>Valeur culturelle&nbsp;:<\/strong> En plus de marquer le rythme, elles apportent l&rsquo;\u00e9nergie collective des artistes.<\/li>\n<\/ul>\n<p>Dans un spectacle, les palmas sont aussi essentielles que la guitare, car elles maintiennent la tension et l&rsquo;\u00e9motion dans chaque palo flamenco.<\/p>\n<h2>Voix flamenca&nbsp;: l&rsquo;instrument original et l&rsquo;\u00e2me de l&rsquo;art<\/h2>\n<figure id=\"attachment_14054\" aria-describedby=\"caption-attachment-14054\" style=\"width: 800px\" class=\"wp-caption aligncenter\"><img loading=\"lazy\" decoding=\"async\" class=\"wp-image-14054 size-large\" src=\"https:\/\/tablaoflamencogranada.com\/wp-content\/uploads\/2025\/09\/cante-flamenco-1024x1024.jpg\" alt=\"Chanteur de flamenco\" width=\"800\" height=\"800\" srcset=\"https:\/\/tablaoflamencogranada.com\/wp-content\/uploads\/2025\/09\/cante-flamenco-1024x1024.jpg 1024w, https:\/\/tablaoflamencogranada.com\/wp-content\/uploads\/2025\/09\/cante-flamenco-300x300.jpg 300w, https:\/\/tablaoflamencogranada.com\/wp-content\/uploads\/2025\/09\/cante-flamenco-150x150.jpg 150w, https:\/\/tablaoflamencogranada.com\/wp-content\/uploads\/2025\/09\/cante-flamenco-768x768.jpg 768w, https:\/\/tablaoflamencogranada.com\/wp-content\/uploads\/2025\/09\/cante-flamenco.jpg 1200w\" sizes=\"(max-width: 800px) 100vw, 800px\" \/><figcaption id=\"caption-attachment-14054\" class=\"wp-caption-text\">Canto flamenco<\/figcaption><\/figure>\n<p>Le cante flamenco est l&rsquo;origine de tout, au-del\u00e0 de toute corde ou percussion.<\/p>\n<p>C&rsquo;est peut-\u00eatre l&rsquo;instrument le plus important, avant les guitares et les cajones, il existait la voix bris\u00e9e et profonde qui racontait les peines, les joies et les exp\u00e9riences.<\/p>\n<ul>\n<li><strong>Fonction&nbsp;:<\/strong> C&rsquo;est le guide qui montre le chemin au reste des instruments.<\/li>\n<li><strong>Caract\u00e9ristiques&nbsp;:<\/strong> On remarque le quej\u00edo, les m\u00e9lismes et une force expressive in\u00e9galable.<\/li>\n<li><strong>Artistes remarquables&nbsp;:<\/strong> Des noms comme Camar\u00f3n de la Isla, La Ni\u00f1a de los Peines et Enrique Morente sont l&rsquo;incarnation de cet art.<\/li>\n<\/ul>\n<p>Le cante n&rsquo;est pas seulement un instrument&nbsp;; c&rsquo;est l&rsquo;\u00e2me m\u00eame du flamenco.<\/p>\n<h2><strong>Autres instruments du flamenco<\/strong><\/h2>\n<p>Actuellement, il existe de nombreux instruments qui ont \u00e9t\u00e9 int\u00e9gr\u00e9s au flamenco car c&rsquo;est un art vivant qui \u00e9volue.<\/p>\n<p>Le flamenco a fusionn\u00e9 avec d&rsquo;autres styles musicaux, et certains instruments utilis\u00e9s sont le <strong>violon ou la fl\u00fbte, la basse \u00e9lectrique, ou la cajita ou le djemb\u00e9.<\/strong> <\/p>\n<p>Chaque instrument flamenco (la guitare, le caj\u00f3n, les palmas, les castagnettes et la voix) a son r\u00f4le dans le spectacle. En savoir un peu plus sur eux, c&rsquo;est conna\u00eetre un peu plus l&rsquo;essence de l&rsquo;Andalousie et un patrimoine culturel qui continue d&rsquo;\u00e9voluer sans perdre sa racine. <\/p>\n","protected":false},"excerpt":{"rendered":"<p>Les instruments flamencos sont l&rsquo;\u00e2me de cet art andalou. De la guitare flamenca, c\u0153ur m\u00e9lodique, au caj\u00f3n, aux palmas, aux castagnettes et \u00e0 la voix, chacun apporte rythme, \u00e9motion et tradition. D\u00e9couvrez leur histoire, leur r\u00f4le dans le rythme et comment ils donnent vie ensemble au flamenco dans les pe\u00f1as, les tablaos et les grandes sc\u00e8nes.  <\/p>\n","protected":false},"author":1,"featured_media":14002,"comment_status":"closed","ping_status":"closed","sticky":false,"template":"","format":"standard","meta":{"footnotes":""},"categories":[111],"tags":[],"class_list":["post-14757","post","type-post","status-publish","format-standard","has-post-thumbnail","hentry","category-flamenco-fr"],"_links":{"self":[{"href":"https:\/\/tablaoflamencogranada.com\/fr\/wp-json\/wp\/v2\/posts\/14757","targetHints":{"allow":["GET"]}}],"collection":[{"href":"https:\/\/tablaoflamencogranada.com\/fr\/wp-json\/wp\/v2\/posts"}],"about":[{"href":"https:\/\/tablaoflamencogranada.com\/fr\/wp-json\/wp\/v2\/types\/post"}],"author":[{"embeddable":true,"href":"https:\/\/tablaoflamencogranada.com\/fr\/wp-json\/wp\/v2\/users\/1"}],"replies":[{"embeddable":true,"href":"https:\/\/tablaoflamencogranada.com\/fr\/wp-json\/wp\/v2\/comments?post=14757"}],"version-history":[{"count":1,"href":"https:\/\/tablaoflamencogranada.com\/fr\/wp-json\/wp\/v2\/posts\/14757\/revisions"}],"predecessor-version":[{"id":14796,"href":"https:\/\/tablaoflamencogranada.com\/fr\/wp-json\/wp\/v2\/posts\/14757\/revisions\/14796"}],"wp:featuredmedia":[{"embeddable":true,"href":"https:\/\/tablaoflamencogranada.com\/fr\/wp-json\/wp\/v2\/media\/14002"}],"wp:attachment":[{"href":"https:\/\/tablaoflamencogranada.com\/fr\/wp-json\/wp\/v2\/media?parent=14757"}],"wp:term":[{"taxonomy":"category","embeddable":true,"href":"https:\/\/tablaoflamencogranada.com\/fr\/wp-json\/wp\/v2\/categories?post=14757"},{"taxonomy":"post_tag","embeddable":true,"href":"https:\/\/tablaoflamencogranada.com\/fr\/wp-json\/wp\/v2\/tags?post=14757"}],"curies":[{"name":"wp","href":"https:\/\/api.w.org\/{rel}","templated":true}]}}