{"id":14764,"date":"2025-09-23T12:02:57","date_gmt":"2025-09-23T11:02:57","guid":{"rendered":"https:\/\/tablaoflamencogranada.com\/que-voir-et-que-faire-a-grenade-activites-incontournables-pour-votre-voyage"},"modified":"2025-10-27T13:43:25","modified_gmt":"2025-10-27T12:43:25","slug":"que-voir-et-que-faire-a-grenade-activites-incontournables-pour-votre-voyage","status":"publish","type":"post","link":"https:\/\/tablaoflamencogranada.com\/fr\/que-voir-et-que-faire-a-grenade-activites-incontournables-pour-votre-voyage","title":{"rendered":"Que voir et que faire \u00e0 Grenade &#8211; Activit\u00e9s incontournables pour votre voyage"},"content":{"rendered":"<p>Grenade est une ville \u00e0 visiter au moins une fois dans sa vie. C&rsquo;est l&rsquo;un de ces endroits qui restent grav\u00e9s dans la m\u00e9moire. <\/p>\n<p>C&rsquo;est une ville que vous pouvez visiter en 4 ou 5 jours, et qui <strong>a un peu de tout<\/strong>, <strong>histoire, art, gastronomie, beaut\u00e9&#8230;<\/strong> et une <strong>ambiance unique<\/strong>. Si vous pr\u00e9voyez de visiter cette merveilleuse ville, voici une liste de ce que nous consid\u00e9rons comme les coins les plus typiques, les plus grands et les plus embl\u00e9matiques. <\/p>\n<p><strong data-start=\"390\" data-end=\"439\">Voici notre liste des 10 choses \u00e0 faire \u00e0 Grenade<\/strong>, indispensables pour en profiter au maximum.<\/p>\n<h2>Monuments et ensembles historiques incontournables<\/h2>\n<h3>L&rsquo;Alhambra et le Generalife<\/h3>\n<p><img fetchpriority=\"high\" decoding=\"async\" class=\"size-full wp-image-14335 aligncenter\" src=\"https:\/\/tablaoflamencogranada.com\/wp-content\/uploads\/2025\/09\/1-1.jpg\" alt=\"que voir \u00e0 Grenade - l'Alhambra\" width=\"1200\" height=\"700\" srcset=\"https:\/\/tablaoflamencogranada.com\/wp-content\/uploads\/2025\/09\/1-1.jpg 1200w, https:\/\/tablaoflamencogranada.com\/wp-content\/uploads\/2025\/09\/1-1-300x175.jpg 300w, https:\/\/tablaoflamencogranada.com\/wp-content\/uploads\/2025\/09\/1-1-1024x597.jpg 1024w, https:\/\/tablaoflamencogranada.com\/wp-content\/uploads\/2025\/09\/1-1-768x448.jpg 768w\" sizes=\"(max-width: 1200px) 100vw, 1200px\" \/><\/p>\n<p>Bien s\u00fbr, si vous venez \u00e0 Grenade, vous devez visiter l&rsquo;Alhambra, consid\u00e9r\u00e9e comme l&rsquo;un des plus beaux monuments d&rsquo;Espagne.<br \/>\n En r\u00e9sum\u00e9, l&rsquo;Alhambra est une ancienne ville palatiale et une forteresse o\u00f9 vivaient les rois nasrides entre les <strong>XIIe et XVe si\u00e8cles<\/strong>. Elle est compos\u00e9e de :<\/p>\n<ul>\n<li><strong>L&rsquo;Alcazaba :<\/strong> La ville militaire fortifi\u00e9e.<\/li>\n<li><strong>Les Palais Nasrides :<\/strong> Les \u00e9l\u00e9gantes pi\u00e8ces palatiales. Les horaires de visite sont attribu\u00e9s et il est essentiel de r\u00e9server les billets tr\u00e8s \u00e0 l&rsquo;avance. <\/li>\n<li><strong>Les jardins du Generalife :<\/strong> Un lieu pour se reposer et profiter.<\/li>\n<li><strong>Patios :<\/strong> Le Patio de los Leones est le plus beau et le plus c\u00e9l\u00e8bre.<\/li>\n<\/ul>\n<p><strong>Conseil cl\u00e9 :<\/strong> R\u00e9servez vos billets pour l&rsquo;Alhambra en ligne \u00e0 l&rsquo;avance afin d&rsquo;\u00e9viter de perdre du temps dans la file d&rsquo;attente ou le manque de disponibilit\u00e9. S&rsquo;il n&rsquo;y a pas de billets disponibles pour les Palais Nasrides, vous pouvez opter pour une visite guid\u00e9e. <\/p>\n<h3>La Cath\u00e9drale de Grenade et la Chapelle Royale<\/h3>\n<p><img decoding=\"async\" class=\"size-full wp-image-14343 aligncenter\" src=\"https:\/\/tablaoflamencogranada.com\/wp-content\/uploads\/2025\/09\/2-2.jpg\" alt=\"Visiter la cath\u00e9drale de Grenade\" width=\"1200\" height=\"700\" srcset=\"https:\/\/tablaoflamencogranada.com\/wp-content\/uploads\/2025\/09\/2-2.jpg 1200w, https:\/\/tablaoflamencogranada.com\/wp-content\/uploads\/2025\/09\/2-2-300x175.jpg 300w, https:\/\/tablaoflamencogranada.com\/wp-content\/uploads\/2025\/09\/2-2-1024x597.jpg 1024w, https:\/\/tablaoflamencogranada.com\/wp-content\/uploads\/2025\/09\/2-2-768x448.jpg 768w\" sizes=\"(max-width: 1200px) 100vw, 1200px\" \/><\/p>\n<p>Un autre des monuments que vous devez visiter si vous venez \u00e0 Grenade est la cath\u00e9drale, dont le nom complet est <strong>Santa y Apost\u00f3lica Iglesia Catedral Metropolitana Bas\u00edlica de la Encarnaci\u00f3n de Granada<\/strong>, elle est de style Renaissance et baroque.<\/p>\n<p>C&rsquo;est un monument essentiel dans le centre historique.<\/p>\n<ul>\n<li><strong>Chapelle Royale :<\/strong> C&rsquo;est l&rsquo;un des monuments les plus importants, c&rsquo;est l\u00e0 o\u00f9 Isabelle Ire de Castille et Ferdinand II d&rsquo;Aragon (les Rois Catholiques) ont d\u00e9cid\u00e9 d&rsquo;\u00eatre enterr\u00e9s.<\/li>\n<li><strong>Co\u00fbt :<\/strong> L&rsquo;entr\u00e9e \u00e0 la cath\u00e9drale co\u00fbte 6 \u20ac.<\/li>\n<\/ul>\n<h3>La Madraza<\/h3>\n<p><img decoding=\"async\" class=\"size-full wp-image-14351 aligncenter\" src=\"https:\/\/tablaoflamencogranada.com\/wp-content\/uploads\/2025\/09\/3.avif\" alt=\"que faire \u00e0 Grenade - la Madraza\" width=\"1200\" height=\"700\" srcset=\"https:\/\/tablaoflamencogranada.com\/wp-content\/uploads\/2025\/09\/3.avif 1200w, https:\/\/tablaoflamencogranada.com\/wp-content\/uploads\/2025\/09\/3-300x175.avif 300w, https:\/\/tablaoflamencogranada.com\/wp-content\/uploads\/2025\/09\/3-1024x597.avif 1024w, https:\/\/tablaoflamencogranada.com\/wp-content\/uploads\/2025\/09\/3-768x448.avif 768w\" sizes=\"(max-width: 1200px) 100vw, 1200px\" \/><\/p>\n<p>Situ\u00e9e en face de la Chapelle Royale, la Madraza (qui fut la premi\u00e8re universit\u00e9 islamique) est un tr\u00e9sor qui refl\u00e8te l&rsquo;h\u00e9ritage musulman.<\/p>\n<p>Elle a \u00e9t\u00e9 fond\u00e9e en 1349 par le sultan Yusuf Ier et on y enseignait l&rsquo;astronomie, les math\u00e9matiques et la litt\u00e9rature, et on consid\u00e8re qu&rsquo;elle a abrit\u00e9 <strong>la premi\u00e8re universit\u00e9 publique d&rsquo;al-\u00c1ndalus.<\/strong> \u00c0 l&rsquo;int\u00e9rieur se trouve l&rsquo;un des oratoires nasrides les mieux conserv\u00e9s de la ville.<\/p>\n<h3>Corral del Carb\u00f3n<\/h3>\n<p><img loading=\"lazy\" decoding=\"async\" class=\"size-full wp-image-14359 aligncenter\" src=\"https:\/\/tablaoflamencogranada.com\/wp-content\/uploads\/2025\/09\/4-2.jpg\" alt=\"Que visiter \u00e0 Grenade - Corral del Carb\u00f3n\" width=\"1200\" height=\"700\" srcset=\"https:\/\/tablaoflamencogranada.com\/wp-content\/uploads\/2025\/09\/4-2.jpg 1200w, https:\/\/tablaoflamencogranada.com\/wp-content\/uploads\/2025\/09\/4-2-300x175.jpg 300w, https:\/\/tablaoflamencogranada.com\/wp-content\/uploads\/2025\/09\/4-2-1024x597.jpg 1024w, https:\/\/tablaoflamencogranada.com\/wp-content\/uploads\/2025\/09\/4-2-768x448.jpg 768w\" sizes=\"(max-width: 1200px) 100vw, 1200px\" \/><\/p>\n<p>Il s&rsquo;agit d&rsquo;une alh\u00f3ndiga (b\u00e2timent public qui abritait les commer\u00e7ants et leurs produits) du XIVe si\u00e8cle. C&rsquo;est la seule alh\u00f3ndiga arabe qui subsiste dans la p\u00e9ninsule ib\u00e9rique. Comme caract\u00e9ristique la plus particuli\u00e8re, nous soulignons sa fa\u00e7ade avec un magnifique arc andalou.  <\/p>\n<h3>Palais Dar-al-Horra<\/h3>\n<p><img loading=\"lazy\" decoding=\"async\" class=\"wp-image-14375 size-full aligncenter\" src=\"https:\/\/tablaoflamencogranada.com\/wp-content\/uploads\/2025\/09\/5-1-1.jpg\" alt=\"Palais Dal Al-Horra \" width=\"1200\" height=\"700\" srcset=\"https:\/\/tablaoflamencogranada.com\/wp-content\/uploads\/2025\/09\/5-1-1.jpg 1200w, https:\/\/tablaoflamencogranada.com\/wp-content\/uploads\/2025\/09\/5-1-1-300x175.jpg 300w, https:\/\/tablaoflamencogranada.com\/wp-content\/uploads\/2025\/09\/5-1-1-1024x597.jpg 1024w, https:\/\/tablaoflamencogranada.com\/wp-content\/uploads\/2025\/09\/5-1-1-768x448.jpg 768w\" sizes=\"(max-width: 1200px) 100vw, 1200px\" \/><\/p>\n<p>Il s&rsquo;agit d&rsquo;un palais de style nasride, situ\u00e9 dans le Haut Albaic\u00edn. Il fut la r\u00e9sidence du fondateur de la dynastie nasride. C&rsquo;est un Bien d&rsquo;Int\u00e9r\u00eat Culturel en raison de son architecture.  <\/p>\n<h3>Monast\u00e8re de la Chartreuse<\/h3>\n<p><img loading=\"lazy\" decoding=\"async\" class=\"size-full wp-image-14383 aligncenter\" src=\"https:\/\/tablaoflamencogranada.com\/wp-content\/uploads\/2025\/09\/6-1.jpg\" alt=\"Que faire \u00e0 Grenade - Monast\u00e8re de la Chartreuse\" width=\"1200\" height=\"700\" srcset=\"https:\/\/tablaoflamencogranada.com\/wp-content\/uploads\/2025\/09\/6-1.jpg 1200w, https:\/\/tablaoflamencogranada.com\/wp-content\/uploads\/2025\/09\/6-1-300x175.jpg 300w, https:\/\/tablaoflamencogranada.com\/wp-content\/uploads\/2025\/09\/6-1-1024x597.jpg 1024w, https:\/\/tablaoflamencogranada.com\/wp-content\/uploads\/2025\/09\/6-1-768x448.jpg 768w\" sizes=\"(max-width: 1200px) 100vw, 1200px\" \/><\/p>\n<p>Il s&rsquo;agit d&rsquo;un monument qui repr\u00e9sente l&rsquo;art de la Renaissance espagnole et dont les origines remontent au XVIe si\u00e8cle.<\/p>\n<p>Dans ce monast\u00e8re fut enterr\u00e9 Gonzalo Fern\u00e1ndez de C\u00f3rdoba, connu sous le nom de Grand Capitaine.<\/p>\n<h2>Visites de quartiers et de rues charg\u00e9es d&rsquo;histoire<\/h2>\n<h3>Albaic\u00edn<\/h3>\n<p><img loading=\"lazy\" decoding=\"async\" class=\"size-full wp-image-14392 aligncenter\" src=\"https:\/\/tablaoflamencogranada.com\/wp-content\/uploads\/2025\/09\/7-2.avif\" alt=\"que faire \u00e0 Grenade - Promenade dans l'Albaic\u00edn\" width=\"1200\" height=\"700\" srcset=\"https:\/\/tablaoflamencogranada.com\/wp-content\/uploads\/2025\/09\/7-2.avif 1200w, https:\/\/tablaoflamencogranada.com\/wp-content\/uploads\/2025\/09\/7-2-300x175.avif 300w, https:\/\/tablaoflamencogranada.com\/wp-content\/uploads\/2025\/09\/7-2-1024x597.avif 1024w, https:\/\/tablaoflamencogranada.com\/wp-content\/uploads\/2025\/09\/7-2-768x448.avif 768w\" sizes=\"(max-width: 1200px) 100vw, 1200px\" \/><\/p>\n<p>Si vous venez \u00e0 Grenade, vous ne pouvez pas manquer une promenade dans l&rsquo;Albaic\u00edn, un ancien quartier arabe mythique de la ville.<\/p>\n<ul>\n<li><strong>Caract\u00e9ristiques :<\/strong> Il a des rues \u00e9troites, escarp\u00e9es et pav\u00e9es, des maisons blanches parsem\u00e9es de bougainvilliers. Pour en profiter, il faut fl\u00e2ner et se perdre dans ce quartier. <\/li>\n<li><strong>Mirador de San Nicol\u00e1s :<\/strong> C&rsquo;est un point culminant du quartier et d&rsquo;o\u00f9 l&rsquo;on profite des meilleures vues sur l&rsquo;Alhambra.<\/li>\n<\/ul>\n<h3>Sacromonte<\/h3>\n<p><img loading=\"lazy\" decoding=\"async\" class=\"size-full wp-image-14400 aligncenter\" src=\"https:\/\/tablaoflamencogranada.com\/wp-content\/uploads\/2025\/09\/8.avif\" alt=\"Que faire \u00e0 Grenade - Sacromonte\" width=\"1200\" height=\"700\" srcset=\"https:\/\/tablaoflamencogranada.com\/wp-content\/uploads\/2025\/09\/8.avif 1200w, https:\/\/tablaoflamencogranada.com\/wp-content\/uploads\/2025\/09\/8-300x175.avif 300w, https:\/\/tablaoflamencogranada.com\/wp-content\/uploads\/2025\/09\/8-1024x597.avif 1024w, https:\/\/tablaoflamencogranada.com\/wp-content\/uploads\/2025\/09\/8-768x448.avif 768w\" sizes=\"(max-width: 1200px) 100vw, 1200px\" \/><\/p>\n<p>Un autre quartier qui se trouve \u00e0 c\u00f4t\u00e9 de l&rsquo;Albaic\u00edn et que vous devez visiter est le Sacromonte, c\u00e9l\u00e8bre pour ses maisons-grottes.<\/p>\n<p>Ses grottes \u00e9taient les logements des gitans qui accompagnaient les Rois Catholiques.<\/p>\n<ul>\n<li><strong>Flamenco :<\/strong> Il est connu pour ses spectacles de flamenco, appel\u00e9s zambras, qui ont lieu dans ses grottes.<\/li>\n<li><strong>Visites :<\/strong> Si vous voulez en savoir un peu plus sur l&rsquo;histoire et les grottes, il est fortement conseill\u00e9 de visiter le Mus\u00e9e des Grottes du Sacromonte (5 \u20ac).<\/li>\n<\/ul>\n<h3>Le Realejo<\/h3>\n<p><img loading=\"lazy\" decoding=\"async\" class=\"size-full wp-image-14408 aligncenter\" src=\"https:\/\/tablaoflamencogranada.com\/wp-content\/uploads\/2025\/09\/9.avif\" alt=\"Promenade dans le quartier du Realejo\" width=\"1200\" height=\"700\" srcset=\"https:\/\/tablaoflamencogranada.com\/wp-content\/uploads\/2025\/09\/9.avif 1200w, https:\/\/tablaoflamencogranada.com\/wp-content\/uploads\/2025\/09\/9-300x175.avif 300w, https:\/\/tablaoflamencogranada.com\/wp-content\/uploads\/2025\/09\/9-1024x597.avif 1024w, https:\/\/tablaoflamencogranada.com\/wp-content\/uploads\/2025\/09\/9-768x448.avif 768w\" sizes=\"(max-width: 1200px) 100vw, 1200px\" \/><\/p>\n<p>Un autre des quartiers c\u00e9l\u00e8bres de la ville, qui est en plein centre, est le Realejo, qui se trouve au pied de l&rsquo;Alhambra et qui est l&rsquo;une des <strong>zones les plus authentiques de la ville<\/strong>. <\/p>\n<p>Il est n\u00e9 \u00e0 l&rsquo;\u00e9poque musulmane sous le nom de <em>\u00ab Garnata al-Yahud \u00bb<\/em> (foyer ou Grenade des Juifs).<\/p>\n<p>Il a une riche histoire et un h\u00e9ritage culturel.<\/p>\n<p>Dans le quartier du Realejo, nous vous conseillons de voir :<\/p>\n<ul>\n<li>Campo del Pr\u00edncipe.<\/li>\n<li>\u00c9glise de la Vierge des Angustias.<\/li>\n<li>\u00c9glise de San Cecilio (saint patron de Grenade).<\/li>\n<\/ul>\n<h3>Rue des Teter\u00edas (Rue Calderer\u00eda Nueva)<\/h3>\n<p><img loading=\"lazy\" decoding=\"async\" class=\"size-full wp-image-14416 aligncenter\" src=\"https:\/\/tablaoflamencogranada.com\/wp-content\/uploads\/2025\/09\/10.avif\" alt=\"que faire \u00e0 Grenade - Visiter les salons de th\u00e9\" width=\"1200\" height=\"700\" srcset=\"https:\/\/tablaoflamencogranada.com\/wp-content\/uploads\/2025\/09\/10.avif 1200w, https:\/\/tablaoflamencogranada.com\/wp-content\/uploads\/2025\/09\/10-300x175.avif 300w, https:\/\/tablaoflamencogranada.com\/wp-content\/uploads\/2025\/09\/10-1024x597.avif 1024w, https:\/\/tablaoflamencogranada.com\/wp-content\/uploads\/2025\/09\/10-768x448.avif 768w\" sizes=\"(max-width: 1200px) 100vw, 1200px\" \/><\/p>\n<p>L&rsquo;une des activit\u00e9s \u00e0 faire \u00e0 Grenade est de parcourir la rue connue sous le nom de \u00ab\u00a0rue des salons de th\u00e9\u00a0\u00bb, une ic\u00f4ne de la ville, situ\u00e9e au c\u0153ur de l&rsquo;Albaic\u00edn, et qui compte plusieurs salons de th\u00e9 de style arabe.<\/p>\n<p>Il est recommand\u00e9 de faire une pause pour prendre un th\u00e9 et d\u00e9guster de d\u00e9licieuses p\u00e2tisseries arabes ou une cr\u00eape. C&rsquo;est aussi un bon endroit pour acheter des souvenirs. <\/p>\n<h3>Centre historique et Carrera del Darro<\/h3>\n<p><img loading=\"lazy\" decoding=\"async\" class=\"size-full wp-image-14424 aligncenter\" src=\"https:\/\/tablaoflamencogranada.com\/wp-content\/uploads\/2025\/09\/11.avif\" alt=\"Que voir \u00e0 Grenade - Acera del Darro\" width=\"1200\" height=\"700\" srcset=\"https:\/\/tablaoflamencogranada.com\/wp-content\/uploads\/2025\/09\/11.avif 1200w, https:\/\/tablaoflamencogranada.com\/wp-content\/uploads\/2025\/09\/11-300x175.avif 300w, https:\/\/tablaoflamencogranada.com\/wp-content\/uploads\/2025\/09\/11-1024x597.avif 1024w, https:\/\/tablaoflamencogranada.com\/wp-content\/uploads\/2025\/09\/11-768x448.avif 768w\" sizes=\"(max-width: 1200px) 100vw, 1200px\" \/><\/p>\n<p>Il est indispensable de parcourir la vieille ville.<\/p>\n<ul>\n<li><strong>Parcours :<\/strong> Se promener dans la vieille ville comprend la visite de la cath\u00e9drale, la n\u00e9gociation dans le souk de l&rsquo;Alcaicer\u00eda et la visite de places telles que la Plaza Nueva et la Plaza de Rib-Rambla.<\/li>\n<li><strong>Carrera del Darro :<\/strong> Consid\u00e9r\u00e9e comme l&rsquo;une des plus belles rues de la ville. Elle compte des b\u00e2timents du XVIe si\u00e8cle, des couvents et des maisons arabes. <\/li>\n<li><strong>Alcaicer\u00eda :<\/strong> L&rsquo;ancien march\u00e9 de la soie \u00e0 l&rsquo;\u00e9poque arabe, un labyrinthe de rues parfait pour acqu\u00e9rir de l&rsquo;artisanat.<\/li>\n<li><strong>Paseo de los Tristes :<\/strong> Une avenue romantique avec des vues incroyables sur l&rsquo;Alhambra. Historiquement, au XIXe si\u00e8cle, c&rsquo;\u00e9tait la route des cort\u00e8ges fun\u00e8bres vers le cimeti\u00e8re de San Jos\u00e9. <\/li>\n<\/ul>\n<h2>Activit\u00e9s et exp\u00e9riences<\/h2>\n<h3>Aller manger des tapas ! Elles sont gratuites !<\/h3>\n<p><img loading=\"lazy\" decoding=\"async\" class=\"size-full wp-image-14432 aligncenter\" src=\"https:\/\/tablaoflamencogranada.com\/wp-content\/uploads\/2025\/09\/12.avif\" alt=\"Aller manger des tapas \u00e0 Grenade\" width=\"1200\" height=\"700\" srcset=\"https:\/\/tablaoflamencogranada.com\/wp-content\/uploads\/2025\/09\/12.avif 1200w, https:\/\/tablaoflamencogranada.com\/wp-content\/uploads\/2025\/09\/12-300x175.avif 300w, https:\/\/tablaoflamencogranada.com\/wp-content\/uploads\/2025\/09\/12-1024x597.avif 1024w, https:\/\/tablaoflamencogranada.com\/wp-content\/uploads\/2025\/09\/12-768x448.avif 768w\" sizes=\"(max-width: 1200px) 100vw, 1200px\" \/><\/p>\n<p>Une autre des activit\u00e9s \u00e0 faire \u00e0 Grenade est d&rsquo;aller manger des tapas, ce qui est tr\u00e8s typique de Grenade. La tradition permet de commander une boisson et de recevoir en \u00e9change une tapa g\u00e9n\u00e9reuse en cadeau. <\/p>\n<ul>\n<li>Dans les <strong>bars \u00e0 tapas de Grenade<\/strong>, vous trouverez presque toujours certains de ces plats d\u00e9licieux : jambon grill\u00e9, poisson frit, paella, salade russe, \u0153ufs brouill\u00e9s, croquettes, salmorejo et gaspacho (en \u00e9t\u00e9) et charcuteries.<\/li>\n<\/ul>\n<h3>Hammam Al \u00c1ndalus<\/h3>\n<p><img loading=\"lazy\" decoding=\"async\" class=\"size-full wp-image-14441 aligncenter\" src=\"https:\/\/tablaoflamencogranada.com\/wp-content\/uploads\/2025\/09\/13.avif\" alt=\"Plan \u00e0 Grenade - Bains arabes\" width=\"1200\" height=\"700\" srcset=\"https:\/\/tablaoflamencogranada.com\/wp-content\/uploads\/2025\/09\/13.avif 1200w, https:\/\/tablaoflamencogranada.com\/wp-content\/uploads\/2025\/09\/13-300x175.avif 300w, https:\/\/tablaoflamencogranada.com\/wp-content\/uploads\/2025\/09\/13-1024x597.avif 1024w, https:\/\/tablaoflamencogranada.com\/wp-content\/uploads\/2025\/09\/13-768x448.avif 768w\" sizes=\"(max-width: 1200px) 100vw, 1200px\" \/><\/p>\n<p>Pour terminer une journ\u00e9e d&rsquo;activit\u00e9s et se d\u00e9tendre, nous recommandons les bains arabes. Ils ont beaucoup de charme et vous transporteront \u00e0 l&rsquo;\u00e9poque de la splendeur d&rsquo;Al-\u00c1ndalus. <\/p>\n<p>Le parcours comprend des salles avec des piscines de diff\u00e9rentes temp\u00e9ratures, des salles de vapeur et des salles de massage.<\/p>\n<h3>Spectacle de flamenco<\/h3>\n<p><img loading=\"lazy\" decoding=\"async\" class=\"size-full wp-image-14449 aligncenter\" src=\"https:\/\/tablaoflamencogranada.com\/wp-content\/uploads\/2025\/09\/14.avif\" alt=\"que faire \u00e0 Grenade - voir un spectacle de flamenco\" width=\"1200\" height=\"700\" srcset=\"https:\/\/tablaoflamencogranada.com\/wp-content\/uploads\/2025\/09\/14.avif 1200w, https:\/\/tablaoflamencogranada.com\/wp-content\/uploads\/2025\/09\/14-300x175.avif 300w, https:\/\/tablaoflamencogranada.com\/wp-content\/uploads\/2025\/09\/14-1024x597.avif 1024w, https:\/\/tablaoflamencogranada.com\/wp-content\/uploads\/2025\/09\/14-768x448.avif 768w\" sizes=\"(max-width: 1200px) 100vw, 1200px\" \/><\/p>\n<p>Et bien s\u00fbr, l&rsquo;une des meilleures activit\u00e9s que vous pouvez faire est de visiter les tablaos flamencos de l&rsquo;Albaic\u00edn ou du Sacromonte et de voir les spectacles de zambras, qui font partie de l&rsquo;\u00e2me de Grenade.<\/p>\n<h3>Free Tours<\/h3>\n<p><img loading=\"lazy\" decoding=\"async\" class=\"size-full wp-image-14457 aligncenter\" src=\"https:\/\/tablaoflamencogranada.com\/wp-content\/uploads\/2025\/09\/15.avif\" alt=\"Visite gratuite de Grenade\" width=\"1200\" height=\"700\" srcset=\"https:\/\/tablaoflamencogranada.com\/wp-content\/uploads\/2025\/09\/15.avif 1200w, https:\/\/tablaoflamencogranada.com\/wp-content\/uploads\/2025\/09\/15-300x175.avif 300w, https:\/\/tablaoflamencogranada.com\/wp-content\/uploads\/2025\/09\/15-1024x597.avif 1024w, https:\/\/tablaoflamencogranada.com\/wp-content\/uploads\/2025\/09\/15-768x448.avif 768w\" sizes=\"(max-width: 1200px) 100vw, 1200px\" \/><\/p>\n<p>Il est conseill\u00e9 de rejoindre une free tour (visite gratuite) ou de faire un itin\u00e9raire priv\u00e9, surtout si c&rsquo;est la premi\u00e8re fois que vous visitez Grenade.<\/p>\n<p>Il existe des free tours id\u00e9ales pour d\u00e9couvrir l&rsquo;Albaic\u00edn, le centre historique, l&rsquo;Alhambra ou le quartier du Realejo avec un guide local.<\/p>\n<h2>Autres points d&rsquo;int\u00e9r\u00eat et excursions<\/h2>\n<h3>Parc des Sciences<\/h3>\n<p><img loading=\"lazy\" decoding=\"async\" class=\"size-full wp-image-14465 aligncenter\" src=\"https:\/\/tablaoflamencogranada.com\/wp-content\/uploads\/2025\/09\/16.avif\" alt=\"visiter le parc des sciences\" width=\"1200\" height=\"700\" srcset=\"https:\/\/tablaoflamencogranada.com\/wp-content\/uploads\/2025\/09\/16.avif 1200w, https:\/\/tablaoflamencogranada.com\/wp-content\/uploads\/2025\/09\/16-300x175.avif 300w, https:\/\/tablaoflamencogranada.com\/wp-content\/uploads\/2025\/09\/16-1024x597.avif 1024w, https:\/\/tablaoflamencogranada.com\/wp-content\/uploads\/2025\/09\/16-768x448.avif 768w\" sizes=\"(max-width: 1200px) 100vw, 1200px\" \/><\/p>\n<p>L&rsquo;une des activit\u00e9s \u00e0 faire \u00e0 Grenade, surtout si vous venez avec des enfants, est d&rsquo;aller au parc des sciences, un mus\u00e9e interactif. Il propose des expositions et des ateliers sur la physique, la chimie, la biologie, la g\u00e9ologie et la robotique, en soulignant la zone du Plan\u00e9tarium. <\/p>\n<h3>Excursions depuis Grenade<\/h3>\n<p><img loading=\"lazy\" decoding=\"async\" class=\"size-full wp-image-14473 aligncenter\" src=\"https:\/\/tablaoflamencogranada.com\/wp-content\/uploads\/2025\/09\/17.avif\" alt=\"Que faire \u00e0 Grenade - Sierra Nevada\" width=\"1200\" height=\"700\" srcset=\"https:\/\/tablaoflamencogranada.com\/wp-content\/uploads\/2025\/09\/17.avif 1200w, https:\/\/tablaoflamencogranada.com\/wp-content\/uploads\/2025\/09\/17-300x175.avif 300w, https:\/\/tablaoflamencogranada.com\/wp-content\/uploads\/2025\/09\/17-1024x597.avif 1024w, https:\/\/tablaoflamencogranada.com\/wp-content\/uploads\/2025\/09\/17-768x448.avif 768w\" sizes=\"(max-width: 1200px) 100vw, 1200px\" \/><\/p>\n<div class=\"paragraph normal ng-star-inserted\" data-start-index=\"6736\">Si en plus vous venez plus de jours, vous voulez d\u00e9couvrir quelque chose de diff\u00e9rent de la ville de Grenade, nous vous recommandons d&rsquo;explorer ses environs :<\/div>\n<ul>\n<li class=\"paragraph normal ng-star-inserted\" data-start-index=\"6736\"><strong>Sierra Nevada :<\/strong> Id\u00e9al si vous venez en hiver et que vous aimez skier.<\/li>\n<li class=\"paragraph normal ng-star-inserted\" data-start-index=\"6736\"><strong>L&rsquo;Alpujarra.<\/strong> Elle se caract\u00e9rise par le fait qu&rsquo;il s&rsquo;agit d&rsquo;une r\u00e9gion form\u00e9e par des <strong data-start=\"120\" data-end=\"157\">villages blancs d&rsquo;origine mauresque<\/strong>, des rues pav\u00e9es et des maisons aux toits plats. Entour\u00e9e de montagnes et de ravins, elle poss\u00e8de des paysages uniques, des sentiers naturels et une riche gastronomie traditionnelle. <\/li>\n<\/ul>\n<h3>Gastronomie locale (Que manger)<\/h3>\n<p><img loading=\"lazy\" decoding=\"async\" class=\"size-full wp-image-14481 aligncenter\" src=\"https:\/\/tablaoflamencogranada.com\/wp-content\/uploads\/2025\/09\/18.avif\" alt=\"Piononos de Grenade\" width=\"1200\" height=\"700\" srcset=\"https:\/\/tablaoflamencogranada.com\/wp-content\/uploads\/2025\/09\/18.avif 1200w, https:\/\/tablaoflamencogranada.com\/wp-content\/uploads\/2025\/09\/18-300x175.avif 300w, https:\/\/tablaoflamencogranada.com\/wp-content\/uploads\/2025\/09\/18-1024x597.avif 1024w, https:\/\/tablaoflamencogranada.com\/wp-content\/uploads\/2025\/09\/18-768x448.avif 768w\" sizes=\"(max-width: 1200px) 100vw, 1200px\" \/><\/p>\n<p>En plus des tapas, la gastronomie grenadine se distingue par son influence arabe. N&rsquo;h\u00e9sitez pas \u00e0 go\u00fbter quelques-uns des <a title=\"paltos tipicos de Granada\" href=\"https:\/\/tablaoflamencogranada.com\/fr\/cuisine-typique-de-grenade-a-gouter-absolument\">plats typiques de Grenade<\/a> : <\/p>\n<ul>\n<li><strong>Desserts :<\/strong> Piononos, dessert traditionnel fait avec une couche de g\u00e9noise et de cr\u00e8me. Nous soulignons \u00e9galement les soplillos de l&rsquo;Alpujarra, la cuajada de carnaval, les roscos de vino, les tortas de la virgen (en septembre), les huesos de Santo (disponibles lors de la f\u00eate de tous les Saints), les pesti\u00f1os et le lait frit (tr\u00e8s courants pendant la Semaine Sainte) et les tocinos de cielo. <\/li>\n<li><strong>Plats sal\u00e9s :<\/strong> Zalamandro\u00f1a (salade froide), migas de pan, olla de San Ant\u00f3n (tr\u00e8s courant au mois de janvier), habas con jam\u00f3n, plato Alpujarre\u00f1o, aubergines au miel, tortilla del Sacromonte, ou le remoj\u00f3n granadino.<\/li>\n<li><strong>Tapas :<\/strong> Bien qu&rsquo;ils ne soient pas consid\u00e9r\u00e9s comme des plats grenadins,<\/li>\n<\/ul>\n","protected":false},"excerpt":{"rendered":"<p>Grenade est une ville qui fusionne culture, histoire et vues panoramiques singuli\u00e8res. La ville offre des exp\u00e9riences inoubliables \u00e0 tout voyageur, de l&rsquo;imposante Alhambra et les vues panoramiques de l&rsquo;Albaic\u00edn \u00e0 la visite des villages blancs de La Alpujarra et les spectacles de flamenco \u00e0 Sacromonte. Pour profiter de Grenade au maximum, dans cet article, nous vous montrons dix activit\u00e9s et lieux incontournables que vous devez voir et faire.  <\/p>\n","protected":false},"author":1,"featured_media":14236,"comment_status":"closed","ping_status":"closed","sticky":false,"template":"","format":"standard","meta":{"footnotes":""},"categories":[123],"tags":[],"class_list":["post-14764","post","type-post","status-publish","format-standard","has-post-thumbnail","hentry","category-histoire-de-grenade"],"_links":{"self":[{"href":"https:\/\/tablaoflamencogranada.com\/fr\/wp-json\/wp\/v2\/posts\/14764","targetHints":{"allow":["GET"]}}],"collection":[{"href":"https:\/\/tablaoflamencogranada.com\/fr\/wp-json\/wp\/v2\/posts"}],"about":[{"href":"https:\/\/tablaoflamencogranada.com\/fr\/wp-json\/wp\/v2\/types\/post"}],"author":[{"embeddable":true,"href":"https:\/\/tablaoflamencogranada.com\/fr\/wp-json\/wp\/v2\/users\/1"}],"replies":[{"embeddable":true,"href":"https:\/\/tablaoflamencogranada.com\/fr\/wp-json\/wp\/v2\/comments?post=14764"}],"version-history":[{"count":1,"href":"https:\/\/tablaoflamencogranada.com\/fr\/wp-json\/wp\/v2\/posts\/14764\/revisions"}],"predecessor-version":[{"id":14786,"href":"https:\/\/tablaoflamencogranada.com\/fr\/wp-json\/wp\/v2\/posts\/14764\/revisions\/14786"}],"wp:featuredmedia":[{"embeddable":true,"href":"https:\/\/tablaoflamencogranada.com\/fr\/wp-json\/wp\/v2\/media\/14236"}],"wp:attachment":[{"href":"https:\/\/tablaoflamencogranada.com\/fr\/wp-json\/wp\/v2\/media?parent=14764"}],"wp:term":[{"taxonomy":"category","embeddable":true,"href":"https:\/\/tablaoflamencogranada.com\/fr\/wp-json\/wp\/v2\/categories?post=14764"},{"taxonomy":"post_tag","embeddable":true,"href":"https:\/\/tablaoflamencogranada.com\/fr\/wp-json\/wp\/v2\/tags?post=14764"}],"curies":[{"name":"wp","href":"https:\/\/api.w.org\/{rel}","templated":true}]}}