{"id":14771,"date":"2025-10-24T12:43:23","date_gmt":"2025-10-24T11:43:23","guid":{"rendered":"https:\/\/tablaoflamencogranada.com\/cet-automne-grenade-se-transforme-en-ville-du-flamenco-et-de-la-culture"},"modified":"2025-10-24T12:43:23","modified_gmt":"2025-10-24T11:43:23","slug":"cet-automne-grenade-se-transforme-en-ville-du-flamenco-et-de-la-culture","status":"publish","type":"post","link":"https:\/\/tablaoflamencogranada.com\/fr\/cet-automne-grenade-se-transforme-en-ville-du-flamenco-et-de-la-culture","title":{"rendered":"Cet automne, Grenade se transforme en ville du flamenco et de la culture"},"content":{"rendered":"<p>La ville de Grenade s&rsquo;organise pour profiter d&rsquo;un automne exceptionnel, o\u00f9 la tradition, l&rsquo;innovation culturelle et l&rsquo;art flamenco se rejoindront pour l&rsquo;\u00e9tablir comme une figure importante de la culture vivante en Espagne et en Andalousie.<\/p>\n<h2>Un engagement clair pour le flamenco<\/h2>\n<p>Le flamenco est le th\u00e8me central de la programmation culturelle de Grenade cette ann\u00e9e, et il est abord\u00e9 avec d\u00e9termination. Une partie de cette initiative se concr\u00e9tise dans le <strong>programme Granada es Flamenco 365<\/strong>, qui a d\u00e9j\u00e0 commenc\u00e9 \u00e0 \u00eatre mis en \u0153uvre en pr\u00e9lude \u00e0 l&rsquo;\u00e9v\u00e9nement principal, la <a title=\"\u00e9v\u00e9nements flamenco grenade\" href=\"https:\/\/bienalgranada.com\/\" target=\"_blank\" rel=\"noopener\">Biennale de Flamenco de Grenade 2025<\/a>. <\/p>\n<p>Le programme municipal Patrimonio Flamenco, qui comprend la participation de plus de cent artistes locaux et douze spectacles, se d\u00e9roule \u00e9galement tout au long des mois d&rsquo;octobre, novembre et d\u00e9cembre.<\/p>\n<h2>Que comprend la programmation ?<\/h2>\n<ul>\n<li>La premi\u00e8re <strong>Coral Flamenca de Granada<\/strong> fera sa premi\u00e8re mondiale le 16 novembre \u00e0 l&rsquo;Auditorio Manuel de Falla, en m\u00eame temps que sera c\u00e9l\u00e9br\u00e9 le XVe anniversaire de la d\u00e9claration du flamenco comme patrimoine culturel immat\u00e9riel de l&rsquo;humanit\u00e9.<\/li>\n<li>Ateliers, repr\u00e9sentations et r\u00e9unions de r\u00e9flexion artistique dans diverses localit\u00e9s de la province (par exemple, C\u00fallar Vega, Beas de Granada, C\u00e1jar et D\u00edlar).<\/li>\n<li>Perspective multidisciplinaire : L&rsquo;Universit\u00e9 de Grenade, \u00e0 travers sa Chaire de Flamenco, a collabor\u00e9 avec nous pour unir le contemporain et la tradition.<\/li>\n<li>Espaces singuliers : Le flamenco s&rsquo;\u00e9tendra \u00e0 l&rsquo;ext\u00e9rieur, atteignant les places, les points de vue et les quartiers \u00e0 valeur historique comme l&rsquo;Albaic\u00edn et le Sacromonte, pour faire partie du paysage urbain et patrimonial de la ville.<\/li>\n<\/ul>\n<h2>Pourquoi Grenade a-t-elle \u00e9t\u00e9 choisie ?<\/h2>\n<p>Grenade ne souhaite pas seulement profiter du flamenco cet automne, mais aspire \u00e9galement \u00e0 consolider son image de <strong>destination culturelle de premier ordre<\/strong>.<\/p>\n<p>La ville offre une vari\u00e9t\u00e9 de festivals, de th\u00e9\u00e2tre, de musique et d&rsquo;arts de la sc\u00e8ne qui consolident son image de \u00ab\u00a0ville des arts et de la musique\u00a0\u00bb.<\/p>\n<p>Et, plus important encore, la programmation s&rsquo;inscrit dans la perspective de sa candidature au titre de Capitale europ\u00e9enne de la culture en 2031.<\/p>\n<p>De cette mani\u00e8re, le flamenco et la culture sont \u00e9galement pr\u00e9sent\u00e9s comme un moteur de d\u00e9veloppement en termes d&rsquo;identit\u00e9 et de tourisme.<\/p>\n<p><img fetchpriority=\"high\" decoding=\"async\" class=\"size-full wp-image-14511 aligncenter\" src=\"https:\/\/tablaoflamencogranada.com\/wp-content\/uploads\/2025\/10\/eventos-flamenco-granada.avif\" alt=\"\u00e9v\u00e9nements flamenco grenade novembre\" width=\"1200\" height=\"750\" srcset=\"https:\/\/tablaoflamencogranada.com\/wp-content\/uploads\/2025\/10\/eventos-flamenco-granada.avif 1200w, https:\/\/tablaoflamencogranada.com\/wp-content\/uploads\/2025\/10\/eventos-flamenco-granada-300x188.avif 300w, https:\/\/tablaoflamencogranada.com\/wp-content\/uploads\/2025\/10\/eventos-flamenco-granada-1024x640.avif 1024w, https:\/\/tablaoflamencogranada.com\/wp-content\/uploads\/2025\/10\/eventos-flamenco-granada-768x480.avif 768w\" sizes=\"(max-width: 1200px) 100vw, 1200px\" \/><\/p>\n<h2>\u00c0 qui s&rsquo;adresse-t-il ? O\u00f9 et quand aller ? <\/h2>\n<p>Pour les amateurs de flamenco : aussi bien ceux qui appr\u00e9cient la musique et la danse traditionnelles que ceux qui recherchent des spectacles contemporains et de nouvelles fusions.<\/p>\n<p>Pour ceux qui <strong>visitent Grenade<\/strong> et cherchent \u00e0 vivre une exp\u00e9rience diff\u00e9rente en termes de culture : ateliers, concerts en plein air, spectacles dans des lieux patrimoniaux et rencontres avec des artistes.<\/p>\n<p>Les p\u00e9riodes les plus importantes vont d&rsquo;octobre \u00e0 d\u00e9cembre, avec une intensit\u00e9 particuli\u00e8re pendant les week-ends pour les cycles \u00ab\u00a0Patrimoine Flamenco\u00a0\u00bb.<\/p>\n<h2>Conseils pour en profiter au maximum<\/h2>\n<ul>\n<li data-start=\"3147\" data-end=\"3260\"><strong>R\u00e9server des billets \u00e0 l&rsquo;avance<\/strong> pour les spectacles phares (par exemple, la premi\u00e8re de la Coral Flamenca).<\/li>\n<li data-start=\"3263\" data-end=\"3413\">Choisir des espaces et pas seulement les <strong>centres touristiques traditionnels<\/strong> : explorer des quartiers comme Sacromonte ou Albaic\u00edn, o\u00f9 le flamenco a des racines profondes.<\/li>\n<li data-start=\"3416\" data-end=\"3546\">Combiner <strong>culture et tourisme<\/strong> : visiter \u00e9galement l&rsquo;Alhambra, les points de vue, les tapas et fl\u00e2ner dans les rues ; sentir comment la ville vit l&rsquo;art.<\/li>\n<li data-start=\"3549\" data-end=\"3702\">\u00catre attentif au calendrier des <strong>ateliers et activit\u00e9s parall\u00e8les<\/strong> : de nombreuses propositions sont gratuites ou \u00e0 capacit\u00e9 limit\u00e9e, ce qui permet de les vivre comme un local.<\/li>\n<\/ul>\n<h2>Grenade : un automne \u00e0 vivre, \u00e0 ressentir et \u00e0 se souvenir<\/h2>\n<p data-start=\"3623\" data-end=\"3915\">Cet automne, <a href=\"https:\/\/tablaoflamencogranada.com\/fr\/que-voir-et-que-faire-a-grenade-activites-incontournables-pour-votre-voyage\" title=\"que faire \u00e0 Grenade\">Grenade<\/a> invite \u00e0 se laisser emporter par le duende. Les rues se remplissent de comp\u00e1s, de guitares et de voix qui racontent des histoires ancestrales. La combinaison entre l&rsquo;environnement monumental, la chaleur de ses habitants et la richesse artistique fait de la ville un cadre irrempla\u00e7able.  <\/p>\n<p data-start=\"3917\" data-end=\"4202\">Ceux qui visiteront Grenade pendant ces mois n&rsquo;assisteront pas seulement \u00e0 un \u00e9v\u00e9nement culturel, mais feront partie d&rsquo;une exp\u00e9rience sensorielle et \u00e9motionnelle qui c\u00e9l\u00e8bre l&rsquo;essence andalouse dans sa plus haute expression. Un automne qui promet de rester grav\u00e9 dans la m\u00e9moire de tous ceux qui le vivront. <\/p>\n","protected":false},"excerpt":{"rendered":"<p>Grenade se pr\u00e9pare \u00e0 un automne plein d&rsquo;art et de tradition avec une programmation d\u00e9di\u00e9e au flamenco. Avec le programme Granada es Flamenco 365 et le pr\u00e9lude \u00e0 la Biennale de Flamenco 2025, la ville devient une r\u00e9f\u00e9rence culturelle avec des spectacles, des ateliers et des activit\u00e9s. <\/p>\n","protected":false},"author":1,"featured_media":14505,"comment_status":"closed","ping_status":"closed","sticky":false,"template":"","format":"standard","meta":{"footnotes":""},"categories":[111],"tags":[],"class_list":["post-14771","post","type-post","status-publish","format-standard","has-post-thumbnail","hentry","category-flamenco-fr"],"_links":{"self":[{"href":"https:\/\/tablaoflamencogranada.com\/fr\/wp-json\/wp\/v2\/posts\/14771","targetHints":{"allow":["GET"]}}],"collection":[{"href":"https:\/\/tablaoflamencogranada.com\/fr\/wp-json\/wp\/v2\/posts"}],"about":[{"href":"https:\/\/tablaoflamencogranada.com\/fr\/wp-json\/wp\/v2\/types\/post"}],"author":[{"embeddable":true,"href":"https:\/\/tablaoflamencogranada.com\/fr\/wp-json\/wp\/v2\/users\/1"}],"replies":[{"embeddable":true,"href":"https:\/\/tablaoflamencogranada.com\/fr\/wp-json\/wp\/v2\/comments?post=14771"}],"version-history":[{"count":0,"href":"https:\/\/tablaoflamencogranada.com\/fr\/wp-json\/wp\/v2\/posts\/14771\/revisions"}],"wp:featuredmedia":[{"embeddable":true,"href":"https:\/\/tablaoflamencogranada.com\/fr\/wp-json\/wp\/v2\/media\/14505"}],"wp:attachment":[{"href":"https:\/\/tablaoflamencogranada.com\/fr\/wp-json\/wp\/v2\/media?parent=14771"}],"wp:term":[{"taxonomy":"category","embeddable":true,"href":"https:\/\/tablaoflamencogranada.com\/fr\/wp-json\/wp\/v2\/categories?post=14771"},{"taxonomy":"post_tag","embeddable":true,"href":"https:\/\/tablaoflamencogranada.com\/fr\/wp-json\/wp\/v2\/tags?post=14771"}],"curies":[{"name":"wp","href":"https:\/\/api.w.org\/{rel}","templated":true}]}}