{"id":14778,"date":"2025-10-27T12:13:13","date_gmt":"2025-10-27T11:13:13","guid":{"rendered":"https:\/\/tablaoflamencogranada.com\/cuisine-typique-de-grenade-a-gouter-absolument"},"modified":"2025-10-27T16:01:00","modified_gmt":"2025-10-27T15:01:00","slug":"cuisine-typique-de-grenade-a-gouter-absolument","status":"publish","type":"post","link":"https:\/\/tablaoflamencogranada.com\/fr\/cuisine-typique-de-grenade-a-gouter-absolument","title":{"rendered":"Cuisine typique de Grenade \u00e0 go\u00fbter absolument"},"content":{"rendered":"<p>N&rsquo;avez-vous pas encore go\u00fbt\u00e9 \u00e0 la cuisine typique de Grenade ?<\/p>\n<p>Vous devez savoir que la gastronomie de Grenade est un atout majeur de la province, car elle m\u00e9lange \u00e0 la perfection les saveurs aux influences arabes avec les traditions andalouses.<\/p>\n<p>La cuisine est bas\u00e9e sur <strong>des produits frais et nutritifs<\/strong> cultiv\u00e9s dans la r\u00e9gion, tels que les l\u00e9gumes de la vall\u00e9e, les viandes pour les rago\u00fbts et la charcuterie de l&rsquo;Alpujarra.<\/p>\n<p>Nous avons fait une compilation assez compl\u00e8te des <strong>plats et desserts typiques de Grenade<\/strong>, id\u00e9ale pour savoir quoi manger lors de votre prochaine <a title=\"activit\u00e9s \u00e0 faire \u00e0 Grenade\" href=\"https:\/\/tablaoflamencogranada.com\/fr\/que-voir-et-que-faire-a-grenade-activites-incontournables-pour-votre-voyage\">visite<\/a> dans cette ville riche en histoire, tradition et saveur.<\/p>\n<p>Des tapas grenadines si c\u00e9l\u00e8bres qui accompagnent chaque boisson aux plats en sauce et aux <strong>desserts typiques de Grenade<\/strong> avec une touche arabe incomparable, chaque coin de la province offre des saveurs uniques.<\/p>\n<p><!--more--><\/p>\n<h2>Plats typiques de Grenade &#8211; Guide d\u00e9finitif de la cuisine grenadine<\/h2>\n<p>Les plats principaux de Grenade sont connus pour leur tradition et leur utilisation de produits du jardin et d\u00e9riv\u00e9s du porc.<\/p>\n<h3>Remoj\u00f3n granadino<\/h3>\n<figure id=\"attachment_14560\" aria-describedby=\"caption-attachment-14560\" style=\"width: 1000px\" class=\"wp-caption aligncenter\"><img fetchpriority=\"high\" decoding=\"async\" class=\"wp-image-14560\" src=\"https:\/\/tablaoflamencogranada.com\/wp-content\/uploads\/2025\/10\/remojon-granadino-1.avif\" alt=\"plat c\u00e9l\u00e8bre de Grenade\" width=\"1000\" height=\"625\" srcset=\"https:\/\/tablaoflamencogranada.com\/wp-content\/uploads\/2025\/10\/remojon-granadino-1.avif 1200w, https:\/\/tablaoflamencogranada.com\/wp-content\/uploads\/2025\/10\/remojon-granadino-1-300x188.avif 300w, https:\/\/tablaoflamencogranada.com\/wp-content\/uploads\/2025\/10\/remojon-granadino-1-1024x640.avif 1024w, https:\/\/tablaoflamencogranada.com\/wp-content\/uploads\/2025\/10\/remojon-granadino-1-768x480.avif 768w\" sizes=\"(max-width: 1000px) 100vw, 1000px\" \/><figcaption id=\"caption-attachment-14560\" class=\"wp-caption-text\">Fra\u00eecheur et tradition \u00e0 chaque bouch\u00e9e : c&rsquo;est ainsi que l&rsquo;on savoure l&rsquo;authentique remoj\u00f3n granadino.<\/figcaption><\/figure>\n<p>Un plat \u00e0 ne pas manquer sur la liste, la <strong>salade froide d&rsquo;oranges pel\u00e9es<\/strong> et coup\u00e9es en morceaux avec de l&rsquo;huile. Les variantes courantes incluent la morue \u00e9miett\u00e9e, les olives noires, l&rsquo;oignon ou les oignons nouveaux, les \u0153ufs, le vinaigre, le paprika, les pommes de terre ou la tomate. <\/p>\n<p>Elle est assaisonn\u00e9e avec de l&rsquo;huile d&rsquo;olive vierge et peut avoir des saveurs sucr\u00e9es et sal\u00e9es.<\/p>\n<p>D&rsquo;origine arabe. Elle est populaire \u00e0 Grenade, Cordoue et Ja\u00e9n. Elle est id\u00e9ale pour les mois chauds.  <\/p>\n<h3>Salade de Zalamandro\u00f1a<\/h3>\n<figure id=\"attachment_14713\" aria-describedby=\"caption-attachment-14713\" style=\"width: 1000px\" class=\"wp-caption aligncenter\"><img decoding=\"async\" class=\"wp-image-14713\" src=\"https:\/\/tablaoflamencogranada.com\/wp-content\/uploads\/2025\/10\/ensalada-zalamadrona.avif\" alt=\"Plat de Grenade adapt\u00e9 aux v\u00e9g\u00e9taliens\" width=\"1000\" height=\"625\" srcset=\"https:\/\/tablaoflamencogranada.com\/wp-content\/uploads\/2025\/10\/ensalada-zalamadrona.avif 1200w, https:\/\/tablaoflamencogranada.com\/wp-content\/uploads\/2025\/10\/ensalada-zalamadrona-300x188.avif 300w, https:\/\/tablaoflamencogranada.com\/wp-content\/uploads\/2025\/10\/ensalada-zalamadrona-1024x640.avif 1024w, https:\/\/tablaoflamencogranada.com\/wp-content\/uploads\/2025\/10\/ensalada-zalamadrona-768x480.avif 768w\" sizes=\"(max-width: 1000px) 100vw, 1000px\" \/><figcaption id=\"caption-attachment-14713\" class=\"wp-caption-text\">Couleurs, saveurs et tradition dans un plat : d\u00e9couvrez la magie de la salade de zalamandro\u00f1a.<\/figcaption><\/figure>\n<p>Un plat pr\u00e9par\u00e9 avec des l\u00e9gumes qui ont \u00e9t\u00e9 pr\u00e9alablement s\u00e9ch\u00e9s au soleil, comme <strong>la courge, la tomate s\u00e9ch\u00e9e, la courgette et le poivron grill\u00e9 et s\u00e9ch\u00e9<\/strong>. On y ajoute des olives noires et de la morue \u00e9miett\u00e9e, beaucoup de pignons de pin et de l&rsquo;oignon hach\u00e9. Elle est assaisonn\u00e9e avec du poivre noir et de l&rsquo;origan. Elle se mange froide.   <\/p>\n<p>D&rsquo;origine andalouse. Elle est typique de la r\u00e9gion de Guadix, particuli\u00e8rement populaire \u00e0 Hu\u00e9neja. <\/p>\n<h3>Aubergines au miel de canne<\/h3>\n<figure id=\"attachment_14568\" aria-describedby=\"caption-attachment-14568\" style=\"width: 1000px\" class=\"wp-caption aligncenter\"><img decoding=\"async\" class=\"wp-image-14568\" src=\"https:\/\/tablaoflamencogranada.com\/wp-content\/uploads\/2025\/10\/berengenas-con-miel.avif\" alt=\"plat typique de grenade pour les v\u00e9g\u00e9tariens\" width=\"1000\" height=\"625\" srcset=\"https:\/\/tablaoflamencogranada.com\/wp-content\/uploads\/2025\/10\/berengenas-con-miel.avif 1200w, https:\/\/tablaoflamencogranada.com\/wp-content\/uploads\/2025\/10\/berengenas-con-miel-300x188.avif 300w, https:\/\/tablaoflamencogranada.com\/wp-content\/uploads\/2025\/10\/berengenas-con-miel-1024x640.avif 1024w, https:\/\/tablaoflamencogranada.com\/wp-content\/uploads\/2025\/10\/berengenas-con-miel-768x480.avif 768w\" sizes=\"(max-width: 1000px) 100vw, 1000px\" \/><figcaption id=\"caption-attachment-14568\" class=\"wp-caption-text\">Douces et surprenantes : les aubergines au miel qui conqui\u00e8rent les palais.<\/figcaption><\/figure>\n<p>Parmi les plats typiques de la ville, on ne peut pas manquer les aubergines, qui sont coup\u00e9es en tranches ou en b\u00e2tonnets, sal\u00e9es pour enlever l&rsquo;amertume, farin\u00e9es et frites dans beaucoup d&rsquo;huile d&rsquo;olive chaude.<\/p>\n<p>Au moment de servir, on verse un <strong>filet de miel de canne<\/strong> dessus, sans attendre qu&rsquo;elles refroidissent. La cl\u00e9 est qu&rsquo;elles soient croustillantes.<br \/>\nD&rsquo;origine arabe. C&rsquo;est un plat tr\u00e8s typique dans toute l&rsquo;Andalousie, \u00e9tant plus populaire \u00e0 <strong>Grenade et Cordoue.<\/strong> Le contrepoint amer et sucr\u00e9 est tr\u00e8s \u00e9quilibr\u00e9.  <\/p>\n<h3>Tapas \u00e0 Grenade<\/h3>\n<p>Lorsque vous commandez une boisson dans la plupart des bars de Grenade, une tapa g\u00e9n\u00e9reuse est servie. Dans certains \u00e9tablissements, vous pouvez choisir la tapa disponible. C&rsquo;est l&rsquo;un des \u00e9l\u00e9ments essentiels de la gastronomie grenadine. Les zones connues pour les tapas incluent la rue Navas, la zone de la cath\u00e9drale, la rue Elvira, la place de taureaux, l&rsquo;Albaic\u00edn ou la place de la Trinit\u00e9.   <\/p>\n<h3>Migas de pain ou de semoule<\/h3>\n<figure id=\"attachment_14577\" aria-describedby=\"caption-attachment-14577\" style=\"width: 1000px\" class=\"wp-caption aligncenter\"><img loading=\"lazy\" decoding=\"async\" class=\"wp-image-14577\" src=\"https:\/\/tablaoflamencogranada.com\/wp-content\/uploads\/2025\/10\/migas-pan.avif\" alt=\"Plat typique de Grenade\" width=\"1000\" height=\"625\" srcset=\"https:\/\/tablaoflamencogranada.com\/wp-content\/uploads\/2025\/10\/migas-pan.avif 1200w, https:\/\/tablaoflamencogranada.com\/wp-content\/uploads\/2025\/10\/migas-pan-300x188.avif 300w, https:\/\/tablaoflamencogranada.com\/wp-content\/uploads\/2025\/10\/migas-pan-1024x640.avif 1024w, https:\/\/tablaoflamencogranada.com\/wp-content\/uploads\/2025\/10\/migas-pan-768x480.avif 768w\" sizes=\"(max-width: 1000px) 100vw, 1000px\" \/><figcaption id=\"caption-attachment-14577\" class=\"wp-caption-text\">Croustillantes, savoureuses et pleines d&rsquo;histoire : voici les authentiques migas de pain.<\/figcaption><\/figure>\n<p>\u00c0 l&rsquo;origine, elles \u00e9taient pr\u00e9par\u00e9es pour profiter du pain dur, en le cuisinant avec de la pancetta, de l&rsquo;ail, de l&rsquo;huile et des poivrons. Elles peuvent \u00eatre accompagn\u00e9es d&rsquo;un \u0153uf au plat, de sardines, de melon ou de raisins. Parfois, de la semoule de bl\u00e9 est utilis\u00e9e \u00e0 la place du pain, ce qui les rend plus rapides, mais moins savoureuses.  <\/p>\n<p>Plat traditionnel d&rsquo;hiver qui est devenu une tapa fr\u00e9quente<\/p>\n<h2>Plats principaux, rago\u00fbts et plats mijot\u00e9s typiques de Grenade<\/h2>\n<h3><b class=\"ng-star-inserted\" data-start-index=\"2835\">F\u00e8ves au jambon<\/b><\/h3>\n<figure id=\"attachment_14585\" aria-describedby=\"caption-attachment-14585\" style=\"width: 1000px\" class=\"wp-caption aligncenter\"><img loading=\"lazy\" decoding=\"async\" class=\"wp-image-14585\" src=\"https:\/\/tablaoflamencogranada.com\/wp-content\/uploads\/2025\/10\/habas-con-jamon.avif\" alt=\"un plat unique de Grenade\" width=\"1000\" height=\"625\" srcset=\"https:\/\/tablaoflamencogranada.com\/wp-content\/uploads\/2025\/10\/habas-con-jamon.avif 1200w, https:\/\/tablaoflamencogranada.com\/wp-content\/uploads\/2025\/10\/habas-con-jamon-300x188.avif 300w, https:\/\/tablaoflamencogranada.com\/wp-content\/uploads\/2025\/10\/habas-con-jamon-1024x640.avif 1024w, https:\/\/tablaoflamencogranada.com\/wp-content\/uploads\/2025\/10\/habas-con-jamon-768x480.avif 768w\" sizes=\"(max-width: 1000px) 100vw, 1000px\" \/><figcaption id=\"caption-attachment-14585\" class=\"wp-caption-text\">Simplicit\u00e9 et saveur qui enchantent : f\u00e8ves au jambon, un classique irr\u00e9sistible.<\/figcaption><\/figure>\n<p>Elles sont pr\u00e9par\u00e9es avec une base (poch\u00e9) et des d\u00e9s de jambon, auxquels on ajoute les f\u00e8ves. Elles sont recouvertes de bouillon de veau, de poulet et de l\u00e9gumes et on les laisse cuire pendant environ 15 minutes. Les petites f\u00e8ves (f\u00e9vettes) sont un d\u00e9lice au printemps. L&rsquo;un des plats typiques de Grenade.   <\/p>\n<h3>Tortilla del Sacromonte<\/h3>\n<p>C&rsquo;est la tortilla traditionnelle de Grenade, propre aux r\u00e9sidents du quartier du Sacromonte. Ce plat typique est pr\u00e9par\u00e9 avec diff\u00e9rents types d&rsquo;abats, les <strong>testicules et les cervelles de mouton<\/strong> \u00e9tant les plus importants. On y ajoute souvent des petits pois, de la chapelure et des noix. Il existe des versions qui incorporent <strong>du chorizo, du jambon de Trev\u00e9lez et des pommes de terre<\/strong>.   <\/p>\n<figure id=\"attachment_14594\" aria-describedby=\"caption-attachment-14594\" style=\"width: 1000px\" class=\"wp-caption aligncenter\"><img loading=\"lazy\" decoding=\"async\" class=\"wp-image-14594\" src=\"https:\/\/tablaoflamencogranada.com\/wp-content\/uploads\/2025\/10\/tortilla-del-sacromonte.avif\" alt=\"Plats grenadins par excellence\" width=\"1000\" height=\"625\" srcset=\"https:\/\/tablaoflamencogranada.com\/wp-content\/uploads\/2025\/10\/tortilla-del-sacromonte.avif 1200w, https:\/\/tablaoflamencogranada.com\/wp-content\/uploads\/2025\/10\/tortilla-del-sacromonte-300x188.avif 300w, https:\/\/tablaoflamencogranada.com\/wp-content\/uploads\/2025\/10\/tortilla-del-sacromonte-1024x640.avif 1024w, https:\/\/tablaoflamencogranada.com\/wp-content\/uploads\/2025\/10\/tortilla-del-sacromonte-768x480.avif 768w\" sizes=\"(max-width: 1000px) 100vw, 1000px\" \/><figcaption id=\"caption-attachment-14594\" class=\"wp-caption-text\">Tradition grenadine dans sa plus haute expression : l&#8217;embl\u00e9matique tortilla del Sacromonte.<\/figcaption><\/figure>\n<h3>Plat Alpujarre\u00f1o<\/h3>\n<figure id=\"attachment_14723\" aria-describedby=\"caption-attachment-14723\" style=\"width: 1000px\" class=\"wp-caption aligncenter\"><img loading=\"lazy\" decoding=\"async\" class=\"wp-image-14723\" src=\"https:\/\/tablaoflamencogranada.com\/wp-content\/uploads\/2025\/10\/plato-alpujarreno-1.avif\" alt=\"Le plat le plus c\u00e9l\u00e8bre de Grenade\" width=\"1000\" height=\"625\" srcset=\"https:\/\/tablaoflamencogranada.com\/wp-content\/uploads\/2025\/10\/plato-alpujarreno-1.avif 1200w, https:\/\/tablaoflamencogranada.com\/wp-content\/uploads\/2025\/10\/plato-alpujarreno-1-300x188.avif 300w, https:\/\/tablaoflamencogranada.com\/wp-content\/uploads\/2025\/10\/plato-alpujarreno-1-1024x640.avif 1024w, https:\/\/tablaoflamencogranada.com\/wp-content\/uploads\/2025\/10\/plato-alpujarreno-1-768x480.avif 768w\" sizes=\"(max-width: 1000px) 100vw, 1000px\" \/><figcaption id=\"caption-attachment-14723\" class=\"wp-caption-text\">Saveurs de montagne \u00e0 chaque bouch\u00e9e : profitez de l&rsquo;authentique plat alpujarre\u00f1o.<\/figcaption><\/figure>\n<p>Peut-\u00eatre le plat de Grenade le plus c\u00e9l\u00e8bre. Un plat de l&rsquo;Alpujarra grenadine, tr\u00e8s riche en calories. Il incorpore des produits typiques de la r\u00e9gion, comme le <strong>longe de porc \u00e0 l&rsquo;huile, le boudin noir, la saucisse longue, les pommes de terre \u00e0 la pauvre<\/strong> (pommes de terre frites avec de l&rsquo;ail et des poivrons), l&rsquo;\u0153uf au plat et le jambon serrano.  <\/p>\n<h3>Olla de San Ant\u00f3n<\/h3>\n<figure id=\"attachment_14602\" aria-describedby=\"caption-attachment-14602\" style=\"width: 1000px\" class=\"wp-caption aligncenter\"><img loading=\"lazy\" decoding=\"async\" class=\"wp-image-14602\" src=\"https:\/\/tablaoflamencogranada.com\/wp-content\/uploads\/2025\/10\/olla-san-anton.avif\" alt=\"Potage de Grenade le plus c\u00e9l\u00e8bre\" width=\"1000\" height=\"625\" srcset=\"https:\/\/tablaoflamencogranada.com\/wp-content\/uploads\/2025\/10\/olla-san-anton.avif 1200w, https:\/\/tablaoflamencogranada.com\/wp-content\/uploads\/2025\/10\/olla-san-anton-300x188.avif 300w, https:\/\/tablaoflamencogranada.com\/wp-content\/uploads\/2025\/10\/olla-san-anton-1024x640.avif 1024w, https:\/\/tablaoflamencogranada.com\/wp-content\/uploads\/2025\/10\/olla-san-anton-768x480.avif 768w\" sizes=\"(max-width: 1000px) 100vw, 1000px\" \/><figcaption id=\"caption-attachment-14602\" class=\"wp-caption-text\">Chaleur, tradition et saveur dans chaque cuill\u00e8re : l&rsquo;authentique olla de San Ant\u00f3n<\/figcaption><\/figure>\n<p>Un rago\u00fbt tr\u00e8s c\u00e9l\u00e8bre et abondant qui comm\u00e9more l&rsquo;abattage du porc. Il est consomm\u00e9 surtout autour du 17 janvier, qui est le jour de San Ant\u00f3n. <\/p>\n<p>Il est fait avec une grande vari\u00e9t\u00e9 de produits d\u00e9riv\u00e9s du porc, comme l&rsquo;oreille, l&rsquo;\u00e9chine (fra\u00eeche et s\u00e8che), la queue, le lard (frais et sec), les pieds, le groin, l&rsquo;os de jambon, le boudin noir et les pieds de porc, avec un m\u00e9lange de l\u00e9gumineuses (riz, haricots blancs ou pois chiches).<\/p>\n<p>Le bouillon et les l\u00e9gumineuses sont servis en premier, puis la portion de viande de porc, ce qui est connu sous le nom de \u00ab\u00a0<em>la pring\u00e1<\/em>\u00ab\u00a0.<\/p>\n<h3>Choto al Ajillo<\/h3>\n<figure id=\"attachment_14611\" aria-describedby=\"caption-attachment-14611\" style=\"width: 1000px\" class=\"wp-caption aligncenter\"><img loading=\"lazy\" decoding=\"async\" class=\"wp-image-14611\" src=\"https:\/\/tablaoflamencogranada.com\/wp-content\/uploads\/2025\/10\/choto-al-ajillo.avif\" alt=\"Plats c\u00e9l\u00e8bres de Grenade\" width=\"1000\" height=\"625\" srcset=\"https:\/\/tablaoflamencogranada.com\/wp-content\/uploads\/2025\/10\/choto-al-ajillo.avif 1200w, https:\/\/tablaoflamencogranada.com\/wp-content\/uploads\/2025\/10\/choto-al-ajillo-300x188.avif 300w, https:\/\/tablaoflamencogranada.com\/wp-content\/uploads\/2025\/10\/choto-al-ajillo-1024x640.avif 1024w, https:\/\/tablaoflamencogranada.com\/wp-content\/uploads\/2025\/10\/choto-al-ajillo-768x480.avif 768w\" sizes=\"(max-width: 1000px) 100vw, 1000px\" \/><figcaption id=\"caption-attachment-14611\" class=\"wp-caption-text\">Juteux, aromatique et plein de tradition : c&rsquo;est ainsi que l&rsquo;on savoure l&rsquo;authentique choto al ajillo.<\/figcaption><\/figure>\n<p>Dans ce plat, la viande principale est celle de chevreau (choto).<\/p>\n<p>La viande est dor\u00e9e avec de l&rsquo;huile, des poivrons et de l&rsquo;ail, puis on y ajoute du vin. On incorpore une p\u00e2te pr\u00e9par\u00e9e avec du pain frit, des amandes et du vin blanc. Pour \u00e9viter que les os ne s&rsquo;\u00e9caillent, il est important de couper la viande proprement. Il peut \u00eatre servi avec des courgettes ou des pommes de terre frites.   <\/p>\n<h3>Moraga de Sardinas<\/h3>\n<figure id=\"attachment_14687\" aria-describedby=\"caption-attachment-14687\" style=\"width: 1000px\" class=\"wp-caption aligncenter\"><img loading=\"lazy\" decoding=\"async\" class=\"wp-image-14687\" src=\"https:\/\/tablaoflamencogranada.com\/wp-content\/uploads\/2025\/10\/moraga-sardinas-motril.avif\" alt=\"plat typique de Motril\" width=\"1000\" height=\"625\" srcset=\"https:\/\/tablaoflamencogranada.com\/wp-content\/uploads\/2025\/10\/moraga-sardinas-motril.avif 1200w, https:\/\/tablaoflamencogranada.com\/wp-content\/uploads\/2025\/10\/moraga-sardinas-motril-300x188.avif 300w, https:\/\/tablaoflamencogranada.com\/wp-content\/uploads\/2025\/10\/moraga-sardinas-motril-1024x640.avif 1024w, https:\/\/tablaoflamencogranada.com\/wp-content\/uploads\/2025\/10\/moraga-sardinas-motril-768x480.avif 768w\" sizes=\"(max-width: 1000px) 100vw, 1000px\" \/><figcaption id=\"caption-attachment-14687\" class=\"wp-caption-text\">Tradition au grill : des sardines qui ont le go\u00fbt de l&rsquo;\u00e9t\u00e9 et de la mer.<\/figcaption><\/figure>\n<p>Plat marin typique des zones c\u00f4ti\u00e8res de Grenade, comme Motril. Il est pr\u00e9par\u00e9 avec des sardines grill\u00e9es sur la plage, ou cuisin\u00e9es dans une casserole en terre cuite baign\u00e9es de vin blanc, d&rsquo;huile d&rsquo;olive vierge, de jus de citron, d&rsquo;ail hach\u00e9, de persil et de sel. C&rsquo;est une tradition associ\u00e9e aux f\u00eates d&rsquo;\u00e9t\u00e9.  <\/p>\n<h3>Potaje de Hinojos<\/h3>\n<figure id=\"attachment_14704\" aria-describedby=\"caption-attachment-14704\" style=\"width: 1002px\" class=\"wp-caption aligncenter\"><img loading=\"lazy\" decoding=\"async\" class=\"wp-image-14704\" src=\"https:\/\/tablaoflamencogranada.com\/wp-content\/uploads\/2025\/10\/puchero-hinojos.avif\" alt=\"potage typique de Grenade\" width=\"1002\" height=\"626\" srcset=\"https:\/\/tablaoflamencogranada.com\/wp-content\/uploads\/2025\/10\/puchero-hinojos.avif 1200w, https:\/\/tablaoflamencogranada.com\/wp-content\/uploads\/2025\/10\/puchero-hinojos-300x188.avif 300w, https:\/\/tablaoflamencogranada.com\/wp-content\/uploads\/2025\/10\/puchero-hinojos-1024x640.avif 1024w, https:\/\/tablaoflamencogranada.com\/wp-content\/uploads\/2025\/10\/puchero-hinojos-768x480.avif 768w\" sizes=\"(max-width: 1002px) 100vw, 1002px\" \/><figcaption id=\"caption-attachment-14704\" class=\"wp-caption-text\">Saveur et tradition dans chaque cuill\u00e8re : d\u00e9couvrez l&rsquo;authentique potaje de hinojos.<\/figcaption><\/figure>\n<p>Un autre plat de Grenade assez typique est le puchero ou potaje de Hinojos. Il s&rsquo;agit d&rsquo;un potage de haricots blancs qui est parfum\u00e9 avec les pousses vertes du fenouil. Il est cuisin\u00e9 avec des produits d\u00e9riv\u00e9s du porc, comme de la viande maigre, du boudin noir, un os de jambon, du lard et des c\u00f4tes ; parfois, on y ajoute un peu de riz pour \u00e9paissir.  <\/p>\n<h3>Gurupina<\/h3>\n<figure id=\"attachment_14678\" aria-describedby=\"caption-attachment-14678\" style=\"width: 1000px\" class=\"wp-caption aligncenter\"><img loading=\"lazy\" decoding=\"async\" class=\"wp-image-14678\" src=\"https:\/\/tablaoflamencogranada.com\/wp-content\/uploads\/2025\/10\/gurupina-baza.avif\" alt=\"Plat typique de Baza\" width=\"1000\" height=\"625\" srcset=\"https:\/\/tablaoflamencogranada.com\/wp-content\/uploads\/2025\/10\/gurupina-baza.avif 1200w, https:\/\/tablaoflamencogranada.com\/wp-content\/uploads\/2025\/10\/gurupina-baza-300x188.avif 300w, https:\/\/tablaoflamencogranada.com\/wp-content\/uploads\/2025\/10\/gurupina-baza-1024x640.avif 1024w, https:\/\/tablaoflamencogranada.com\/wp-content\/uploads\/2025\/10\/gurupina-baza-768x480.avif 768w\" sizes=\"(max-width: 1000px) 100vw, 1000px\" \/><figcaption id=\"caption-attachment-14678\" class=\"wp-caption-text\">Une saveur unique qui unit tradition et fra\u00eecheur : voici l&rsquo;authentique gurupina de Baza.<\/figcaption><\/figure>\n<p>Ce plat est typique de la r\u00e9gion de Baza. Cette t\u00e2che consiste \u00e0 faire frire du poivron rouge s\u00e9ch\u00e9 (qui est ensuite battu) et \u00e0 faire revenir de l&rsquo;oignon, du poivron vert, du chorizo, de l&rsquo;ail et de la tomate. On y ajoute des champignons, du paprika, de l&rsquo;eau et de la farine, et on le cuisine \u00e0 feu doux jusqu&rsquo;\u00e0 obtenir une consistance semblable \u00e0 la bouillie.  <\/p>\n<h3>Produits phares<\/h3>\n<figure id=\"attachment_14620\" aria-describedby=\"caption-attachment-14620\" style=\"width: 1000px\" class=\"wp-caption aligncenter\"><img loading=\"lazy\" decoding=\"async\" class=\"wp-image-14620\" src=\"https:\/\/tablaoflamencogranada.com\/wp-content\/uploads\/2025\/10\/jamon-trevelez.avif\" alt=\"Produits typiques de Grenade - Jambon de Trev\u00e9lez\" width=\"1000\" height=\"625\" srcset=\"https:\/\/tablaoflamencogranada.com\/wp-content\/uploads\/2025\/10\/jamon-trevelez.avif 1200w, https:\/\/tablaoflamencogranada.com\/wp-content\/uploads\/2025\/10\/jamon-trevelez-300x188.avif 300w, https:\/\/tablaoflamencogranada.com\/wp-content\/uploads\/2025\/10\/jamon-trevelez-1024x640.avif 1024w, https:\/\/tablaoflamencogranada.com\/wp-content\/uploads\/2025\/10\/jamon-trevelez-768x480.avif 768w\" sizes=\"(max-width: 1000px) 100vw, 1000px\" \/><figcaption id=\"caption-attachment-14620\" class=\"wp-caption-text\">Affin\u00e9 en altitude, plein de saveur : l&rsquo;authentique jambon de Trev\u00e9lez.<\/figcaption><\/figure>\n<ul>\n<li><strong>Jambon de Trev\u00e9lez<\/strong> : Connu pour sa qualit\u00e9 et sa saveur, affin\u00e9 naturellement \u00e0 1700 m\u00e8tres au-dessus du niveau de la mer.<\/li>\n<li><strong>Quisquillas de Motril :<\/strong> Un crustac\u00e9 plus petit et \u00e9pineux que la crevette, de couleur rouge intense et avec une saveur forte. Ils sont p\u00each\u00e9s dans des zones de p\u00eache sp\u00e9cifiques de Motril et sont g\u00e9n\u00e9ralement consomm\u00e9s cuits. <\/li>\n<\/ul>\n<h2>Desserts traditionnels de Grenade<\/h2>\n<p>La p\u00e2tisserie de Grenade est fortement influenc\u00e9e par la <strong>culture arabe<\/strong>, mettant l&rsquo;accent sur l&rsquo;utilisation de   <strong>d&rsquo;\u00e9pices, de miel et d&rsquo;amandes.<\/strong><\/p>\n<h3>Piononos de Santa Fe<\/h3>\n<figure id=\"attachment_14629\" aria-describedby=\"caption-attachment-14629\" style=\"width: 1000px\" class=\"wp-caption aligncenter\"><img loading=\"lazy\" decoding=\"async\" class=\"wp-image-14629\" src=\"https:\/\/tablaoflamencogranada.com\/wp-content\/uploads\/2025\/10\/piononos.avif\" alt=\"Dessert le plus c\u00e9l\u00e8bre de Grenade\" width=\"1000\" height=\"625\" srcset=\"https:\/\/tablaoflamencogranada.com\/wp-content\/uploads\/2025\/10\/piononos.avif 1200w, https:\/\/tablaoflamencogranada.com\/wp-content\/uploads\/2025\/10\/piononos-300x188.avif 300w, https:\/\/tablaoflamencogranada.com\/wp-content\/uploads\/2025\/10\/piononos-1024x640.avif 1024w, https:\/\/tablaoflamencogranada.com\/wp-content\/uploads\/2025\/10\/piononos-768x480.avif 768w\" sizes=\"(max-width: 1000px) 100vw, 1000px\" \/><figcaption id=\"caption-attachment-14629\" class=\"wp-caption-text\">Petites bouch\u00e9es de douceur et de tradition : les irr\u00e9sistibles piononos de Grenade.<\/figcaption><\/figure>\n<p>C&rsquo;est le dessert <strong>le plus caract\u00e9ristique de Grenade<\/strong>, qui est n\u00e9 dans la ville de Santa Fe. C&rsquo;est un petit g\u00e2teau, qui est pr\u00e9par\u00e9 avec une fine couche de g\u00e9noise enroul\u00e9e en forme cylindrique. <\/p>\n<p>La g\u00e9noise est imbib\u00e9e de <strong>sirop tr\u00e8s sucr\u00e9<\/strong> et est d\u00e9cor\u00e9e avec de la cr\u00e8me br\u00fbl\u00e9e.<br \/>\nLe g\u00e2teau a \u00e9t\u00e9 cr\u00e9\u00e9 par <strong>Ceferino Isla en 1854<\/strong> en hommage au <strong>pape Pie IX (Pie Nono)<\/strong>, dont l&rsquo;image (de forme cylindrique et couverte) et la calotte (de couleur cr\u00e8me br\u00fbl\u00e9e) ont servi d&rsquo;inspiration.<\/p>\n<h3>Soplillos de la Alpujarra<\/h3>\n<figure id=\"attachment_14695\" aria-describedby=\"caption-attachment-14695\" style=\"width: 1000px\" class=\"wp-caption aligncenter\"><img loading=\"lazy\" decoding=\"async\" class=\"wp-image-14695\" src=\"https:\/\/tablaoflamencogranada.com\/wp-content\/uploads\/2025\/10\/soplillos-alpujarra.avif\" alt=\"Dessert typique de Grenade\" width=\"1000\" height=\"625\" srcset=\"https:\/\/tablaoflamencogranada.com\/wp-content\/uploads\/2025\/10\/soplillos-alpujarra.avif 1200w, https:\/\/tablaoflamencogranada.com\/wp-content\/uploads\/2025\/10\/soplillos-alpujarra-300x188.avif 300w, https:\/\/tablaoflamencogranada.com\/wp-content\/uploads\/2025\/10\/soplillos-alpujarra-1024x640.avif 1024w, https:\/\/tablaoflamencogranada.com\/wp-content\/uploads\/2025\/10\/soplillos-alpujarra-768x480.avif 768w\" sizes=\"(max-width: 1000px) 100vw, 1000px\" \/><figcaption id=\"caption-attachment-14695\" class=\"wp-caption-text\">L\u00e9g\u00e8ret\u00e9 et douceur dans chaque bouch\u00e9e : d\u00e9couvrez les traditionnels soplillos de l&rsquo;Alpujarra.<\/figcaption><\/figure>\n<p>Un dessert traditionnel avec des <strong>racines arabes<\/strong> provenant de la province de Grenade. Ses ingr\u00e9dients principaux sont l&rsquo;amande, le citron, le sucre et l&rsquo;\u0153uf. <\/p>\n<p>Pour faire une meringue, on bat les blancs d&rsquo;\u0153ufs avec le sucre et on y incorpore ensuite des morceaux d&rsquo;amande \u00e9cras\u00e9e et du zeste de citron. Ensuite, on enfourne \u00e0 100 degr\u00e9s pendant deux heures. <\/p>\n<h3>Roscos de Loja<\/h3>\n<figure id=\"attachment_14637\" aria-describedby=\"caption-attachment-14637\" style=\"width: 1000px\" class=\"wp-caption aligncenter\"><img loading=\"lazy\" decoding=\"async\" class=\"wp-image-14637\" src=\"https:\/\/tablaoflamencogranada.com\/wp-content\/uploads\/2025\/10\/roscos-de-loja.avif\" alt=\"Douceurs typiques de Grenade\" width=\"1000\" height=\"625\" srcset=\"https:\/\/tablaoflamencogranada.com\/wp-content\/uploads\/2025\/10\/roscos-de-loja.avif 1200w, https:\/\/tablaoflamencogranada.com\/wp-content\/uploads\/2025\/10\/roscos-de-loja-300x188.avif 300w, https:\/\/tablaoflamencogranada.com\/wp-content\/uploads\/2025\/10\/roscos-de-loja-1024x640.avif 1024w, https:\/\/tablaoflamencogranada.com\/wp-content\/uploads\/2025\/10\/roscos-de-loja-768x480.avif 768w\" sizes=\"(max-width: 1000px) 100vw, 1000px\" \/><figcaption id=\"caption-attachment-14637\" class=\"wp-caption-text\">Saveur qui traverse les g\u00e9n\u00e9rations : les authentiques roscos de Loja.<\/figcaption><\/figure>\n<p>Les roscos de Loja sont un v\u00e9ritable <strong>symbole grenadin.<\/strong> Cette douceur, recouverte d&rsquo;une couche de meringue irr\u00e9sistible, est un symbole de la ville et un arr\u00eat obligatoire pour tous ceux qui la visitent. Personne ne peut r\u00e9sister \u00e0 l&rsquo;envie d&#8217;emporter une bo\u00eete \u00e0 la maison, gr\u00e2ce \u00e0 la saveur traditionnelle et \u00e0 la texture unique de ce produit. <\/p>\n<h3>Tocinillo de cielo de Guadix<\/h3>\n<figure id=\"attachment_14645\" aria-describedby=\"caption-attachment-14645\" style=\"width: 1000px\" class=\"wp-caption aligncenter\"><img loading=\"lazy\" decoding=\"async\" class=\"wp-image-14645\" src=\"https:\/\/tablaoflamencogranada.com\/wp-content\/uploads\/2025\/10\/tocinilo-cielo.avif\" alt=\"Douceurs c\u00e9l\u00e8bres de Grenade\" width=\"1000\" height=\"625\" srcset=\"https:\/\/tablaoflamencogranada.com\/wp-content\/uploads\/2025\/10\/tocinilo-cielo.avif 1200w, https:\/\/tablaoflamencogranada.com\/wp-content\/uploads\/2025\/10\/tocinilo-cielo-300x188.avif 300w, https:\/\/tablaoflamencogranada.com\/wp-content\/uploads\/2025\/10\/tocinilo-cielo-1024x640.avif 1024w, https:\/\/tablaoflamencogranada.com\/wp-content\/uploads\/2025\/10\/tocinilo-cielo-768x480.avif 768w\" sizes=\"(max-width: 1000px) 100vw, 1000px\" \/><figcaption id=\"caption-attachment-14645\" class=\"wp-caption-text\">Petites portions de bonheur : l&rsquo;irr\u00e9sistible tocinillo de cielo.<\/figcaption><\/figure>\n<p>Le tocinillo de cielo de Guadix est un d\u00e9lice exquis.<\/p>\n<p>Avec sa texture soyeuse et sa saveur intense de jaune d&rsquo;\u0153uf et de sucre, ce dessert andalou est un joyau de la p\u00e2tisserie conventuelle qui continue de conqu\u00e9rir les palais g\u00e9n\u00e9ration apr\u00e8s g\u00e9n\u00e9ration.<\/p>\n<h3>Huesos de santo<\/h3>\n<figure id=\"attachment_14653\" aria-describedby=\"caption-attachment-14653\" style=\"width: 1000px\" class=\"wp-caption aligncenter\"><img loading=\"lazy\" decoding=\"async\" class=\"wp-image-14653\" src=\"https:\/\/tablaoflamencogranada.com\/wp-content\/uploads\/2025\/10\/huesos-santo.avif\" alt=\"Douceurs grenadines typiques\" width=\"1000\" height=\"625\" srcset=\"https:\/\/tablaoflamencogranada.com\/wp-content\/uploads\/2025\/10\/huesos-santo.avif 1200w, https:\/\/tablaoflamencogranada.com\/wp-content\/uploads\/2025\/10\/huesos-santo-300x188.avif 300w, https:\/\/tablaoflamencogranada.com\/wp-content\/uploads\/2025\/10\/huesos-santo-1024x640.avif 1024w, https:\/\/tablaoflamencogranada.com\/wp-content\/uploads\/2025\/10\/huesos-santo-768x480.avif 768w\" sizes=\"(max-width: 1000px) 100vw, 1000px\" \/><figcaption id=\"caption-attachment-14653\" class=\"wp-caption-text\">Des douceurs qui racontent des histoires : d\u00e9couvrez les authentiques huesos de santo.<\/figcaption><\/figure>\n<p>Un dessert tr\u00e8s traditionnel de la Semaine Sainte et de la Toussaint sont les huesos de santo.<\/p>\n<p>Faits avec de la p\u00e2te d&rsquo;amande, remplis de jaune d&rsquo;\u0153uf sucr\u00e9 et saupoudr\u00e9s de sucre glace, ce sont de petites bouch\u00e9es traditionnelles qui sont aussi riches qu&rsquo;addictives.<\/p>\n<h3>Cuajada de Carnaval de Grenade<\/h3>\n<figure id=\"attachment_14735\" aria-describedby=\"caption-attachment-14735\" style=\"width: 1000px\" class=\"wp-caption aligncenter\"><img loading=\"lazy\" decoding=\"async\" class=\"wp-image-14735\" src=\"https:\/\/tablaoflamencogranada.com\/wp-content\/uploads\/2025\/10\/cuajada-carnaval-granada.avif\" alt=\"Dessert de Grenade sans gluten\" width=\"1000\" height=\"625\" srcset=\"https:\/\/tablaoflamencogranada.com\/wp-content\/uploads\/2025\/10\/cuajada-carnaval-granada.avif 1200w, https:\/\/tablaoflamencogranada.com\/wp-content\/uploads\/2025\/10\/cuajada-carnaval-granada-300x188.avif 300w, https:\/\/tablaoflamencogranada.com\/wp-content\/uploads\/2025\/10\/cuajada-carnaval-granada-1024x640.avif 1024w, https:\/\/tablaoflamencogranada.com\/wp-content\/uploads\/2025\/10\/cuajada-carnaval-granada-768x480.avif 768w\" sizes=\"(max-width: 1000px) 100vw, 1000px\" \/><figcaption id=\"caption-attachment-14735\" class=\"wp-caption-text\">Douce tradition qui c\u00e9l\u00e8bre la joie : profitez de l&rsquo;authentique cuajada de Carnaval.<\/figcaption><\/figure>\n<p>La cuajada de Carnaval est une <strong>douceur traditionnelle de Grenade<\/strong> qui a des origines arabes.<\/p>\n<p>Avec une saveur de cannelle et de miel, aromatique et cr\u00e9meuse, elle symbolise l&rsquo;h\u00e9ritage culturel de la ville et le go\u00fbt des f\u00eates du Carnaval.<\/p>\n<h3>Pesti\u00f1os granadinos<\/h3>\n<figure id=\"attachment_14661\" aria-describedby=\"caption-attachment-14661\" style=\"width: 1000px\" class=\"wp-caption aligncenter\"><img loading=\"lazy\" decoding=\"async\" class=\"wp-image-14661\" src=\"https:\/\/tablaoflamencogranada.com\/wp-content\/uploads\/2025\/10\/pestinos-granadinos.avif\" alt=\"Douceurs les plus c\u00e9l\u00e8bres de Grenade\" width=\"1000\" height=\"625\" srcset=\"https:\/\/tablaoflamencogranada.com\/wp-content\/uploads\/2025\/10\/pestinos-granadinos.avif 1200w, https:\/\/tablaoflamencogranada.com\/wp-content\/uploads\/2025\/10\/pestinos-granadinos-300x188.avif 300w, https:\/\/tablaoflamencogranada.com\/wp-content\/uploads\/2025\/10\/pestinos-granadinos-1024x640.avif 1024w, https:\/\/tablaoflamencogranada.com\/wp-content\/uploads\/2025\/10\/pestinos-granadinos-768x480.avif 768w\" sizes=\"(max-width: 1000px) 100vw, 1000px\" \/><figcaption id=\"caption-attachment-14661\" class=\"wp-caption-text\">Croustillants, doux et pleins de tradition : les authentiques pesti\u00f1os granadinos.<\/figcaption><\/figure>\n<p>L&rsquo;un des desserts les plus typiques de Grenade sont les pesti\u00f1os. Avec une <strong>saveur anis\u00e9e<\/strong> et une nuance mauresque de son origine andalouse, ils sont dor\u00e9s, croustillants et recouverts de miel. <\/p>\n<p>Bien que tout moment soit bon pour les d\u00e9guster, ils sont particuli\u00e8rement appr\u00e9ci\u00e9s \u00e0 No\u00ebl et \u00e0 la Semaine Sainte.<\/p>\n<h3>Sultanas de coco granadinas<\/h3>\n<figure id=\"attachment_14669\" aria-describedby=\"caption-attachment-14669\" style=\"width: 1000px\" class=\"wp-caption aligncenter\"><img loading=\"lazy\" decoding=\"async\" class=\"wp-image-14669\" src=\"https:\/\/tablaoflamencogranada.com\/wp-content\/uploads\/2025\/10\/sultanas-coco.avif\" alt=\"Boules de coco de Grenade\" width=\"1000\" height=\"625\" srcset=\"https:\/\/tablaoflamencogranada.com\/wp-content\/uploads\/2025\/10\/sultanas-coco.avif 1200w, https:\/\/tablaoflamencogranada.com\/wp-content\/uploads\/2025\/10\/sultanas-coco-300x188.avif 300w, https:\/\/tablaoflamencogranada.com\/wp-content\/uploads\/2025\/10\/sultanas-coco-1024x640.avif 1024w, https:\/\/tablaoflamencogranada.com\/wp-content\/uploads\/2025\/10\/sultanas-coco-768x480.avif 768w\" sizes=\"(max-width: 1000px) 100vw, 1000px\" \/><figcaption id=\"caption-attachment-14669\" class=\"wp-caption-text\">Douceur exotique et tradition dans chaque bouch\u00e9e : les d\u00e9licieuses sultanas de coco.<\/figcaption><\/figure>\n<p>L&rsquo;envie <strong>douce de No\u00ebl<\/strong> \u00e0 Grenade sont les sultanas de coco.<\/p>\n<p>Cette douceur influenc\u00e9e par la culture arabe, avec une <strong>saveur forte<\/strong> et une texture d\u00e9licate, conquiert ceux qui aiment la noix de coco. Id\u00e9ales pour accompagner le caf\u00e9 ou se r\u00e9galer \u00e0 tout moment de la journ\u00e9e. <\/p>\n<p>Comme vous avez pu l&rsquo;appr\u00e9cier dans ce guide de la cuisine typique de Grenade, vous avez pu constater que cette ville n&rsquo;est pas seulement connue pour son histoire et ses paysages, mais aussi pour sa gastronomie riche et vari\u00e9e.<\/p>\n<p>Chaque plat repr\u00e9sente la tradition et l&rsquo;affection avec lesquelles les aliments sont pr\u00e9par\u00e9s, offrant des saveurs uniques qui conqui\u00e8rent les habitants et les visiteurs. Des douceurs comme les piononos aux recettes sal\u00e9es comme le remoj\u00f3n granadino, la cuisine typique de Grenade est un v\u00e9ritable hommage \u00e0 la culture et \u00e0 la saveur de cette terre andalouse. <\/p>\n","protected":false},"excerpt":{"rendered":"<p>La gastronomie de Grenade est un reflet fid\u00e8le de sa culture, de son histoire et de la fusion des influences arabes et andalouses. Nous avons \u00e9labor\u00e9 une liste compl\u00e8te de tous les plats typiques de Grenade, des plats sal\u00e9s et des desserts pour que vous profitiez de la ville avec la vue et le palais.   <\/p>\n","protected":false},"author":1,"featured_media":14553,"comment_status":"closed","ping_status":"closed","sticky":false,"template":"","format":"standard","meta":{"footnotes":""},"categories":[123],"tags":[],"class_list":["post-14778","post","type-post","status-publish","format-standard","has-post-thumbnail","hentry","category-histoire-de-grenade"],"_links":{"self":[{"href":"https:\/\/tablaoflamencogranada.com\/fr\/wp-json\/wp\/v2\/posts\/14778","targetHints":{"allow":["GET"]}}],"collection":[{"href":"https:\/\/tablaoflamencogranada.com\/fr\/wp-json\/wp\/v2\/posts"}],"about":[{"href":"https:\/\/tablaoflamencogranada.com\/fr\/wp-json\/wp\/v2\/types\/post"}],"author":[{"embeddable":true,"href":"https:\/\/tablaoflamencogranada.com\/fr\/wp-json\/wp\/v2\/users\/1"}],"replies":[{"embeddable":true,"href":"https:\/\/tablaoflamencogranada.com\/fr\/wp-json\/wp\/v2\/comments?post=14778"}],"version-history":[{"count":1,"href":"https:\/\/tablaoflamencogranada.com\/fr\/wp-json\/wp\/v2\/posts\/14778\/revisions"}],"predecessor-version":[{"id":14840,"href":"https:\/\/tablaoflamencogranada.com\/fr\/wp-json\/wp\/v2\/posts\/14778\/revisions\/14840"}],"wp:featuredmedia":[{"embeddable":true,"href":"https:\/\/tablaoflamencogranada.com\/fr\/wp-json\/wp\/v2\/media\/14553"}],"wp:attachment":[{"href":"https:\/\/tablaoflamencogranada.com\/fr\/wp-json\/wp\/v2\/media?parent=14778"}],"wp:term":[{"taxonomy":"category","embeddable":true,"href":"https:\/\/tablaoflamencogranada.com\/fr\/wp-json\/wp\/v2\/categories?post=14778"},{"taxonomy":"post_tag","embeddable":true,"href":"https:\/\/tablaoflamencogranada.com\/fr\/wp-json\/wp\/v2\/tags?post=14778"}],"curies":[{"name":"wp","href":"https:\/\/api.w.org\/{rel}","templated":true}]}}