{"id":14789,"date":"2025-08-02T14:53:02","date_gmt":"2025-08-02T13:53:02","guid":{"rendered":"https:\/\/tablaoflamencogranada.com\/grottes-flamencas-du-sacromonte-un-tresor-culturel"},"modified":"2025-10-29T16:06:17","modified_gmt":"2025-10-29T15:06:17","slug":"grottes-flamencas-du-sacromonte-un-tresor-culturel","status":"publish","type":"post","link":"https:\/\/tablaoflamencogranada.com\/fr\/grottes-flamencas-du-sacromonte-un-tresor-culturel","title":{"rendered":"Grottes Flamencas du Sacromonte &#8211; Un tr\u00e9sor culturel"},"content":{"rendered":"<p>Grenade est une ville andalouse qui respire le flamenco dans les rues du Sacromonte.<\/p>\n<p>Dans ce quartier embl\u00e9matique de la ville, se trouvent les c\u00e9l\u00e8bres <strong>grottes flamencas du Sacromonte<\/strong>, connues pratiquement au niveau international. Une grande partie du tourisme qui visite la ville, en plus de visiter l&rsquo;Alhambra, a tendance \u00e0 s&rsquo;aventurer dans les rues du Sacromonte et \u00e0 voir dans ses grottes un authentique spectacle de flamenco. <\/p>\n<p>Ces grottes offrent non seulement des <strong>spectacles<\/strong> de flamenco uniques, dans un environnement unique, mais contribuent \u00e9galement \u00e0 maintenir vivante l&rsquo;histoire de la culture gitane et constituent un point de rencontre id\u00e9al pour toutes les personnes du monde qui cherchent \u00e0 profiter de cette expression culturelle unique.<\/p>\n<p><!--more--><\/p>\n<h2>L&rsquo;origine des grottes flamencas de Grenade<\/h2>\n<p>Le Sacromonte est un quartier qui se trouve \u00e0 Grenade, concr\u00e8tement sur la <strong>colline Valpara\u00edso<\/strong>, face \u00e0 l&rsquo;Albaic\u00edn et tr\u00e8s pr\u00e8s du lit du fleuve Darro.<\/p>\n<figure id=\"attachment_12303\" aria-describedby=\"caption-attachment-12303\" style=\"width: 1024px\" class=\"wp-caption aligncenter\"><img fetchpriority=\"high\" decoding=\"async\" class=\"wp-image-12303 size-large\" src=\"https:\/\/tablaoflamencogranada.com\/wp-content\/uploads\/2025\/08\/sacromonte-4-1024x1024.jpg\" alt=\"{%ALT_TEXT%}\" width=\"1024\" height=\"1024\" srcset=\"https:\/\/tablaoflamencogranada.com\/wp-content\/uploads\/2025\/08\/sacromonte-4-1024x1024.jpg 1024w, https:\/\/tablaoflamencogranada.com\/wp-content\/uploads\/2025\/08\/sacromonte-4-300x300.jpg 300w, https:\/\/tablaoflamencogranada.com\/wp-content\/uploads\/2025\/08\/sacromonte-4-150x150.jpg 150w, https:\/\/tablaoflamencogranada.com\/wp-content\/uploads\/2025\/08\/sacromonte-4-768x768.jpg 768w, https:\/\/tablaoflamencogranada.com\/wp-content\/uploads\/2025\/08\/sacromonte-4.jpg 1080w\" sizes=\"(max-width: 1024px) 100vw, 1024px\" \/><figcaption id=\"caption-attachment-12303\" class=\"wp-caption-text\">{%CAPTION%}<\/figcaption><\/figure>\n<p>Pour conna\u00eetre sa relation avec le flamenco, nous devons remonter \u00e0 l&rsquo;<strong>\u00e9poque d&rsquo;Al-\u00c1ndalus<\/strong>, lorsque la zone \u00e9tait un territoire p\u00e9riph\u00e9rique du centre urbain de Grenade.<\/p>\n<p>\u00c0 cette \u00e9poque, les grottes \u00e9taient d\u00e9j\u00e0 utilis\u00e9es comme refuges naturels dans la montagne, utilis\u00e9es comme entrep\u00f4ts ou abris temporaires.<\/p>\n<p>N\u00e9anmoins, la v\u00e9ritable transformation du Sacromonte commence \u00e0 <strong>la fin du XVe si\u00e8cle<\/strong>, lorsque les Juifs furent expuls\u00e9s en 1492 et plus tard les musulmans en 1502.<\/p>\n<p>Alors, commenc\u00e8rent une s\u00e9rie de <strong>pers\u00e9cutions religieuses<\/strong> qui oblig\u00e8rent de nombreuses personnes \u00e0 quitter le centre de la ville et \u00e0 aller vivre dans des zones plus marginales. \u00c0 cet exode, s&rsquo;ajout\u00e8rent les gitans, qui arriv\u00e8rent dans la P\u00e9ninsule depuis l&rsquo;est de l&rsquo;Europe et l&rsquo;Inde. <\/p>\n<p>Ces \u00e9tablissements d\u00e9plac\u00e9s firent des pentes du Sacromonte un lieu id\u00e9al pour <strong>former leurs logements<\/strong>, car en plus d&rsquo;\u00eatre assez cach\u00e9s, ils \u00e9taient un refuge qui leur offrait une protection et avaient une bonne <strong>isolation thermique<\/strong>, de sorte que la temp\u00e9rature y \u00e9tait fra\u00eeche en \u00e9t\u00e9 et chaude en hiver.<\/p>\n<h2>Les grottes : plus que des maisons, des espaces de culture<\/h2>\n<p>Les grottes du Sacromonte, en plus de servir de logement \u00e0 ces peuples gitans, se transform\u00e8rent \u00e9galement en le <strong>sc\u00e9nario<\/strong> parfait pour le <strong>m\u00e9lange de diverses cultures<\/strong> et la naissance de nouvelles formes d&rsquo;expressions artistiques.<\/p>\n<figure id=\"attachment_12311\" aria-describedby=\"caption-attachment-12311\" style=\"width: 1080px\" class=\"wp-caption alignnone\"><img decoding=\"async\" class=\"wp-image-12311 size-full\" src=\"https:\/\/tablaoflamencogranada.com\/wp-content\/uploads\/2025\/08\/sacromonte-2.jpg\" alt=\"{%ALT_TEXT%}\" width=\"1080\" height=\"1080\" srcset=\"https:\/\/tablaoflamencogranada.com\/wp-content\/uploads\/2025\/08\/sacromonte-2.jpg 1080w, https:\/\/tablaoflamencogranada.com\/wp-content\/uploads\/2025\/08\/sacromonte-2-300x300.jpg 300w, https:\/\/tablaoflamencogranada.com\/wp-content\/uploads\/2025\/08\/sacromonte-2-1024x1024.jpg 1024w, https:\/\/tablaoflamencogranada.com\/wp-content\/uploads\/2025\/08\/sacromonte-2-150x150.jpg 150w, https:\/\/tablaoflamencogranada.com\/wp-content\/uploads\/2025\/08\/sacromonte-2-768x768.jpg 768w\" sizes=\"(max-width: 1080px) 100vw, 1080px\" \/><figcaption id=\"caption-attachment-12311\" class=\"wp-caption-text\">{%CAPTION%}<\/figcaption><\/figure>\n<p>Dans ces grottes se m\u00e9langeait l&rsquo;art des <strong>Andalous, Juifs, Chr\u00e9tiens et Gitans.<\/strong><\/p>\n<p>Chaque grotte \u00e9tait planifi\u00e9e de mani\u00e8re similaire, elles avaient une entr\u00e9e en forme d&rsquo;arc, une zone commune qui serait ce que nous connaissons aujourd&rsquo;hui comme \u00ab\u00a0salon\u00a0\u00bb et les chambres qui servaient de dortoirs creus\u00e9es dans la roche.<\/p>\n<p>Beaucoup de ces logements sont encore conserv\u00e9s et habit\u00e9s, tandis que d&rsquo;autres ont \u00e9t\u00e9 transform\u00e9s en <strong>mus\u00e9es, tablaos flamencos ou espaces culturels.<\/strong><\/p>\n<h2>Le flamenco et la culture gitane : essence du Sacromonte<\/h2>\n<p data-start=\"2636\" data-end=\"2921\">Au fil des ans, les <strong data-start=\"2663\" data-end=\"2680\">gitans<\/strong> ont laiss\u00e9 une empreinte culturelle sur le Sacromonte. Leur style particulier de vivre la vie, la musique et leurs c\u00e9l\u00e9brations se sont fondus avec l&rsquo;environnement du quartier. Les racines du flamenco unique se sont \u00e9tablies : plus intime, \u00e9motionnel et visc\u00e9ral.  <\/p>\n<p data-start=\"2923\" data-end=\"3295\">Les c\u00e9l\u00e8bres <strong data-start=\"2926\" data-end=\"2953\">\u00ab\u00a0zambras\u00a0\u00bb du Sacromonte<\/strong>, sont la version gitane des f\u00eates que faisaient les Maures lors de leurs mariages, c&rsquo;est pourquoi elles sont une ic\u00f4ne de la fusion culturelle des familles. Ce ne sont pas seulement des spectacles pens\u00e9s pour attirer les visites de touristes, c&rsquo;est une fa\u00e7on de transmettre et de maintenir vivante leur culture. <\/p>\n<p data-start=\"3297\" data-end=\"3521\">En plus du flamenco, la culture gitane se transmet \u00e9galement dans d&rsquo;autres aspects, comme par exemple les <strong>plats traditionnels<\/strong>, dans la <strong data-start=\"3399\" data-end=\"3416\">mode flamenca si color\u00e9e<\/strong>, m\u00eame dans les festivit\u00e9s de la ville comme par exemple, le <strong data-start=\"3451\" data-end=\"3469\">Jour de la Croix<\/strong> ou le <strong data-start=\"3475\" data-end=\"3501\">p\u00e8lerinage de San Cecilio<\/strong>, patron du quartier.<\/p>\n<figure id=\"attachment_12343\" aria-describedby=\"caption-attachment-12343\" style=\"width: 1080px\" class=\"wp-caption alignnone\"><img decoding=\"async\" class=\"wp-image-12343 size-full\" src=\"https:\/\/tablaoflamencogranada.com\/wp-content\/uploads\/2025\/08\/sacromonte-3.jpg\" alt=\"{%ALT_TEXT%}\" width=\"1080\" height=\"1080\" srcset=\"https:\/\/tablaoflamencogranada.com\/wp-content\/uploads\/2025\/08\/sacromonte-3.jpg 1080w, https:\/\/tablaoflamencogranada.com\/wp-content\/uploads\/2025\/08\/sacromonte-3-300x300.jpg 300w, https:\/\/tablaoflamencogranada.com\/wp-content\/uploads\/2025\/08\/sacromonte-3-1024x1024.jpg 1024w, https:\/\/tablaoflamencogranada.com\/wp-content\/uploads\/2025\/08\/sacromonte-3-150x150.jpg 150w, https:\/\/tablaoflamencogranada.com\/wp-content\/uploads\/2025\/08\/sacromonte-3-768x768.jpg 768w\" sizes=\"(max-width: 1080px) 100vw, 1080px\" \/><figcaption id=\"caption-attachment-12343\" class=\"wp-caption-text\">{%CAPTION%}<\/figcaption><\/figure>\n<h2>\u00c9volution du quartier : entre la marginalisation et la reconnaissance<\/h2>\n<p>Pendant une grande partie de son histoire, le Sacromonte a \u00e9t\u00e9 d\u00e9sign\u00e9 comme un quartier pour <strong>classes sociales marginales.<\/strong><\/p>\n<p>La vie dans les grottes \u00e9tait assez dure, et la plupart n&rsquo;avaient pas les services de base.<\/p>\n<p>C&rsquo;est tout au long du <strong>XXe si\u00e8cle<\/strong>, que cette zone marginale a commenc\u00e9 \u00e0 acqu\u00e9rir une plus grande visibilit\u00e9, gagnant en visibilit\u00e9 car elle a commenc\u00e9 \u00e0 attirer les visites de personnes qui aimaient cette fa\u00e7on particuli\u00e8re de danser et de chanter qu&rsquo;a le peuple gitan, le flamenco.<\/p>\n<p>L&rsquo;essor du tourisme \u00e0 Grenade dans les <strong>d\u00e9cennies des ann\u00e9es 60 et 70<\/strong> a entra\u00een\u00e9 un regain d&rsquo;int\u00e9r\u00eat pour le Sacromonte et ses traditions. Des tablaos flamencos, des visites guid\u00e9es et des mus\u00e9es ethnographiques ont commenc\u00e9 \u00e0 fleurir, attirant des visiteurs du monde entier. <\/p>\n<p>Aujourd&rsquo;hui, le quartier est confront\u00e9 au d\u00e9fi d&rsquo;\u00e9quilibrer le d\u00e9veloppement touristique avec la conservation de son essence. Le risque de gentrification et la perte d&rsquo;identit\u00e9 culturelle sont des d\u00e9fis constants pour les familles qui r\u00e9sident encore dans les grottes. <\/p>\n<h2>Maintenir vivante l&rsquo;essence du quartier<\/h2>\n<figure id=\"attachment_12357\" aria-describedby=\"caption-attachment-12357\" style=\"width: 1080px\" class=\"wp-caption alignnone\"><img loading=\"lazy\" decoding=\"async\" class=\"wp-image-12357 size-full\" src=\"https:\/\/tablaoflamencogranada.com\/wp-content\/uploads\/2025\/08\/sacromonte-5.jpg\" alt=\"Grotte Flamenca du Sacromonte\" width=\"1080\" height=\"1080\" srcset=\"https:\/\/tablaoflamencogranada.com\/wp-content\/uploads\/2025\/08\/sacromonte-5.jpg 1080w, https:\/\/tablaoflamencogranada.com\/wp-content\/uploads\/2025\/08\/sacromonte-5-300x300.jpg 300w, https:\/\/tablaoflamencogranada.com\/wp-content\/uploads\/2025\/08\/sacromonte-5-1024x1024.jpg 1024w, https:\/\/tablaoflamencogranada.com\/wp-content\/uploads\/2025\/08\/sacromonte-5-150x150.jpg 150w, https:\/\/tablaoflamencogranada.com\/wp-content\/uploads\/2025\/08\/sacromonte-5-768x768.jpg 768w\" sizes=\"(max-width: 1080px) 100vw, 1080px\" \/><figcaption id=\"caption-attachment-12357\" class=\"wp-caption-text\">Spectacle dans la Grotte Flamenca Los Amaya<\/figcaption><\/figure>\n<p>Pr\u00e9server le Sacromonte, c&rsquo;est pr\u00e9server aussi prot\u00e9ger l&rsquo;<strong>histoire et l&rsquo;identit\u00e9 de ce peuple.<\/strong> <\/p>\n<p>On a investi dans l&rsquo;am\u00e9lioration des infrastructures de la zone, la protection de cette enclave naturelle, le soutien aux artistes et aux voisins qui maintiennent vivantes les traditions.<\/p>\n<p>De cette mani\u00e8re, non seulement on maintient vivante l&rsquo;histoire d&rsquo;un peuple r\u00e9silient, l&rsquo;art ancestral du flamenco, et un quartier qui est l&rsquo;ic\u00f4ne par excellence d&rsquo;une coexistence culturelle unique entre peuples marginaux.<\/p>\n<p>&nbsp;<\/p>\n","protected":false},"excerpt":{"rendered":"<p>Les grottes flamencas Sacromonte, creus\u00e9es dans la colline de Valpara\u00edso, sont n\u00e9es comme refuge de peuples marginalis\u00e9s et se sont transform\u00e9es en espaces de vie, d&rsquo;art et de flamenco. Aujourd&rsquo;hui, elles restent un symbole de l&rsquo;identit\u00e9 culturelle gitane et le c\u0153ur de l&rsquo;\u00e2me flamenca de Grenade. <\/p>\n","protected":false},"author":1,"featured_media":12320,"comment_status":"closed","ping_status":"closed","sticky":false,"template":"","format":"standard","meta":{"footnotes":""},"categories":[111,123],"tags":[],"class_list":["post-14789","post","type-post","status-publish","format-standard","has-post-thumbnail","hentry","category-flamenco-fr","category-histoire-de-grenade"],"_links":{"self":[{"href":"https:\/\/tablaoflamencogranada.com\/fr\/wp-json\/wp\/v2\/posts\/14789","targetHints":{"allow":["GET"]}}],"collection":[{"href":"https:\/\/tablaoflamencogranada.com\/fr\/wp-json\/wp\/v2\/posts"}],"about":[{"href":"https:\/\/tablaoflamencogranada.com\/fr\/wp-json\/wp\/v2\/types\/post"}],"author":[{"embeddable":true,"href":"https:\/\/tablaoflamencogranada.com\/fr\/wp-json\/wp\/v2\/users\/1"}],"replies":[{"embeddable":true,"href":"https:\/\/tablaoflamencogranada.com\/fr\/wp-json\/wp\/v2\/comments?post=14789"}],"version-history":[{"count":1,"href":"https:\/\/tablaoflamencogranada.com\/fr\/wp-json\/wp\/v2\/posts\/14789\/revisions"}],"predecessor-version":[{"id":14834,"href":"https:\/\/tablaoflamencogranada.com\/fr\/wp-json\/wp\/v2\/posts\/14789\/revisions\/14834"}],"wp:featuredmedia":[{"embeddable":true,"href":"https:\/\/tablaoflamencogranada.com\/fr\/wp-json\/wp\/v2\/media\/12320"}],"wp:attachment":[{"href":"https:\/\/tablaoflamencogranada.com\/fr\/wp-json\/wp\/v2\/media?parent=14789"}],"wp:term":[{"taxonomy":"category","embeddable":true,"href":"https:\/\/tablaoflamencogranada.com\/fr\/wp-json\/wp\/v2\/categories?post=14789"},{"taxonomy":"post_tag","embeddable":true,"href":"https:\/\/tablaoflamencogranada.com\/fr\/wp-json\/wp\/v2\/tags?post=14789"}],"curies":[{"name":"wp","href":"https:\/\/api.w.org\/{rel}","templated":true}]}}