{"id":14752,"date":"2025-08-25T12:15:04","date_gmt":"2025-08-25T11:15:04","guid":{"rendered":"https:\/\/tablaoflamencogranada.com\/da-dove-viene-il-flamenco"},"modified":"2025-10-27T13:56:48","modified_gmt":"2025-10-27T12:56:48","slug":"da-dove-viene-il-flamenco","status":"publish","type":"post","link":"https:\/\/tablaoflamencogranada.com\/it\/da-dove-viene-il-flamenco","title":{"rendered":"Da dove viene il flamenco?"},"content":{"rendered":"<p>Flamenco, una parola che solo ad ascoltarla incute rispetto. \u00c8 un&#8217;arte davvero difficile da descrivere, data l&#8217;ampiezza del suo significato. <\/p>\n<p>Potremmo definirlo come uno dei grandi tesori della Spagna, una delle espressioni artistiche pi\u00f9 conosciute a livello mondiale. Ma, da dove viene il flamenco? Qual \u00e8 la sua origine? Per rispondere a queste domande, dobbiamo andare nel <strong>sud della Spagna<\/strong>, in <strong>Andalusia<\/strong>, la culla del flamenco per eccellenza.   <\/p>\n<p>\u00c8 in questa terra che si trova l&#8217;origine del flamenco, ma se vuoi saperne di pi\u00f9, non perderti questo post in cui approfondiamo un po&#8217; di pi\u00f9 le <strong>origini e la sua storia<\/strong>.<\/p>\n<p><!--more--><\/p>\n<h2><strong>Il flamenco, da dove viene?<\/strong><\/h2>\n<p data-start=\"676\" data-end=\"997\">L&#8217;origine del flamenco si trova in <strong data-start=\"697\" data-end=\"739\">Andalusia tra il XVIII e il XIX secolo<\/strong>. Ha un&#8217;origine complessa e meticcia, poich\u00e9 nasce grazie alla mescolanza culturale che ci fu tra cristiani, moriscos e gitani in Andalusia durante quest&#8217;epoca.<\/p>\n<p data-start=\"676\" data-end=\"997\">Anche se la sua origine \u00e8 attribuita soprattutto al popolo gitano, il flamenco si nutr\u00ec dell&#8217;arte araba, ebraica e africana. In particolare, si dice che il flamenco sia la versione gitana delle zambras arabe o moresche. <\/p>\n<figure id=\"attachment_13936\" aria-describedby=\"caption-attachment-13936\" style=\"width: 845px\" class=\"wp-caption aligncenter\"><img fetchpriority=\"high\" decoding=\"async\" class=\"wp-image-13936\" src=\"https:\/\/tablaoflamencogranada.com\/wp-content\/uploads\/2025\/08\/de-donde-es-flamenco.avif\" alt=\"{%ALT_TEXT%}\" width=\"845\" height=\"563\" srcset=\"https:\/\/tablaoflamencogranada.com\/wp-content\/uploads\/2025\/08\/de-donde-es-flamenco.avif 1536w, https:\/\/tablaoflamencogranada.com\/wp-content\/uploads\/2025\/08\/de-donde-es-flamenco-300x200.avif 300w, https:\/\/tablaoflamencogranada.com\/wp-content\/uploads\/2025\/08\/de-donde-es-flamenco-1024x683.avif 1024w, https:\/\/tablaoflamencogranada.com\/wp-content\/uploads\/2025\/08\/de-donde-es-flamenco-768x512.avif 768w\" sizes=\"(max-width: 845px) 100vw, 845px\" \/><figcaption id=\"caption-attachment-13936\" class=\"wp-caption-text\">L&#8217;origine del flamenco \u00e8 in Andalusia<\/figcaption><\/figure>\n<p data-start=\"676\" data-end=\"997\">Le zambras arabe erano un tipo di riunione festiva che i moriscos facevano nei secoli XVI e XVIII dove si mescolavano musica, ballo e canto con reminiscenze andaluse. In queste zambras si ballava gi\u00e0 al suono delle palmas, si zapateava e c&#8217;erano melodie melismatiche (ornamentate). Anche i gitani iniziarono a incorporare questo stile alle loro feste.  <\/p>\n<p data-start=\"1219\" data-end=\"1419\">Anche se il suo punto di origine \u00e8 <strong data-start=\"1226\" data-end=\"1239\">l&#8217;Andalusia<\/strong>, con il passare del tempo il flamenco si estese ad altre regioni della Spagna come <strong data-start=\"1337\" data-end=\"1352\">l&#8217;Estremadura<\/strong> e <strong data-start=\"1355\" data-end=\"1365\">Murcia<\/strong>, che apportarono anch&#8217;esse varianti e stili propri.<\/p>\n<figure id=\"attachment_13944\" aria-describedby=\"caption-attachment-13944\" style=\"width: 848px\" class=\"wp-caption aligncenter\"><img decoding=\"async\" class=\"wp-image-13944\" src=\"https:\/\/tablaoflamencogranada.com\/wp-content\/uploads\/2025\/08\/los-origenes-flamenco.avif\" alt=\"{%ALT_TEXT%}\" width=\"848\" height=\"565\" srcset=\"https:\/\/tablaoflamencogranada.com\/wp-content\/uploads\/2025\/08\/los-origenes-flamenco.avif 1536w, https:\/\/tablaoflamencogranada.com\/wp-content\/uploads\/2025\/08\/los-origenes-flamenco-300x200.avif 300w, https:\/\/tablaoflamencogranada.com\/wp-content\/uploads\/2025\/08\/los-origenes-flamenco-1024x683.avif 1024w, https:\/\/tablaoflamencogranada.com\/wp-content\/uploads\/2025\/08\/los-origenes-flamenco-768x512.avif 768w\" sizes=\"(max-width: 848px) 100vw, 848px\" \/><figcaption id=\"caption-attachment-13944\" class=\"wp-caption-text\">Rappresentazione di spettacolo flamenco<\/figcaption><\/figure>\n<h2 data-start=\"1219\" data-end=\"1419\">Il flamenco come arte<\/h2>\n<p data-start=\"1449\" data-end=\"1491\">Fondamentalmente nel flamenco esistono 3 pilastri su cui si sostiene, che sono:<\/p>\n<ul data-start=\"1493\" data-end=\"1723\">\n<li data-start=\"1493\" data-end=\"1553\">\n<p data-start=\"1495\" data-end=\"1553\"><strong data-start=\"1495\" data-end=\"1507\">Il cante<\/strong>: la voce, profonda e carica di sentimento.<\/p>\n<\/li>\n<li data-start=\"1554\" data-end=\"1635\">\n<p data-start=\"1556\" data-end=\"1635\"><strong data-start=\"1556\" data-end=\"1568\">Il baile<\/strong>: forza, ritmo ed espressione corporea che gli conferisce quel tocco emotivo.<\/p>\n<\/li>\n<li data-start=\"1636\" data-end=\"1723\">\n<p data-start=\"1638\" data-end=\"1723\"><strong data-start=\"1638\" data-end=\"1650\">El toque<\/strong>: la chitarra flamenca, che accompagna e dialoga con il cante e il baile.<\/p>\n<\/li>\n<\/ul>\n<p data-start=\"1725\" data-end=\"1845\">Questi tre elementi rendono il flamenco un&#8217;arte viva ed emozionante, che trasmette i sentimenti pi\u00f9 profondi, anche quelli che le parole non possono.<\/p>\n<h2 data-start=\"1725\" data-end=\"1845\">Riconosciuto come Patrimonio dell&#8217;Umanit\u00e0<\/h2>\n<p data-start=\"1908\" data-end=\"2180\">Il flamenco ha superato le frontiere e nell&#8217;anno <strong data-start=\"1988\" data-end=\"2062\">2010 \u00e8 stato riconosciuto dall&#8217;UNESCO come Patrimonio Culturale Immateriale dell&#8217;Umanit\u00e0<\/strong>.<\/p>\n<p data-start=\"1908\" data-end=\"2180\">E il flamenco ha un valore artistico incomparabile, \u00e8 un simbolo di identit\u00e0 culturale del nostro paese e dobbiamo esserne molto orgogliosi.<\/p>\n<p data-start=\"2182\" data-end=\"2352\">Questo riconoscimento, inoltre, ha fatto s\u00ec che quest&#8217;arte sia pi\u00f9 protetta e si mantenga viva, poich\u00e9 le apporta diffusione e sostegno per garantire che le sue tradizioni continuino a vivere e si trasmettano alle nuove generazioni.<\/p>\n<figure id=\"attachment_13954\" aria-describedby=\"caption-attachment-13954\" style=\"width: 847px\" class=\"wp-caption aligncenter\"><img decoding=\"async\" class=\" wp-image-13954\" src=\"https:\/\/tablaoflamencogranada.com\/wp-content\/uploads\/2025\/08\/flamenco-patrimonio-humanidad.avif\" alt=\"{%ALT_TEXT%}\" width=\"847\" height=\"565\" srcset=\"https:\/\/tablaoflamencogranada.com\/wp-content\/uploads\/2025\/08\/flamenco-patrimonio-humanidad.avif 1500w, https:\/\/tablaoflamencogranada.com\/wp-content\/uploads\/2025\/08\/flamenco-patrimonio-humanidad-300x200.avif 300w, https:\/\/tablaoflamencogranada.com\/wp-content\/uploads\/2025\/08\/flamenco-patrimonio-humanidad-1024x683.avif 1024w, https:\/\/tablaoflamencogranada.com\/wp-content\/uploads\/2025\/08\/flamenco-patrimonio-humanidad-768x512.avif 768w\" sizes=\"(max-width: 847px) 100vw, 847px\" \/><figcaption id=\"caption-attachment-13954\" class=\"wp-caption-text\">{%CAPTION%}<\/figcaption><\/figure>\n<h2 data-start=\"2354\" data-end=\"2382\">Flamenco in tutto il mondo<\/h2>\n<p data-start=\"2384\" data-end=\"2617\">Il flamenco \u00e8 un&#8217;arte apprezzata da persone di tutto il mondo. Attualmente possiamo trovare spettacoli di flamenco puro nei <strong data-start=\"2500\" data-end=\"2559\">tablaos flamencos di Siviglia, Granada, Cordova o Madrid<\/strong>, dove gli artisti mantengono l&#8217;essenza pura di quest&#8217;arte. <\/p>\n<p data-start=\"2619\" data-end=\"2841\">Ma, inoltre, ci sono anche molti paesi come il Giappone, gli Stati Uniti o la Francia che hanno grandi scuole di flamenco e migliaia di seguaci appassionati. Di fatto, il Giappone \u00e8 considerato il secondo paese con pi\u00f9 appassionati di flamenco dopo la Spagna. <\/p>\n<h2 data-start=\"2843\" data-end=\"2863\">Attualmente<\/h2>\n<p data-start=\"2865\" data-end=\"3267\">Attualmente, il flamenco \u00e8 ancora molto vivo e per questo continua a evolversi. Accanto al flamenco pi\u00f9 tradizionale, troviamo anche flamenco in fusioni con altri generi come il jazz, il rock o la musica latina, che fanno s\u00ec che si apra a nuovi pubblici senza perdere la sua essenza. <\/p>\n<p data-start=\"2865\" data-end=\"3267\">Diversi artisti come <strong>Camar\u00f3n de la Isla, Paco de Luc\u00eda<\/strong> o, pi\u00f9 recentemente, <strong>Rosal\u00eda<\/strong>, hanno portato il flamenco su scenari internazionali, dimostrando che si tratta di un&#8217;arte universale.<\/p>\n<p data-start=\"3286\" data-end=\"3597\">Allora, <strong data-start=\"3296\" data-end=\"3325\">il flamenco da dove viene?<\/strong> Il flamenco \u00e8 <strong data-start=\"3344\" data-end=\"3365\">dell&#8217;Andalusia, Spagna<\/strong>, anche se la sua forza ed emozione hanno conquistato il mondo intero. La sua mescolanza di culture, la sua storia e la sua capacit\u00e0 di trasmettere sentimenti lo rendono un&#8217;arte irripetibile, dichiarata <strong><a href=\"https:\/\/ich.unesco.org\/es\/RL\/el-flamenco-00363\" title=\"Flamenco patrimonio dell&#039;Umanit\u00e0\" target=\"_blank\" rel=\"noopener\">Patrimonio dell&#8217;Umanit\u00e0 dall&#8217;UNESCO<\/a><\/strong>. <\/p>\n<p data-start=\"3599\" data-end=\"3798\">Vivere il flamenco in un tablao andaluso \u00e8 sperimentare l&#8217;essenza pi\u00f9 pura di questa tradizione, dove il cante, il baile e la chitarra si uniscono per creare uno spettacolo pieno di magia e autenticit\u00e0.<\/p>\n","protected":false},"excerpt":{"rendered":"<p>Il flamenco, nato in Andalusia tra il XVIII e il XIX secolo, \u00e8 molto pi\u00f9 che musica: \u00e8 sentimento, cultura e arte riconosciuto dall&#8217;UNESCO come Patrimonio dell&#8217;Umanit\u00e0.<\/p>\n","protected":false},"author":1,"featured_media":13910,"comment_status":"closed","ping_status":"closed","sticky":false,"template":"","format":"standard","meta":{"footnotes":""},"categories":[116],"tags":[],"class_list":["post-14752","post","type-post","status-publish","format-standard","has-post-thumbnail","hentry","category-flamenco-it"],"_links":{"self":[{"href":"https:\/\/tablaoflamencogranada.com\/it\/wp-json\/wp\/v2\/posts\/14752","targetHints":{"allow":["GET"]}}],"collection":[{"href":"https:\/\/tablaoflamencogranada.com\/it\/wp-json\/wp\/v2\/posts"}],"about":[{"href":"https:\/\/tablaoflamencogranada.com\/it\/wp-json\/wp\/v2\/types\/post"}],"author":[{"embeddable":true,"href":"https:\/\/tablaoflamencogranada.com\/it\/wp-json\/wp\/v2\/users\/1"}],"replies":[{"embeddable":true,"href":"https:\/\/tablaoflamencogranada.com\/it\/wp-json\/wp\/v2\/comments?post=14752"}],"version-history":[{"count":1,"href":"https:\/\/tablaoflamencogranada.com\/it\/wp-json\/wp\/v2\/posts\/14752\/revisions"}],"predecessor-version":[{"id":14815,"href":"https:\/\/tablaoflamencogranada.com\/it\/wp-json\/wp\/v2\/posts\/14752\/revisions\/14815"}],"wp:featuredmedia":[{"embeddable":true,"href":"https:\/\/tablaoflamencogranada.com\/it\/wp-json\/wp\/v2\/media\/13910"}],"wp:attachment":[{"href":"https:\/\/tablaoflamencogranada.com\/it\/wp-json\/wp\/v2\/media?parent=14752"}],"wp:term":[{"taxonomy":"category","embeddable":true,"href":"https:\/\/tablaoflamencogranada.com\/it\/wp-json\/wp\/v2\/categories?post=14752"},{"taxonomy":"post_tag","embeddable":true,"href":"https:\/\/tablaoflamencogranada.com\/it\/wp-json\/wp\/v2\/tags?post=14752"}],"curies":[{"name":"wp","href":"https:\/\/api.w.org\/{rel}","templated":true}]}}