{"id":14773,"date":"2025-10-24T12:43:23","date_gmt":"2025-10-24T11:43:23","guid":{"rendered":"https:\/\/tablaoflamencogranada.com\/questautunno-granada-si-trasforma-in-citta-del-flamenco-e-della-cultura"},"modified":"2025-10-29T05:29:30","modified_gmt":"2025-10-29T04:29:30","slug":"questautunno-granada-si-trasforma-in-citta-del-flamenco-e-della-cultura","status":"publish","type":"post","link":"https:\/\/tablaoflamencogranada.com\/it\/questautunno-granada-si-trasforma-in-citta-del-flamenco-e-della-cultura","title":{"rendered":"Quest&#8217;autunno Granada si trasforma in citt\u00e0 del flamenco e della cultura"},"content":{"rendered":"<p>La citt\u00e0 di Granada si organizza per godere di un autunno eccezionale, in cui la tradizione, l&#8217;innovazione culturale e l&#8217;arte jondo si uniranno per affermarla come figura di spicco della cultura viva in Spagna e Andalusia.<\/p>\n<h2>Una chiara scommessa sul flamenco<\/h2>\n<p>Il flamenco \u00e8 il tema centrale della programmazione culturale granadina di quest&#8217;anno e viene affrontato con determinazione. Una parte di questa iniziativa si concretizza nel <strong>programma Granada es Flamenco 365<\/strong>, che ha gi\u00e0 iniziato a essere implementato come preludio all&#8217;evento principale, la <a title=\"eventi flamencos granada\" href=\"https:\/\/bienalgranada.com\/\" target=\"_blank\" rel=\"noopener\">Bienal de Flamenco Granada 2025<\/a>. <\/p>\n<p>Il programma municipale Patrimonio Flamenco, che include la partecipazione di pi\u00f9 di cento artisti locali e dodici spettacoli, si svolge anche nei mesi di ottobre, novembre e dicembre.<\/p>\n<h2>Cosa include la programmazione?<\/h2>\n<ul>\n<li>La prima <strong>Coral Flamenca de Granada<\/strong> avr\u00e0 la sua prima assoluta il 16 novembre all&#8217;Auditorio Manuel de Falla, in concomitanza con il XV anniversario della dichiarazione del flamenco come Patrimonio Culturale Immateriale dell&#8217;Umanit\u00e0.<\/li>\n<li>Laboratori, rappresentazioni e incontri di riflessione artistica in diverse localit\u00e0 della provincia (ad esempio, C\u00fallar Vega, Beas de Granada, C\u00e1jar e D\u00edlar).<\/li>\n<li>Prospettiva multidisciplinare: l&#8217;Universit\u00e0 di Granada, attraverso la sua Cattedra di Flamenco, ha collaborato con noi per unire il contemporaneo e la tradizione.<\/li>\n<li>Spazi unici: il flamenco si espander\u00e0 all&#8217;esterno, raggiungendo piazze, belvedere e quartieri di valore storico come l&#8217;Albaic\u00edn e il Sacromonte, per far parte del paesaggio urbano e patrimoniale della citt\u00e0.<\/li>\n<\/ul>\n<h2>Perch\u00e9 \u00e8 stata scelta Granada?<\/h2>\n<p>Granada non solo desidera godere del flamenco in questo autunno, ma aspira anche a consolidare la sua immagine come <strong>destinazione culturale di primo piano<\/strong>.<\/p>\n<p>La citt\u00e0 offre una variet\u00e0 di festival, teatro, musica e arti sceniche che consolidano la sua immagine come &#8220;citt\u00e0 delle arti e della musica&#8221;.<\/p>\n<p>E, cosa pi\u00f9 importante: la programmazione rientra nell&#8217;orizzonte della sua candidatura a Capitale Europea della Cultura nel 2031.<\/p>\n<p>In questo modo, sia il flamenco che la cultura si mostrano anche come motore di sviluppo in termini di identit\u00e0 e turismo.<\/p>\n<p><img fetchpriority=\"high\" decoding=\"async\" class=\"size-full wp-image-14511 aligncenter\" src=\"https:\/\/tablaoflamencogranada.com\/wp-content\/uploads\/2025\/10\/eventos-flamenco-granada.avif\" alt=\"eventi flamencos granada novembre\" width=\"1200\" height=\"750\" srcset=\"https:\/\/tablaoflamencogranada.com\/wp-content\/uploads\/2025\/10\/eventos-flamenco-granada.avif 1200w, https:\/\/tablaoflamencogranada.com\/wp-content\/uploads\/2025\/10\/eventos-flamenco-granada-300x188.avif 300w, https:\/\/tablaoflamencogranada.com\/wp-content\/uploads\/2025\/10\/eventos-flamenco-granada-1024x640.avif 1024w, https:\/\/tablaoflamencogranada.com\/wp-content\/uploads\/2025\/10\/eventos-flamenco-granada-768x480.avif 768w\" sizes=\"(max-width: 1200px) 100vw, 1200px\" \/><\/p>\n<h2>Per chi \u00e8 questo? Dove e quando andare? <\/h2>\n<p>Per gli appassionati di flamenco: sia coloro che amano la musica e il ballo tradizionale, sia coloro che cercano spettacoli contemporanei e nuove fusioni.<\/p>\n<p>Per coloro che <strong>visitano Granada<\/strong> e cercano di sperimentare qualcosa di diverso in termini di cultura: laboratori, concerti all&#8217;aperto, spettacoli in luoghi patrimoniali e incontri con artisti.<\/p>\n<p>I periodi pi\u00f9 importanti vanno da ottobre a dicembre, con una particolare intensit\u00e0 durante i fine settimana per i cicli &#8220;Patrimonio Flamenco&#8221;.<\/p>\n<h2>Consigli per godere al massimo<\/h2>\n<ul>\n<li data-start=\"3147\" data-end=\"3260\"><strong>Prenotare i biglietti in anticipo<\/strong> per gli spettacoli di punta (ad esempio, la prima della Coral Flamenca).<\/li>\n<li data-start=\"3263\" data-end=\"3413\">Scegliere spazi non solo i <strong>centri turistici tradizionali<\/strong>: esplorare quartieri come Sacromonte o Albaic\u00edn, dove il flamenco ha radici profonde.<\/li>\n<li data-start=\"3416\" data-end=\"3546\">Combinare <strong>cultura con turismo<\/strong>: visitare anche l&#8217;Alhambra, i belvedere, tapas e passeggiare per le strade; sentire come la citt\u00e0 vive l&#8217;arte.<\/li>\n<li data-start=\"3549\" data-end=\"3702\">Essere attenti al calendario di <strong>laboratori e attivit\u00e0 parallele<\/strong>: molte proposte sono gratuite o a numero chiuso, il che permette di viverlo come un locale.<\/li>\n<\/ul>\n<h2>Granada: un autunno da vivere, sentire e ricordare<\/h2>\n<p data-start=\"3623\" data-end=\"3915\">Quest&#8217;autunno, <a href=\"https:\/\/tablaoflamencogranada.com\/it\/cosa-vedere-e-fare-a-granada-attivita-imperdibili-per-il-tuo-viaggio\" title=\"cosa fare a Granada\">Granada<\/a> invita a lasciarsi trasportare dal duende. Le strade si riempiono di comp\u00e1s, di chitarre e di voci che raccontano storie ancestrali. La combinazione tra l&#8217;ambiente monumentale, il calore della sua gente e la ricchezza artistica rende la citt\u00e0 uno scenario irripetibile.  <\/p>\n<p data-start=\"3917\" data-end=\"4202\">Coloro che visiteranno Granada durante questi mesi non solo assisteranno a un evento culturale, ma faranno parte di un&#8217;esperienza sensoriale ed emotiva che celebra l&#8217;essenza andalusa nella sua massima espressione. Un autunno che promette di rimanere impresso nella memoria di tutti coloro che lo vivranno. <\/p>\n","protected":false},"excerpt":{"rendered":"<p>Granada si prepara per un autunno pieno di arte e tradizione con una programmazione dedicata al flamenco. Con il programma Granada es Flamenco 365 e l&#8217;anteprima della Bienal de Flamenco 2025, la citt\u00e0 si trasforma in un punto di riferimento culturale con spettacoli, laboratori e attivit\u00e0. <\/p>\n","protected":false},"author":1,"featured_media":14507,"comment_status":"closed","ping_status":"closed","sticky":false,"template":"","format":"standard","meta":{"footnotes":""},"categories":[116],"tags":[],"class_list":["post-14773","post","type-post","status-publish","format-standard","has-post-thumbnail","hentry","category-flamenco-it"],"_links":{"self":[{"href":"https:\/\/tablaoflamencogranada.com\/it\/wp-json\/wp\/v2\/posts\/14773","targetHints":{"allow":["GET"]}}],"collection":[{"href":"https:\/\/tablaoflamencogranada.com\/it\/wp-json\/wp\/v2\/posts"}],"about":[{"href":"https:\/\/tablaoflamencogranada.com\/it\/wp-json\/wp\/v2\/types\/post"}],"author":[{"embeddable":true,"href":"https:\/\/tablaoflamencogranada.com\/it\/wp-json\/wp\/v2\/users\/1"}],"replies":[{"embeddable":true,"href":"https:\/\/tablaoflamencogranada.com\/it\/wp-json\/wp\/v2\/comments?post=14773"}],"version-history":[{"count":1,"href":"https:\/\/tablaoflamencogranada.com\/it\/wp-json\/wp\/v2\/posts\/14773\/revisions"}],"predecessor-version":[{"id":14844,"href":"https:\/\/tablaoflamencogranada.com\/it\/wp-json\/wp\/v2\/posts\/14773\/revisions\/14844"}],"wp:featuredmedia":[{"embeddable":true,"href":"https:\/\/tablaoflamencogranada.com\/it\/wp-json\/wp\/v2\/media\/14507"}],"wp:attachment":[{"href":"https:\/\/tablaoflamencogranada.com\/it\/wp-json\/wp\/v2\/media?parent=14773"}],"wp:term":[{"taxonomy":"category","embeddable":true,"href":"https:\/\/tablaoflamencogranada.com\/it\/wp-json\/wp\/v2\/categories?post=14773"},{"taxonomy":"post_tag","embeddable":true,"href":"https:\/\/tablaoflamencogranada.com\/it\/wp-json\/wp\/v2\/tags?post=14773"}],"curies":[{"name":"wp","href":"https:\/\/api.w.org\/{rel}","templated":true}]}}