{"id":14780,"date":"2025-10-27T12:13:13","date_gmt":"2025-10-27T11:13:13","guid":{"rendered":"https:\/\/tablaoflamencogranada.com\/cibo-tipico-di-granada-da-provare"},"modified":"2025-10-30T17:45:56","modified_gmt":"2025-10-30T16:45:56","slug":"cibo-tipico-di-granada-da-provare","status":"publish","type":"post","link":"https:\/\/tablaoflamencogranada.com\/it\/cibo-tipico-di-granada-da-provare","title":{"rendered":"Cibo tipico di Granada da provare"},"content":{"rendered":"<p>Non hai ancora provato il cibo tipico di Granada?<\/p>\n<p>Devi sapere che la gastronomia di Granada \u00e8 una grande attrattiva della provincia, poich\u00e9 mescola alla perfezione sapori con influenze arabe con tradizioni andaluse.<\/p>\n<p>La cucina si basa su <strong>prodotti freschi e nutrienti<\/strong> coltivati nella regione, come le verdure della vega, carni per stufati e salumi dell&#8217;Alpujarra.<\/p>\n<p>Abbiamo fatto una raccolta abbastanza completa dei <strong>piatti e dessert tipici di Granada<\/strong>, ideale per sapere cosa mangiare nella tua prossima <a title=\"attivit\u00e0 da fare a Granada\" href=\"https:\/\/tablaoflamencogranada.com\/it\/cosa-vedere-e-fare-a-granada-attivita-imperdibili-per-il-tuo-viaggio\">visita<\/a> a questa citt\u00e0 ricca di storia, tradizione e sapore.<\/p>\n<p>Dalle tapas granadine cos\u00ec famose che accompagnano ogni bevanda ai piatti di zuppa e ai <strong>dessert tipici di Granada<\/strong> con un inconfondibile tocco arabo, ogni angolo della provincia offre sapori unici.<\/p>\n<p><!--more--><\/p>\n<h2>Piatti tipici di Granada &#8211; Guida definitiva al cibo granadino<\/h2>\n<p>I piatti principali di Granada sono noti per la loro tradizione e il loro uso di prodotti dell&#8217;orto e derivati del maiale.<\/p>\n<h3>Remoj\u00f3n granadino<\/h3>\n<figure id=\"attachment_14560\" aria-describedby=\"caption-attachment-14560\" style=\"width: 1000px\" class=\"wp-caption aligncenter\"><img fetchpriority=\"high\" decoding=\"async\" class=\"wp-image-14560\" src=\"https:\/\/tablaoflamencogranada.com\/wp-content\/uploads\/2025\/10\/remojon-granadino-1.avif\" alt=\"cibo famoso di Granada\" width=\"1000\" height=\"625\" srcset=\"https:\/\/tablaoflamencogranada.com\/wp-content\/uploads\/2025\/10\/remojon-granadino-1.avif 1200w, https:\/\/tablaoflamencogranada.com\/wp-content\/uploads\/2025\/10\/remojon-granadino-1-300x188.avif 300w, https:\/\/tablaoflamencogranada.com\/wp-content\/uploads\/2025\/10\/remojon-granadino-1-1024x640.avif 1024w, https:\/\/tablaoflamencogranada.com\/wp-content\/uploads\/2025\/10\/remojon-granadino-1-768x480.avif 768w\" sizes=\"(max-width: 1000px) 100vw, 1000px\" \/><figcaption id=\"caption-attachment-14560\" class=\"wp-caption-text\">Freschezza e tradizione in ogni boccone: cos\u00ec si gusta l&#8217;autentico remoj\u00f3n granadino.<\/figcaption><\/figure>\n<p>Un cibo che non pu\u00f2 mancare nella lista, l&#8217;<strong>insalata fredda di arance sbucciate<\/strong> e tagliate a pezzetti con olio. Varianti comuni includono baccal\u00e0 sminuzzato, olive nere, cipolla o cipollotti, uova, aceto, paprika, patate o pomodoro. <\/p>\n<p>Si condisce con olio d&#8217;oliva vergine e pu\u00f2 avere sapori dolci e salati.<\/p>\n<p>Di origine araba. \u00c8 popolare a Granada, Cordova e Ja\u00e9n. \u00c8 ideale per i mesi caldi.  <\/p>\n<h3>Insalata di Zalamandro\u00f1a<\/h3>\n<figure id=\"attachment_14713\" aria-describedby=\"caption-attachment-14713\" style=\"width: 1000px\" class=\"wp-caption aligncenter\"><img decoding=\"async\" class=\"wp-image-14713\" src=\"https:\/\/tablaoflamencogranada.com\/wp-content\/uploads\/2025\/10\/ensalada-zalamadrona.avif\" alt=\"Cibo di Granada adatto ai vegani\" width=\"1000\" height=\"625\" srcset=\"https:\/\/tablaoflamencogranada.com\/wp-content\/uploads\/2025\/10\/ensalada-zalamadrona.avif 1200w, https:\/\/tablaoflamencogranada.com\/wp-content\/uploads\/2025\/10\/ensalada-zalamadrona-300x188.avif 300w, https:\/\/tablaoflamencogranada.com\/wp-content\/uploads\/2025\/10\/ensalada-zalamadrona-1024x640.avif 1024w, https:\/\/tablaoflamencogranada.com\/wp-content\/uploads\/2025\/10\/ensalada-zalamadrona-768x480.avif 768w\" sizes=\"(max-width: 1000px) 100vw, 1000px\" \/><figcaption id=\"caption-attachment-14713\" class=\"wp-caption-text\">Colori, sapori e tradizione in un piatto: scopri la magia dell&#8217;insalata di zalamandro\u00f1a.<\/figcaption><\/figure>\n<p>Un cibo elaborato con verdure che sono state precedentemente essiccate al sole, come <strong>zucca, pomodoro secco, zucchine e peperone arrosto e secco<\/strong>. Si aggiungono olive nere e baccal\u00e0 sminuzzato, pinoli abbondanti e cipolla tritata. Si condisce con pepe nero e origano. Si mangia fredda.   <\/p>\n<p>Di origine andalusa. \u00c8 tipica della regione di Guadix, specialmente popolare a Hu\u00e9neja. <\/p>\n<h3>Melanzane al miele di canna<\/h3>\n<figure id=\"attachment_14568\" aria-describedby=\"caption-attachment-14568\" style=\"width: 1000px\" class=\"wp-caption aligncenter\"><img decoding=\"async\" class=\"wp-image-14568\" src=\"https:\/\/tablaoflamencogranada.com\/wp-content\/uploads\/2025\/10\/berengenas-con-miel.avif\" alt=\"cibo tipico di Granada per vegetariani\" width=\"1000\" height=\"625\" srcset=\"https:\/\/tablaoflamencogranada.com\/wp-content\/uploads\/2025\/10\/berengenas-con-miel.avif 1200w, https:\/\/tablaoflamencogranada.com\/wp-content\/uploads\/2025\/10\/berengenas-con-miel-300x188.avif 300w, https:\/\/tablaoflamencogranada.com\/wp-content\/uploads\/2025\/10\/berengenas-con-miel-1024x640.avif 1024w, https:\/\/tablaoflamencogranada.com\/wp-content\/uploads\/2025\/10\/berengenas-con-miel-768x480.avif 768w\" sizes=\"(max-width: 1000px) 100vw, 1000px\" \/><figcaption id=\"caption-attachment-14568\" class=\"wp-caption-text\">Dolce e sorprendente: le melanzane con miele che conquistano i palati.<\/figcaption><\/figure>\n<p>All&#8217;interno del cibo tipico della citt\u00e0, non possono mancare le melanzane, che vengono tagliate a fette o bastoncini, si aggiunge sale per togliere l&#8217;amaro, si infarinano e si friggono in abbondante olio d&#8217;oliva caldo.<\/p>\n<p>Al momento di servire, si versa un <strong>filo di miele di canna<\/strong> sopra, senza aspettare che si raffreddino. La chiave \u00e8 che rimangano croccanti.<br \/>\nDi origine araba. \u00c8 un piatto molto tipico in tutta l&#8217;Andalusia, essendo pi\u00f9 popolare a <strong>Granada e Cordova.<\/strong> Il contrappunto amaro e dolce \u00e8 molto equilibrato.  <\/p>\n<h3>Tapas a Granada<\/h3>\n<p>Ordinando una bevanda nella maggior parte dei bar di Granada, viene servita una tapa generosa. In alcuni stabilimenti, \u00e8 possibile scegliere la tapa disponibile. \u00c8 uno degli elementi imprescindibili della gastronomia granadina. Le zone conosciute per il tapeo includono la calle Navas, la zona della Cattedrale, la calle Elvira, la plaza de toros, l&#8217;Albaic\u00edn o la plaza de la Trinidad.   <\/p>\n<h3>Migas di pane o di semola<\/h3>\n<figure id=\"attachment_14577\" aria-describedby=\"caption-attachment-14577\" style=\"width: 1000px\" class=\"wp-caption aligncenter\"><img loading=\"lazy\" decoding=\"async\" class=\"wp-image-14577\" src=\"https:\/\/tablaoflamencogranada.com\/wp-content\/uploads\/2025\/10\/migas-pan.avif\" alt=\"Piatto tipico granadino\" width=\"1000\" height=\"625\" srcset=\"https:\/\/tablaoflamencogranada.com\/wp-content\/uploads\/2025\/10\/migas-pan.avif 1200w, https:\/\/tablaoflamencogranada.com\/wp-content\/uploads\/2025\/10\/migas-pan-300x188.avif 300w, https:\/\/tablaoflamencogranada.com\/wp-content\/uploads\/2025\/10\/migas-pan-1024x640.avif 1024w, https:\/\/tablaoflamencogranada.com\/wp-content\/uploads\/2025\/10\/migas-pan-768x480.avif 768w\" sizes=\"(max-width: 1000px) 100vw, 1000px\" \/><figcaption id=\"caption-attachment-14577\" class=\"wp-caption-text\">Croccanti, saporite e piene di storia: cos\u00ec sono le autentiche migas di pane.<\/figcaption><\/figure>\n<p>Originariamente, si preparavano per sfruttare il pane raffermo, cucinandolo con pancetta, aglio, olio e peperoni. Si pu\u00f2 accompagnare con uovo fritto, sardine, melone o uva. A volte si usa semola di grano al posto del pane, rendendole pi\u00f9 veloci, anche se meno saporite.  <\/p>\n<p>Piatto tradizionale invernale che si \u00e8 convertito in una tapa frequente<\/p>\n<h2>Piatti forti, cotti e stufati tipici di Granada<\/h2>\n<h3><b class=\"ng-star-inserted\" data-start-index=\"2835\">Fave con prosciutto<\/b><\/h3>\n<figure id=\"attachment_14585\" aria-describedby=\"caption-attachment-14585\" style=\"width: 1000px\" class=\"wp-caption aligncenter\"><img loading=\"lazy\" decoding=\"async\" class=\"wp-image-14585\" src=\"https:\/\/tablaoflamencogranada.com\/wp-content\/uploads\/2025\/10\/habas-con-jamon.avif\" alt=\"un piatto unico granadino\" width=\"1000\" height=\"625\" srcset=\"https:\/\/tablaoflamencogranada.com\/wp-content\/uploads\/2025\/10\/habas-con-jamon.avif 1200w, https:\/\/tablaoflamencogranada.com\/wp-content\/uploads\/2025\/10\/habas-con-jamon-300x188.avif 300w, https:\/\/tablaoflamencogranada.com\/wp-content\/uploads\/2025\/10\/habas-con-jamon-1024x640.avif 1024w, https:\/\/tablaoflamencogranada.com\/wp-content\/uploads\/2025\/10\/habas-con-jamon-768x480.avif 768w\" sizes=\"(max-width: 1000px) 100vw, 1000px\" \/><figcaption id=\"caption-attachment-14585\" class=\"wp-caption-text\">Semplicit\u00e0 e sapore che innamorano: fave con prosciutto, un classico irresistibile.<\/figcaption><\/figure>\n<p>Si elaborano con un soffritto (appassito) e dadini di prosciutto, a cui si aggiungono le fave. Si coprono con brodo di vitello, pollo e verdure e si lasciano cuocere per circa 15 minuti. Le fave piccole (favette) sono una prelibatezza in primavera. Uno dei piatti tipici granadini.   <\/p>\n<h3>Tortilla del Sacromonte<\/h3>\n<p>\u00c8 la tortilla tradizionale di Granada, propria dei residenti del quartiere del Sacromonte. Questo cibo tipico si prepara con diversi tipi di interiora, essendo i <strong>testicoli e i cervelli di montone<\/strong> i pi\u00f9 importanti. Si \u00e8 soliti aggiungere spesso piselli, pangrattato e noci. Ci sono versioni che incorporano <strong>chorizo, prosciutto di Trev\u00e9lez e patate<\/strong>.   <\/p>\n<figure id=\"attachment_14594\" aria-describedby=\"caption-attachment-14594\" style=\"width: 1000px\" class=\"wp-caption aligncenter\"><img loading=\"lazy\" decoding=\"async\" class=\"wp-image-14594\" src=\"https:\/\/tablaoflamencogranada.com\/wp-content\/uploads\/2025\/10\/tortilla-del-sacromonte.avif\" alt=\"Piatti granadini per eccellenza\" width=\"1000\" height=\"625\" srcset=\"https:\/\/tablaoflamencogranada.com\/wp-content\/uploads\/2025\/10\/tortilla-del-sacromonte.avif 1200w, https:\/\/tablaoflamencogranada.com\/wp-content\/uploads\/2025\/10\/tortilla-del-sacromonte-300x188.avif 300w, https:\/\/tablaoflamencogranada.com\/wp-content\/uploads\/2025\/10\/tortilla-del-sacromonte-1024x640.avif 1024w, https:\/\/tablaoflamencogranada.com\/wp-content\/uploads\/2025\/10\/tortilla-del-sacromonte-768x480.avif 768w\" sizes=\"(max-width: 1000px) 100vw, 1000px\" \/><figcaption id=\"caption-attachment-14594\" class=\"wp-caption-text\">Tradizione granadina nella sua massima espressione: l&#8217;emblematica tortilla del Sacromonte.<\/figcaption><\/figure>\n<h3>Piatto Alpujarre\u00f1o<\/h3>\n<figure id=\"attachment_14723\" aria-describedby=\"caption-attachment-14723\" style=\"width: 1000px\" class=\"wp-caption aligncenter\"><img loading=\"lazy\" decoding=\"async\" class=\"wp-image-14723\" src=\"https:\/\/tablaoflamencogranada.com\/wp-content\/uploads\/2025\/10\/plato-alpujarreno-1.avif\" alt=\"Il piatto pi\u00f9 famoso di Granada\" width=\"1000\" height=\"625\" srcset=\"https:\/\/tablaoflamencogranada.com\/wp-content\/uploads\/2025\/10\/plato-alpujarreno-1.avif 1200w, https:\/\/tablaoflamencogranada.com\/wp-content\/uploads\/2025\/10\/plato-alpujarreno-1-300x188.avif 300w, https:\/\/tablaoflamencogranada.com\/wp-content\/uploads\/2025\/10\/plato-alpujarreno-1-1024x640.avif 1024w, https:\/\/tablaoflamencogranada.com\/wp-content\/uploads\/2025\/10\/plato-alpujarreno-1-768x480.avif 768w\" sizes=\"(max-width: 1000px) 100vw, 1000px\" \/><figcaption id=\"caption-attachment-14723\" class=\"wp-caption-text\">Sapori di montagna in ogni boccone: goditi l&#8217;autentico piatto alpujarre\u00f1o.<\/figcaption><\/figure>\n<p>Possibilmente il cibo di Granada pi\u00f9 famoso. Un piatto dell&#8217;Alpujarra granadina, molto sostanzioso in calorie. Incorpora prodotti tipici della regione, come il <strong>lombo di orza, la morcilla, la longaniza, le patate a lo pobre<\/strong> (patate fritte con aglio e peperoni), l&#8217;uovo fritto e il prosciutto serrano.  <\/p>\n<h3>Olla de San Ant\u00f3n<\/h3>\n<figure id=\"attachment_14602\" aria-describedby=\"caption-attachment-14602\" style=\"width: 1000px\" class=\"wp-caption aligncenter\"><img loading=\"lazy\" decoding=\"async\" class=\"wp-image-14602\" src=\"https:\/\/tablaoflamencogranada.com\/wp-content\/uploads\/2025\/10\/olla-san-anton.avif\" alt=\"Zuppa di Granada pi\u00f9 famosa\" width=\"1000\" height=\"625\" srcset=\"https:\/\/tablaoflamencogranada.com\/wp-content\/uploads\/2025\/10\/olla-san-anton.avif 1200w, https:\/\/tablaoflamencogranada.com\/wp-content\/uploads\/2025\/10\/olla-san-anton-300x188.avif 300w, https:\/\/tablaoflamencogranada.com\/wp-content\/uploads\/2025\/10\/olla-san-anton-1024x640.avif 1024w, https:\/\/tablaoflamencogranada.com\/wp-content\/uploads\/2025\/10\/olla-san-anton-768x480.avif 768w\" sizes=\"(max-width: 1000px) 100vw, 1000px\" \/><figcaption id=\"caption-attachment-14602\" class=\"wp-caption-text\">Calore, tradizione e sapore in ogni cucchiaio: l&#8217;autentica olla de San Ant\u00f3n<\/figcaption><\/figure>\n<p>Uno stufato molto famoso e abbondante che commemora la macellazione del maiale. Si consuma soprattutto intorno al 17 gennaio, che \u00e8 il giorno di San Ant\u00f3n. <\/p>\n<p>\u00c8 fatto con un&#8217;ampia variet\u00e0 di prodotti derivati dal maiale, come orecchio, spina dorsale (fresca e secca), coda, pancetta (fresca e secca), zampe, guancia, osso di prosciutto, morcilla e piedini, con una miscela di legumi (riso, fagioli bianchi o ceci).<\/p>\n<p>Il brodo e i legumi vengono serviti prima, poi la porzione di carne di maiale, ci\u00f2 che si conosce come &#8220;<em>la pring\u00e1<\/em>&#8220;.<\/p>\n<h3>Choto al Ajillo<\/h3>\n<figure id=\"attachment_14611\" aria-describedby=\"caption-attachment-14611\" style=\"width: 1000px\" class=\"wp-caption aligncenter\"><img loading=\"lazy\" decoding=\"async\" class=\"wp-image-14611\" src=\"https:\/\/tablaoflamencogranada.com\/wp-content\/uploads\/2025\/10\/choto-al-ajillo.avif\" alt=\"Piatti famosi di Granada\" width=\"1000\" height=\"625\" srcset=\"https:\/\/tablaoflamencogranada.com\/wp-content\/uploads\/2025\/10\/choto-al-ajillo.avif 1200w, https:\/\/tablaoflamencogranada.com\/wp-content\/uploads\/2025\/10\/choto-al-ajillo-300x188.avif 300w, https:\/\/tablaoflamencogranada.com\/wp-content\/uploads\/2025\/10\/choto-al-ajillo-1024x640.avif 1024w, https:\/\/tablaoflamencogranada.com\/wp-content\/uploads\/2025\/10\/choto-al-ajillo-768x480.avif 768w\" sizes=\"(max-width: 1000px) 100vw, 1000px\" \/><figcaption id=\"caption-attachment-14611\" class=\"wp-caption-text\">Succoso, aromatico e pieno di tradizione: cos\u00ec si gusta l&#8217;autentico choto al ajillo.<\/figcaption><\/figure>\n<p>In questo piatto la carne principale \u00e8 quella di capretto (choto).<\/p>\n<p>La carne si dora con olio, peperoni e aglio, e poi si versa vino. Si incorpora un trito preparato con pane fritto, mandorle e vino bianco. Per prevenire che le ossa si scheggino \u00e8 importante un taglio della carne pulito. Si pu\u00f2 servire insieme a zucchine o patate fritte.   <\/p>\n<h3>Moraga de Sardinas<\/h3>\n<figure id=\"attachment_14687\" aria-describedby=\"caption-attachment-14687\" style=\"width: 1000px\" class=\"wp-caption aligncenter\"><img loading=\"lazy\" decoding=\"async\" class=\"wp-image-14687\" src=\"https:\/\/tablaoflamencogranada.com\/wp-content\/uploads\/2025\/10\/moraga-sardinas-motril.avif\" alt=\"piatto tipico di Motril\" width=\"1000\" height=\"625\" srcset=\"https:\/\/tablaoflamencogranada.com\/wp-content\/uploads\/2025\/10\/moraga-sardinas-motril.avif 1200w, https:\/\/tablaoflamencogranada.com\/wp-content\/uploads\/2025\/10\/moraga-sardinas-motril-300x188.avif 300w, https:\/\/tablaoflamencogranada.com\/wp-content\/uploads\/2025\/10\/moraga-sardinas-motril-1024x640.avif 1024w, https:\/\/tablaoflamencogranada.com\/wp-content\/uploads\/2025\/10\/moraga-sardinas-motril-768x480.avif 768w\" sizes=\"(max-width: 1000px) 100vw, 1000px\" \/><figcaption id=\"caption-attachment-14687\" class=\"wp-caption-text\">Tradizione alla brace: sardine che sanno di estate e mare.<\/figcaption><\/figure>\n<p>Piatto marinaro tipico delle zone costiere di Granada, come Motril. Si elabora con sardine arrostite alla brace sulla spiaggia, o cucinate in una casseruola di terracotta bagnate con vino bianco, olio d&#8217;oliva vergine, succo di limone, aglio tritato, prezzemolo e sale. \u00c8 una tradizione associata alle feste estive.  <\/p>\n<h3>Potaje de Hinojos<\/h3>\n<figure id=\"attachment_14704\" aria-describedby=\"caption-attachment-14704\" style=\"width: 1002px\" class=\"wp-caption aligncenter\"><img loading=\"lazy\" decoding=\"async\" class=\"wp-image-14704\" src=\"https:\/\/tablaoflamencogranada.com\/wp-content\/uploads\/2025\/10\/puchero-hinojos.avif\" alt=\"zuppa tipica di Granada\" width=\"1002\" height=\"626\" srcset=\"https:\/\/tablaoflamencogranada.com\/wp-content\/uploads\/2025\/10\/puchero-hinojos.avif 1200w, https:\/\/tablaoflamencogranada.com\/wp-content\/uploads\/2025\/10\/puchero-hinojos-300x188.avif 300w, https:\/\/tablaoflamencogranada.com\/wp-content\/uploads\/2025\/10\/puchero-hinojos-1024x640.avif 1024w, https:\/\/tablaoflamencogranada.com\/wp-content\/uploads\/2025\/10\/puchero-hinojos-768x480.avif 768w\" sizes=\"(max-width: 1002px) 100vw, 1002px\" \/><figcaption id=\"caption-attachment-14704\" class=\"wp-caption-text\">Sapore e tradizione in ogni cucchiaio: scopri l&#8217;autentico potaje de hinojos.<\/figcaption><\/figure>\n<p>Un altro cibo di Granada abbastanza tipico \u00e8 il puchero o potaje de Hinojos. Si tratta di una zuppa di fagioli bianchi che si profuma con i germogli verdi del finocchio. \u00c8 cucinato con prodotti derivati dal maiale, come carne magra, morcilla, osso di prosciutto, pancetta e costola; a volte si aggiunge un po&#8217; di riso per addensare.  <\/p>\n<h3>Gurupina<\/h3>\n<figure id=\"attachment_14678\" aria-describedby=\"caption-attachment-14678\" style=\"width: 1000px\" class=\"wp-caption aligncenter\"><img loading=\"lazy\" decoding=\"async\" class=\"wp-image-14678\" src=\"https:\/\/tablaoflamencogranada.com\/wp-content\/uploads\/2025\/10\/gurupina-baza.avif\" alt=\"Piatto tipico di Baza\" width=\"1000\" height=\"625\" srcset=\"https:\/\/tablaoflamencogranada.com\/wp-content\/uploads\/2025\/10\/gurupina-baza.avif 1200w, https:\/\/tablaoflamencogranada.com\/wp-content\/uploads\/2025\/10\/gurupina-baza-300x188.avif 300w, https:\/\/tablaoflamencogranada.com\/wp-content\/uploads\/2025\/10\/gurupina-baza-1024x640.avif 1024w, https:\/\/tablaoflamencogranada.com\/wp-content\/uploads\/2025\/10\/gurupina-baza-768x480.avif 768w\" sizes=\"(max-width: 1000px) 100vw, 1000px\" \/><figcaption id=\"caption-attachment-14678\" class=\"wp-caption-text\">Un sapore unico che unisce tradizione e freschezza: cos\u00ec \u00e8 l&#8217;autentica gurupina di Baza.<\/figcaption><\/figure>\n<p>Questo piatto \u00e8 tipico della regione di Baza. Questa preparazione consiste nel friggere peperone rosso secco (che poi si frulla) e saltare cipolla, peperone verde, chorizo, aglio e pomodoro. Si aggiungono funghi, paprika, acqua e farina, e si cucina a fuoco lento fino ad ottenere una consistenza simile al porridge.  <\/p>\n<h3>Prodotti in evidenza<\/h3>\n<figure id=\"attachment_14620\" aria-describedby=\"caption-attachment-14620\" style=\"width: 1000px\" class=\"wp-caption aligncenter\"><img loading=\"lazy\" decoding=\"async\" class=\"wp-image-14620\" src=\"https:\/\/tablaoflamencogranada.com\/wp-content\/uploads\/2025\/10\/jamon-trevelez.avif\" alt=\"Prodotti tipici di Granada - Prosciutto di Trev\u00e9lez\" width=\"1000\" height=\"625\" srcset=\"https:\/\/tablaoflamencogranada.com\/wp-content\/uploads\/2025\/10\/jamon-trevelez.avif 1200w, https:\/\/tablaoflamencogranada.com\/wp-content\/uploads\/2025\/10\/jamon-trevelez-300x188.avif 300w, https:\/\/tablaoflamencogranada.com\/wp-content\/uploads\/2025\/10\/jamon-trevelez-1024x640.avif 1024w, https:\/\/tablaoflamencogranada.com\/wp-content\/uploads\/2025\/10\/jamon-trevelez-768x480.avif 768w\" sizes=\"(max-width: 1000px) 100vw, 1000px\" \/><figcaption id=\"caption-attachment-14620\" class=\"wp-caption-text\">Stagionato in altezza, pieno di sapore: l&#8217;autentico prosciutto di Trev\u00e9lez.<\/figcaption><\/figure>\n<ul>\n<li><strong>Prosciutto di Trev\u00e9lez<\/strong>: Conosciuto per la sua qualit\u00e0 e sapore, stagionato in modo naturale a 1700 metri sopra il livello del mare.<\/li>\n<li><strong>Quisquillas de Motril:<\/strong> Un crostaceo pi\u00f9 piccolo e spinoso del gambero, di colore rosso intenso e con un sapore forte. Si pescano in zone di pesca specifiche di Motril e si consumano generalmente cotti. <\/li>\n<\/ul>\n<h2>Dessert tradizionali di Granada<\/h2>\n<p>La pasticceria di Granada \u00e8 fortemente influenzata dalla <strong>cultura araba<\/strong>, ponendo enfasi sull&#8217;impiego di  <strong>spezie, miele e mandorle.<\/strong><\/p>\n<h3>Piononos de Santa Fe<\/h3>\n<figure id=\"attachment_14629\" aria-describedby=\"caption-attachment-14629\" style=\"width: 1000px\" class=\"wp-caption aligncenter\"><img loading=\"lazy\" decoding=\"async\" class=\"wp-image-14629\" src=\"https:\/\/tablaoflamencogranada.com\/wp-content\/uploads\/2025\/10\/piononos.avif\" alt=\"Dessert pi\u00f9 famoso di Granada\" width=\"1000\" height=\"625\" srcset=\"https:\/\/tablaoflamencogranada.com\/wp-content\/uploads\/2025\/10\/piononos.avif 1200w, https:\/\/tablaoflamencogranada.com\/wp-content\/uploads\/2025\/10\/piononos-300x188.avif 300w, https:\/\/tablaoflamencogranada.com\/wp-content\/uploads\/2025\/10\/piononos-1024x640.avif 1024w, https:\/\/tablaoflamencogranada.com\/wp-content\/uploads\/2025\/10\/piononos-768x480.avif 768w\" sizes=\"(max-width: 1000px) 100vw, 1000px\" \/><figcaption id=\"caption-attachment-14629\" class=\"wp-caption-text\">Piccoli bocconi di dolcezza e tradizione: gli irresistibili piononos di Granada.<\/figcaption><\/figure>\n<p>Si tratta del dolce <strong>pi\u00f9 caratteristico di Granada<\/strong>, che nacque nella citt\u00e0 di Santa Fe. \u00c8 un pasticcino piccolo, che si elabora con uno strato sottile di pan di Spagna arrotolato in forma cilindrica. <\/p>\n<p>Il pan di Spagna si inzuppa con <strong>sciroppo molto dolce<\/strong> e si adorna con crema tostata.<br \/>\nIl pasticcino fu creato da <strong>Ceferino Isla nel 1854<\/strong> come tributo al <strong>Papa Pio IX (Pio Nono)<\/strong>, la cui immagine (con forma cilindrica e copertura) e zucchetto (di colore crema tostata) servirono da ispirazione.<\/p>\n<h3>Soplillos de la Alpujarra<\/h3>\n<figure id=\"attachment_14695\" aria-describedby=\"caption-attachment-14695\" style=\"width: 1000px\" class=\"wp-caption aligncenter\"><img loading=\"lazy\" decoding=\"async\" class=\"wp-image-14695\" src=\"https:\/\/tablaoflamencogranada.com\/wp-content\/uploads\/2025\/10\/soplillos-alpujarra.avif\" alt=\"Dessert tipico di Granada\" width=\"1000\" height=\"625\" srcset=\"https:\/\/tablaoflamencogranada.com\/wp-content\/uploads\/2025\/10\/soplillos-alpujarra.avif 1200w, https:\/\/tablaoflamencogranada.com\/wp-content\/uploads\/2025\/10\/soplillos-alpujarra-300x188.avif 300w, https:\/\/tablaoflamencogranada.com\/wp-content\/uploads\/2025\/10\/soplillos-alpujarra-1024x640.avif 1024w, https:\/\/tablaoflamencogranada.com\/wp-content\/uploads\/2025\/10\/soplillos-alpujarra-768x480.avif 768w\" sizes=\"(max-width: 1000px) 100vw, 1000px\" \/><figcaption id=\"caption-attachment-14695\" class=\"wp-caption-text\">Leggerezza e dolcezza in ogni boccone: scopri i tradizionali soplillos de la Alpujarra.<\/figcaption><\/figure>\n<p>Un dessert tradizionale con <strong>radici arabe<\/strong> proveniente dalla provincia di Granada. I suoi ingredienti principali sono la mandorla, il limone, lo zucchero e l&#8217;uovo. <\/p>\n<p>Per fare una meringa, si montano gli albumi con lo zucchero e poi si incorporano pezzi di mandorla schiacciata e scorza di limone. Dopo si inforna a 100 gradi per due ore. <\/p>\n<h3>Roscos de Loja<\/h3>\n<figure id=\"attachment_14637\" aria-describedby=\"caption-attachment-14637\" style=\"width: 1000px\" class=\"wp-caption aligncenter\"><img loading=\"lazy\" decoding=\"async\" class=\"wp-image-14637\" src=\"https:\/\/tablaoflamencogranada.com\/wp-content\/uploads\/2025\/10\/roscos-de-loja.avif\" alt=\"Dolci tipici di Granada\" width=\"1000\" height=\"625\" srcset=\"https:\/\/tablaoflamencogranada.com\/wp-content\/uploads\/2025\/10\/roscos-de-loja.avif 1200w, https:\/\/tablaoflamencogranada.com\/wp-content\/uploads\/2025\/10\/roscos-de-loja-300x188.avif 300w, https:\/\/tablaoflamencogranada.com\/wp-content\/uploads\/2025\/10\/roscos-de-loja-1024x640.avif 1024w, https:\/\/tablaoflamencogranada.com\/wp-content\/uploads\/2025\/10\/roscos-de-loja-768x480.avif 768w\" sizes=\"(max-width: 1000px) 100vw, 1000px\" \/><figcaption id=\"caption-attachment-14637\" class=\"wp-caption-text\">Sapore che attraversa generazioni: gli autentici roscos de Loja.<\/figcaption><\/figure>\n<p>I roscos de Loja sono un vero <strong>simbolo granadino.<\/strong> Questo dolce, ricoperto con uno strato di meringa irresistibile, \u00e8 un simbolo della citt\u00e0 e una tappa obbligatoria per tutti coloro che la visitano. Nessuno pu\u00f2 resistere a portarsi a casa una scatola, grazie al sapore tradizionale e alla texture unica di questo prodotto. <\/p>\n<h3>Tocinillo de cielo de Guadix<\/h3>\n<figure id=\"attachment_14645\" aria-describedby=\"caption-attachment-14645\" style=\"width: 1000px\" class=\"wp-caption aligncenter\"><img loading=\"lazy\" decoding=\"async\" class=\"wp-image-14645\" src=\"https:\/\/tablaoflamencogranada.com\/wp-content\/uploads\/2025\/10\/tocinilo-cielo.avif\" alt=\"Dolci famosi di Granada\" width=\"1000\" height=\"625\" srcset=\"https:\/\/tablaoflamencogranada.com\/wp-content\/uploads\/2025\/10\/tocinilo-cielo.avif 1200w, https:\/\/tablaoflamencogranada.com\/wp-content\/uploads\/2025\/10\/tocinilo-cielo-300x188.avif 300w, https:\/\/tablaoflamencogranada.com\/wp-content\/uploads\/2025\/10\/tocinilo-cielo-1024x640.avif 1024w, https:\/\/tablaoflamencogranada.com\/wp-content\/uploads\/2025\/10\/tocinilo-cielo-768x480.avif 768w\" sizes=\"(max-width: 1000px) 100vw, 1000px\" \/><figcaption id=\"caption-attachment-14645\" class=\"wp-caption-text\">Piccole porzioni di felicit\u00e0: l&#8217;irresistibile tocinillo de cielo.<\/figcaption><\/figure>\n<p>Il tocinillo de cielo de Guadix \u00e8 una prelibatezza squisita.<\/p>\n<p>Con la sua texture setosa e il suo sapore intenso di tuorlo e zucchero, questo dessert andaluso \u00e8 un gioiello della pasticceria conventuale che continua a conquistare i palati generazione dopo generazione.<\/p>\n<h3>Huesos de santo<\/h3>\n<figure id=\"attachment_14653\" aria-describedby=\"caption-attachment-14653\" style=\"width: 1000px\" class=\"wp-caption aligncenter\"><img loading=\"lazy\" decoding=\"async\" class=\"wp-image-14653\" src=\"https:\/\/tablaoflamencogranada.com\/wp-content\/uploads\/2025\/10\/huesos-santo.avif\" alt=\"Dolci Granadini tipici\" width=\"1000\" height=\"625\" srcset=\"https:\/\/tablaoflamencogranada.com\/wp-content\/uploads\/2025\/10\/huesos-santo.avif 1200w, https:\/\/tablaoflamencogranada.com\/wp-content\/uploads\/2025\/10\/huesos-santo-300x188.avif 300w, https:\/\/tablaoflamencogranada.com\/wp-content\/uploads\/2025\/10\/huesos-santo-1024x640.avif 1024w, https:\/\/tablaoflamencogranada.com\/wp-content\/uploads\/2025\/10\/huesos-santo-768x480.avif 768w\" sizes=\"(max-width: 1000px) 100vw, 1000px\" \/><figcaption id=\"caption-attachment-14653\" class=\"wp-caption-text\">Dolci che raccontano storie: scopri gli autentici huesos de santo.<\/figcaption><\/figure>\n<p>Un dessert molto tradizionale della Settimana Santa e di Ognissanti sono gli huesos de santo.<\/p>\n<p>Fatti con pasta di mandorle, ripieni di tuorlo dolce e spolverati con zucchero a velo, sono piccoli bocconcini tradizionali che risultano tanto ricchi quanto coinvolgenti.<\/p>\n<h3>Cuajada de Carnaval de Granada<\/h3>\n<figure id=\"attachment_14735\" aria-describedby=\"caption-attachment-14735\" style=\"width: 1000px\" class=\"wp-caption aligncenter\"><img loading=\"lazy\" decoding=\"async\" class=\"wp-image-14735\" src=\"https:\/\/tablaoflamencogranada.com\/wp-content\/uploads\/2025\/10\/cuajada-carnaval-granada.avif\" alt=\"Dessert di Granada senza glutine\" width=\"1000\" height=\"625\" srcset=\"https:\/\/tablaoflamencogranada.com\/wp-content\/uploads\/2025\/10\/cuajada-carnaval-granada.avif 1200w, https:\/\/tablaoflamencogranada.com\/wp-content\/uploads\/2025\/10\/cuajada-carnaval-granada-300x188.avif 300w, https:\/\/tablaoflamencogranada.com\/wp-content\/uploads\/2025\/10\/cuajada-carnaval-granada-1024x640.avif 1024w, https:\/\/tablaoflamencogranada.com\/wp-content\/uploads\/2025\/10\/cuajada-carnaval-granada-768x480.avif 768w\" sizes=\"(max-width: 1000px) 100vw, 1000px\" \/><figcaption id=\"caption-attachment-14735\" class=\"wp-caption-text\">Dolce tradizione che celebra l&#8217;allegria: goditi l&#8217;autentica cuajada de Carnaval.<\/figcaption><\/figure>\n<p>La cuajada de Carnaval \u00e8 un <strong>dolce tradizionale di Granada<\/strong> che ha origini arabe.<\/p>\n<p>Con un sapore di cannella e miele, aromatica e cremosa, simboleggia l&#8217;eredit\u00e0 culturale della citt\u00e0 e il gusto delle feste del Carnevale.<\/p>\n<h3>Pesti\u00f1os granadinos<\/h3>\n<figure id=\"attachment_14661\" aria-describedby=\"caption-attachment-14661\" style=\"width: 1000px\" class=\"wp-caption aligncenter\"><img loading=\"lazy\" decoding=\"async\" class=\"wp-image-14661\" src=\"https:\/\/tablaoflamencogranada.com\/wp-content\/uploads\/2025\/10\/pestinos-granadinos.avif\" alt=\"Dolci pi\u00f9 famosi di Granada\" width=\"1000\" height=\"625\" srcset=\"https:\/\/tablaoflamencogranada.com\/wp-content\/uploads\/2025\/10\/pestinos-granadinos.avif 1200w, https:\/\/tablaoflamencogranada.com\/wp-content\/uploads\/2025\/10\/pestinos-granadinos-300x188.avif 300w, https:\/\/tablaoflamencogranada.com\/wp-content\/uploads\/2025\/10\/pestinos-granadinos-1024x640.avif 1024w, https:\/\/tablaoflamencogranada.com\/wp-content\/uploads\/2025\/10\/pestinos-granadinos-768x480.avif 768w\" sizes=\"(max-width: 1000px) 100vw, 1000px\" \/><figcaption id=\"caption-attachment-14661\" class=\"wp-caption-text\">Croccanti, dolci e pieni di tradizione: gli autentici pesti\u00f1os granadinos.<\/figcaption><\/figure>\n<p>Uno dei dessert pi\u00f9 tipici di Granada sono i pesti\u00f1os. Con un <strong>sapore anisato<\/strong> e una sfumatura moresca della sua origine andalusa, questi sono dorati, croccanti e ricoperti di miele. <\/p>\n<p>Anche se qualsiasi momento \u00e8 buono per gustarli, si godono in modo speciale a Natale e Settimana Santa.<\/p>\n<h3>Sultanas de coco granadinas<\/h3>\n<figure id=\"attachment_14669\" aria-describedby=\"caption-attachment-14669\" style=\"width: 1000px\" class=\"wp-caption aligncenter\"><img loading=\"lazy\" decoding=\"async\" class=\"wp-image-14669\" src=\"https:\/\/tablaoflamencogranada.com\/wp-content\/uploads\/2025\/10\/sultanas-coco.avif\" alt=\"Palline di cocco di Granada\" width=\"1000\" height=\"625\" srcset=\"https:\/\/tablaoflamencogranada.com\/wp-content\/uploads\/2025\/10\/sultanas-coco.avif 1200w, https:\/\/tablaoflamencogranada.com\/wp-content\/uploads\/2025\/10\/sultanas-coco-300x188.avif 300w, https:\/\/tablaoflamencogranada.com\/wp-content\/uploads\/2025\/10\/sultanas-coco-1024x640.avif 1024w, https:\/\/tablaoflamencogranada.com\/wp-content\/uploads\/2025\/10\/sultanas-coco-768x480.avif 768w\" sizes=\"(max-width: 1000px) 100vw, 1000px\" \/><figcaption id=\"caption-attachment-14669\" class=\"wp-caption-text\">Dolcezza esotica e tradizione in ogni boccone: le deliziose sultanas de coco.<\/figcaption><\/figure>\n<p>Il dolce <strong>desiderio di Natale<\/strong> a Granada sono le sultanas de coco.<\/p>\n<p>Questo dolce influenzato dalla cultura araba, con un <strong>sapore forte<\/strong> e una texture delicata, conquista coloro che amano il cocco. Ideali per accompagnare il caff\u00e8 o deliziarsi in qualsiasi momento della giornata. <\/p>\n<p>Come hai potuto apprezzare in questa guida di cibo di Granada tipica, hai potuto vedere che questa citt\u00e0 non \u00e8 solo conosciuta per la sua storia e i suoi paesaggi, ma anche per la sua ricca e variegata gastronomia.<\/p>\n<p>Ogni piatto rappresenta la tradizione e l&#8217;affetto con cui si preparano gli alimenti, offrendo sapori unici che conquistano locali e visitatori. Dai dolci come i piononos alle ricette salate come il remoj\u00f3n granadino, il cibo tipico di Granada \u00e8 un vero omaggio alla cultura e al sapore di questa terra andalusa. <\/p>\n","protected":false},"excerpt":{"rendered":"<p>La gastronomia di Granada \u00e8 un fedele riflesso della sua cultura, storia e la fusione di influenze arabe e andaluse. Abbiamo elaborato un elenco completo di tutti i cibi tipici di Granada, piatti salati e dessert per farti godere la citt\u00e0 con la vista e il palato.  <\/p>\n","protected":false},"author":1,"featured_media":14555,"comment_status":"closed","ping_status":"closed","sticky":false,"template":"","format":"standard","meta":{"footnotes":""},"categories":[126],"tags":[],"class_list":["post-14780","post","type-post","status-publish","format-standard","has-post-thumbnail","hentry","category-storia-di-granada"],"_links":{"self":[{"href":"https:\/\/tablaoflamencogranada.com\/it\/wp-json\/wp\/v2\/posts\/14780","targetHints":{"allow":["GET"]}}],"collection":[{"href":"https:\/\/tablaoflamencogranada.com\/it\/wp-json\/wp\/v2\/posts"}],"about":[{"href":"https:\/\/tablaoflamencogranada.com\/it\/wp-json\/wp\/v2\/types\/post"}],"author":[{"embeddable":true,"href":"https:\/\/tablaoflamencogranada.com\/it\/wp-json\/wp\/v2\/users\/1"}],"replies":[{"embeddable":true,"href":"https:\/\/tablaoflamencogranada.com\/it\/wp-json\/wp\/v2\/comments?post=14780"}],"version-history":[{"count":1,"href":"https:\/\/tablaoflamencogranada.com\/it\/wp-json\/wp\/v2\/posts\/14780\/revisions"}],"predecessor-version":[{"id":14838,"href":"https:\/\/tablaoflamencogranada.com\/it\/wp-json\/wp\/v2\/posts\/14780\/revisions\/14838"}],"wp:featuredmedia":[{"embeddable":true,"href":"https:\/\/tablaoflamencogranada.com\/it\/wp-json\/wp\/v2\/media\/14555"}],"wp:attachment":[{"href":"https:\/\/tablaoflamencogranada.com\/it\/wp-json\/wp\/v2\/media?parent=14780"}],"wp:term":[{"taxonomy":"category","embeddable":true,"href":"https:\/\/tablaoflamencogranada.com\/it\/wp-json\/wp\/v2\/categories?post=14780"},{"taxonomy":"post_tag","embeddable":true,"href":"https:\/\/tablaoflamencogranada.com\/it\/wp-json\/wp\/v2\/tags?post=14780"}],"curies":[{"name":"wp","href":"https:\/\/api.w.org\/{rel}","templated":true}]}}