{"id":14794,"date":"2025-08-02T14:53:02","date_gmt":"2025-08-02T13:53:02","guid":{"rendered":"https:\/\/tablaoflamencogranada.com\/cuevas-flamencas-del-sacromonte-un-tesoro-culturale"},"modified":"2025-10-27T13:47:18","modified_gmt":"2025-10-27T12:47:18","slug":"cuevas-flamencas-del-sacromonte-un-tesoro-culturale","status":"publish","type":"post","link":"https:\/\/tablaoflamencogranada.com\/it\/cuevas-flamencas-del-sacromonte-un-tesoro-culturale","title":{"rendered":"Cuevas Flamencas del Sacromonte &#8211; Un tesoro culturale"},"content":{"rendered":"<p>Granada \u00e8 una citt\u00e0 andalusa che emana flamenco dalle sue strade del Sacromonte.<\/p>\n<p>In questo quartiere emblematico della citt\u00e0, si trovano le famose <strong>cuevas flamencas del Sacromonte<\/strong>, famose praticamente a livello internazionale. Molti turisti che visitano la citt\u00e0, oltre a visitare l&#8217;Alhambra, di solito si addentrano nelle strade del Sacromonte e vedono nelle sue cuevas un autentico spettacolo flamenco. <\/p>\n<p>Queste cuevas non solo offrono <strong>spettacoli<\/strong> di flamenco unici, in un ambiente unico, ma aiutano a mantenere viva la storia della cultura gitana e rappresentano un punto d&#8217;incontro ideale per tutte le persone del mondo che cercano di godere di questa espressione culturale unica.<\/p>\n<p><!--more--><\/p>\n<h2>L&#8217;origine delle cuevas flamencas di Granada<\/h2>\n<p>Il Sacromonte \u00e8 un quartiere che si trova a Granada, precisamente sulla <strong>collina Valpara\u00edso<\/strong>, di fronte all&#8217;Albaic\u00edn e molto vicino al letto del fiume Darro.<\/p>\n<figure id=\"attachment_12303\" aria-describedby=\"caption-attachment-12303\" style=\"width: 1024px\" class=\"wp-caption aligncenter\"><img fetchpriority=\"high\" decoding=\"async\" class=\"wp-image-12303 size-large\" src=\"https:\/\/tablaoflamencogranada.com\/wp-content\/uploads\/2025\/08\/sacromonte-4-1024x1024.jpg\" alt=\"{%ALT_TEXT%}\" width=\"1024\" height=\"1024\" srcset=\"https:\/\/tablaoflamencogranada.com\/wp-content\/uploads\/2025\/08\/sacromonte-4-1024x1024.jpg 1024w, https:\/\/tablaoflamencogranada.com\/wp-content\/uploads\/2025\/08\/sacromonte-4-300x300.jpg 300w, https:\/\/tablaoflamencogranada.com\/wp-content\/uploads\/2025\/08\/sacromonte-4-150x150.jpg 150w, https:\/\/tablaoflamencogranada.com\/wp-content\/uploads\/2025\/08\/sacromonte-4-768x768.jpg 768w, https:\/\/tablaoflamencogranada.com\/wp-content\/uploads\/2025\/08\/sacromonte-4.jpg 1080w\" sizes=\"(max-width: 1024px) 100vw, 1024px\" \/><figcaption id=\"caption-attachment-12303\" class=\"wp-caption-text\">{%CAPTION%}<\/figcaption><\/figure>\n<p>Per conoscere la sua relazione con il flamenco, dobbiamo risalire all&#8217;<strong>epoca di Al-\u00c1ndalus<\/strong>, quando la zona era un territorio periferico del nucleo urbano di Granada.<\/p>\n<p>In questa epoca, le cuevas erano gi\u00e0 utilizzate come rifugi naturali nella montagna, usate come magazzini o ripari temporanei.<\/p>\n<p>Tuttavia, la vera trasformazione del Sacromonte inizia alla <strong>fine del XV secolo<\/strong>, quando gli ebrei furono espulsi nel 1492 e pi\u00f9 tardi i musulmani nel 1502.<\/p>\n<p>Allora, iniziarono una serie di <strong>persecuzioni religiose<\/strong> che obbligarono molte persone ad abbandonare il centro della citt\u00e0 e ad andare a vivere in zone pi\u00f9 marginali. A questo esodo, si aggiunsero i gitani, che arrivarono nella Penisola dall&#8217;est Europa e dall&#8217;India. <\/p>\n<p>Questi insediamenti sfollati, fecero dei pendii del Sacromonte un luogo ideale per <strong>formare le loro abitazioni<\/strong>, poich\u00e9, oltre ad essere abbastanza nascoste, erano un rifugio che offriva loro protezione, oltre ad avere un buon <strong>isolamento termico<\/strong>, per cui la temperatura era fresca in estate e calda in inverno.<\/p>\n<h2>Le cuevas: pi\u00f9 che case, spazi di cultura<\/h2>\n<p>Le cuevas del Sacromonte, oltre a servire come abitazione per questi popoli gitani, si trasformarono anche nello <strong>scenario<\/strong> perfetto per la <strong>mescolanza di diverse culture<\/strong> e la nascita di nuove forme di espressioni artistiche.<\/p>\n<figure id=\"attachment_12311\" aria-describedby=\"caption-attachment-12311\" style=\"width: 1080px\" class=\"wp-caption alignnone\"><img decoding=\"async\" class=\"wp-image-12311 size-full\" src=\"https:\/\/tablaoflamencogranada.com\/wp-content\/uploads\/2025\/08\/sacromonte-2.jpg\" alt=\"{%ALT_TEXT%}\" width=\"1080\" height=\"1080\" srcset=\"https:\/\/tablaoflamencogranada.com\/wp-content\/uploads\/2025\/08\/sacromonte-2.jpg 1080w, https:\/\/tablaoflamencogranada.com\/wp-content\/uploads\/2025\/08\/sacromonte-2-300x300.jpg 300w, https:\/\/tablaoflamencogranada.com\/wp-content\/uploads\/2025\/08\/sacromonte-2-1024x1024.jpg 1024w, https:\/\/tablaoflamencogranada.com\/wp-content\/uploads\/2025\/08\/sacromonte-2-150x150.jpg 150w, https:\/\/tablaoflamencogranada.com\/wp-content\/uploads\/2025\/08\/sacromonte-2-768x768.jpg 768w\" sizes=\"(max-width: 1080px) 100vw, 1080px\" \/><figcaption id=\"caption-attachment-12311\" class=\"wp-caption-text\">{%CAPTION%}<\/figcaption><\/figure>\n<p>In queste cuevas si mescolava l&#8217;arte di <strong>andalusi, ebrei, cristiani e gitani.<\/strong><\/p>\n<p>Ogni cueva veniva pianificata in modo simile, avevano un ingresso a forma di arco, una zona comune che sarebbe ci\u00f2 che oggi conosciamo come &#8220;sala da pranzo&#8221; e le stanze che servivano da camere da letto scavate nella roccia.<\/p>\n<p>Molte di queste abitazioni sono ancora conservate e ancora abitate, mentre altre si sono trasformate in <strong>musei, tablaos flamencos o spazi culturali.<\/strong><\/p>\n<h2>Il flamenco e la cultura gitana: essenza del Sacromonte<\/h2>\n<p data-start=\"2636\" data-end=\"2921\">Con gli anni, i <strong data-start=\"2663\" data-end=\"2680\">gitani<\/strong> hanno lasciato un&#8217;impronta culturale nel Sacromonte. Il loro stile peculiare di vivere la vita, la musica e le loro celebrazioni si sono fuse con l&#8217;ambiente del quartiere. Si sono stabilite le radici del flamenco unico: pi\u00f9 intimo, emozionale e viscerale.  <\/p>\n<p data-start=\"2923\" data-end=\"3295\">Le famose <strong data-start=\"2926\" data-end=\"2953\">&#8220;zambras&#8221; del Sacromonte<\/strong>, sono la versione gitana delle feste che facevano i moriscos nei loro matrimoni, per cui sono un&#8217;icona della fusione culturale delle famiglie. Non sono solo spettacoli pensati per attirare le visite dei turisti, sono un modo per trasmettere e mantenere viva la loro cultura. <\/p>\n<p data-start=\"3297\" data-end=\"3521\">Oltre al flamenco, la cultura gitana si trasmette anche in altri aspetti, come ad esempio i <strong>cibi tradizionali<\/strong>, nella <strong data-start=\"3399\" data-end=\"3416\">moda flamenca cos\u00ec colorata<\/strong>, anche nelle festivit\u00e0 della citt\u00e0 come ad esempio, il <strong data-start=\"3451\" data-end=\"3469\">D\u00eda de la Cruz<\/strong> o il <strong data-start=\"3475\" data-end=\"3501\">pellegrinaggio di San Cecilio<\/strong>, patrono del quartiere.<\/p>\n<figure id=\"attachment_12343\" aria-describedby=\"caption-attachment-12343\" style=\"width: 1080px\" class=\"wp-caption alignnone\"><img decoding=\"async\" class=\"wp-image-12343 size-full\" src=\"https:\/\/tablaoflamencogranada.com\/wp-content\/uploads\/2025\/08\/sacromonte-3.jpg\" alt=\"{%ALT_TEXT%}\" width=\"1080\" height=\"1080\" srcset=\"https:\/\/tablaoflamencogranada.com\/wp-content\/uploads\/2025\/08\/sacromonte-3.jpg 1080w, https:\/\/tablaoflamencogranada.com\/wp-content\/uploads\/2025\/08\/sacromonte-3-300x300.jpg 300w, https:\/\/tablaoflamencogranada.com\/wp-content\/uploads\/2025\/08\/sacromonte-3-1024x1024.jpg 1024w, https:\/\/tablaoflamencogranada.com\/wp-content\/uploads\/2025\/08\/sacromonte-3-150x150.jpg 150w, https:\/\/tablaoflamencogranada.com\/wp-content\/uploads\/2025\/08\/sacromonte-3-768x768.jpg 768w\" sizes=\"(max-width: 1080px) 100vw, 1080px\" \/><figcaption id=\"caption-attachment-12343\" class=\"wp-caption-text\">{%CAPTION%}<\/figcaption><\/figure>\n<h2>Evoluzione del quartiere: tra l&#8217;emarginazione e il riconoscimento<\/h2>\n<p>Durante gran parte della sua storia, il Sacromonte \u00e8 stato indicato come un quartiere per <strong>classi sociali marginali.<\/strong><\/p>\n<p>La vita nelle cuevas era abbastanza dura, e la maggior parte non aveva i servizi di base.<\/p>\n<p>Fu nel corso del <strong>XX secolo<\/strong>, quando questa zona marginale inizi\u00f2 ad acquisire maggiore visibilit\u00e0, poich\u00e9 cominci\u00f2 ad attirare visite di persone a cui piaceva quella forma peculiare di ballare e cantare che ha il popolo gitano, il flamenco.<\/p>\n<p>L&#8217;aumento del turismo a Granada nei <strong>decenni degli anni &#8217;60 e &#8217;70<\/strong> port\u00f2 con s\u00e9 un rinnovato interesse per il Sacromonte e le sue tradizioni. Tablaos flamencos, percorsi guidati e musei etnografici cominciarono a fiorire, attirando visitatori da tutto il mondo. <\/p>\n<p>Oggi, il quartiere affronta la sfida di equilibrare lo sviluppo turistico con la conservazione della sua essenza. Il rischio di gentrificazione e la perdita di identit\u00e0 culturale sono sfide costanti per le famiglie che ancora risiedono nelle cuevas. <\/p>\n<h2>Mantenere viva l&#8217;essenza del quartiere<\/h2>\n<figure id=\"attachment_12357\" aria-describedby=\"caption-attachment-12357\" style=\"width: 1080px\" class=\"wp-caption alignnone\"><img loading=\"lazy\" decoding=\"async\" class=\"wp-image-12357 size-full\" src=\"https:\/\/tablaoflamencogranada.com\/wp-content\/uploads\/2025\/08\/sacromonte-5.jpg\" alt=\"Cueva Flamenca del Sacromonte\" width=\"1080\" height=\"1080\" srcset=\"https:\/\/tablaoflamencogranada.com\/wp-content\/uploads\/2025\/08\/sacromonte-5.jpg 1080w, https:\/\/tablaoflamencogranada.com\/wp-content\/uploads\/2025\/08\/sacromonte-5-300x300.jpg 300w, https:\/\/tablaoflamencogranada.com\/wp-content\/uploads\/2025\/08\/sacromonte-5-1024x1024.jpg 1024w, https:\/\/tablaoflamencogranada.com\/wp-content\/uploads\/2025\/08\/sacromonte-5-150x150.jpg 150w, https:\/\/tablaoflamencogranada.com\/wp-content\/uploads\/2025\/08\/sacromonte-5-768x768.jpg 768w\" sizes=\"(max-width: 1080px) 100vw, 1080px\" \/><figcaption id=\"caption-attachment-12357\" class=\"wp-caption-text\">Spettacolo nella Cueva Flamenca los Amaya<\/figcaption><\/figure>\n<p>Preservare il Sacromonte, \u00e8 preservare anche proteggere la <strong>storia e l&#8217;identit\u00e0 di questo popolo.<\/strong> <\/p>\n<p>Si \u00e8 investito nel migliorare le infrastrutture della zona, proteggere questo enclave naturale, sostenere gli artisti e i vicini che mantengono vive le tradizioni.<\/p>\n<p>In questo modo, non solo si mantiene viva la storia di un popolo resiliente, l&#8217;arte ancestrale del flamenco e un quartiere che \u00e8 l&#8217;icona per eccellenza di una convivenza culturale unica tra popoli marginali.<\/p>\n<p>&nbsp;<\/p>\n","protected":false},"excerpt":{"rendered":"<p>Le cuevas flamencas Sacromonte, scavate nella collina di Valpara\u00edso, nacquero come rifugio di popoli emarginati e si trasformarono in spazi di vita, arte e flamenco. Oggi, continuano ad essere simbolo dell&#8217;identit\u00e0 culturale gitana e cuore dell&#8217;anima flamenca di Granada. <\/p>\n","protected":false},"author":1,"featured_media":12322,"comment_status":"closed","ping_status":"closed","sticky":false,"template":"","format":"standard","meta":{"footnotes":""},"categories":[116,126],"tags":[],"class_list":["post-14794","post","type-post","status-publish","format-standard","has-post-thumbnail","hentry","category-flamenco-it","category-storia-di-granada"],"_links":{"self":[{"href":"https:\/\/tablaoflamencogranada.com\/it\/wp-json\/wp\/v2\/posts\/14794","targetHints":{"allow":["GET"]}}],"collection":[{"href":"https:\/\/tablaoflamencogranada.com\/it\/wp-json\/wp\/v2\/posts"}],"about":[{"href":"https:\/\/tablaoflamencogranada.com\/it\/wp-json\/wp\/v2\/types\/post"}],"author":[{"embeddable":true,"href":"https:\/\/tablaoflamencogranada.com\/it\/wp-json\/wp\/v2\/users\/1"}],"replies":[{"embeddable":true,"href":"https:\/\/tablaoflamencogranada.com\/it\/wp-json\/wp\/v2\/comments?post=14794"}],"version-history":[{"count":1,"href":"https:\/\/tablaoflamencogranada.com\/it\/wp-json\/wp\/v2\/posts\/14794\/revisions"}],"predecessor-version":[{"id":14795,"href":"https:\/\/tablaoflamencogranada.com\/it\/wp-json\/wp\/v2\/posts\/14794\/revisions\/14795"}],"wp:featuredmedia":[{"embeddable":true,"href":"https:\/\/tablaoflamencogranada.com\/it\/wp-json\/wp\/v2\/media\/12322"}],"wp:attachment":[{"href":"https:\/\/tablaoflamencogranada.com\/it\/wp-json\/wp\/v2\/media?parent=14794"}],"wp:term":[{"taxonomy":"category","embeddable":true,"href":"https:\/\/tablaoflamencogranada.com\/it\/wp-json\/wp\/v2\/categories?post=14794"},{"taxonomy":"post_tag","embeddable":true,"href":"https:\/\/tablaoflamencogranada.com\/it\/wp-json\/wp\/v2\/tags?post=14794"}],"curies":[{"name":"wp","href":"https:\/\/api.w.org\/{rel}","templated":true}]}}