{"id":14755,"date":"2025-08-25T12:15:04","date_gmt":"2025-08-25T11:15:04","guid":{"rendered":"https:\/\/tablaoflamencogranada.com\/de-onde-e-o-flamenco"},"modified":"2025-10-30T15:58:05","modified_gmt":"2025-10-30T14:58:05","slug":"de-onde-e-o-flamenco","status":"publish","type":"post","link":"https:\/\/tablaoflamencogranada.com\/pt\/de-onde-e-o-flamenco","title":{"rendered":"De onde \u00e9 o Flamenco?"},"content":{"rendered":"<p>Flamenco, uma palavra que s\u00f3 de a ouvir produz respeito. \u00c9 uma arte realmente dif\u00edcil de descrever, j\u00e1 que o seu significado \u00e9 muito amplo. <\/p>\n<p>Poder\u00edamos defini-lo como um dos grandes tesouros de Espanha, uma das express\u00f5es art\u00edsticas mais conhecidas a n\u00edvel mundial. Mas, de onde \u00e9 o flamenco? Qual \u00e9 a sua origem? Para responder a essas perguntas, temos de ir ao <strong>sul de Espanha<\/strong>, \u00e0 <strong>Andaluzia<\/strong>, o ber\u00e7o do flamenco por excel\u00eancia.   <\/p>\n<p>\u00c9 nesta terra onde se encontra a origem do flamenco, mas se quiser saber um pouco mais, n\u00e3o perca este post onde nos aprofundamos um pouco mais nas <strong>origens e na sua hist\u00f3ria<\/strong>.<\/p>\n<p><!--more--><\/p>\n<h2><strong>O flamenco, de onde \u00e9?<\/strong><\/h2>\n<p data-start=\"676\" data-end=\"997\">A origem do flamenco encontra-se na <strong data-start=\"697\" data-end=\"739\">Andaluzia entre os s\u00e9culos XVIII e XIX<\/strong>. Tem uma origem complexa e mesti\u00e7a, pois nasce gra\u00e7as \u00e0 mistura cultural que houve entre crist\u00e3os, mouriscos e ciganos na Andaluzia durante esta \u00e9poca.<\/p>\n<p data-start=\"676\" data-end=\"997\">Apesar de a sua origem ser atribu\u00edda sobretudo ao povo cigano, o flamenco nutriu-se da arte \u00e1rabe, judaica e africana. Especialmente, diz-se que o flamenco \u00e9 a vers\u00e3o cigana das zambras \u00e1rabes ou mouriscas. <\/p>\n<figure id=\"attachment_13936\" aria-describedby=\"caption-attachment-13936\" style=\"width: 845px\" class=\"wp-caption aligncenter\"><img fetchpriority=\"high\" decoding=\"async\" class=\"wp-image-13936\" src=\"https:\/\/tablaoflamencogranada.com\/wp-content\/uploads\/2025\/08\/de-donde-es-flamenco.avif\" alt=\"{%ALT_TEXT%}\" width=\"845\" height=\"563\" srcset=\"https:\/\/tablaoflamencogranada.com\/wp-content\/uploads\/2025\/08\/de-donde-es-flamenco.avif 1536w, https:\/\/tablaoflamencogranada.com\/wp-content\/uploads\/2025\/08\/de-donde-es-flamenco-300x200.avif 300w, https:\/\/tablaoflamencogranada.com\/wp-content\/uploads\/2025\/08\/de-donde-es-flamenco-1024x683.avif 1024w, https:\/\/tablaoflamencogranada.com\/wp-content\/uploads\/2025\/08\/de-donde-es-flamenco-768x512.avif 768w\" sizes=\"(max-width: 845px) 100vw, 845px\" \/><figcaption id=\"caption-attachment-13936\" class=\"wp-caption-text\">A origem do flamenco est\u00e1 na Andaluzia<\/figcaption><\/figure>\n<p data-start=\"676\" data-end=\"997\">As zambras \u00e1rabes eram um tipo de reuni\u00e3o festiva que os mouriscos faziam nos s\u00e9culos XVI e XVIII, onde se misturavam m\u00fasica, dan\u00e7a e canto com reminisc\u00eancias andalusinas. Nestas zambras j\u00e1 se dan\u00e7ava ao som das palmas, sapateava-se e havia melodias melism\u00e1ticas (ornamentadas). Os ciganos come\u00e7aram tamb\u00e9m a incorporar este estilo nos seus festejos.  <\/p>\n<p data-start=\"1219\" data-end=\"1419\">Apesar de o seu ponto de origem ser a <strong data-start=\"1226\" data-end=\"1239\">Andaluzia<\/strong>, com o passar do tempo o flamenco estendeu-se a outras regi\u00f5es de Espanha como a <strong data-start=\"1337\" data-end=\"1352\">Extremadura<\/strong> e <strong data-start=\"1355\" data-end=\"1365\">M\u00farcia<\/strong>, que tamb\u00e9m aportaram variantes e estilos pr\u00f3prios.<\/p>\n<figure id=\"attachment_13944\" aria-describedby=\"caption-attachment-13944\" style=\"width: 848px\" class=\"wp-caption aligncenter\"><img decoding=\"async\" class=\"wp-image-13944\" src=\"https:\/\/tablaoflamencogranada.com\/wp-content\/uploads\/2025\/08\/los-origenes-flamenco.avif\" alt=\"{%ALT_TEXT%}\" width=\"848\" height=\"565\" srcset=\"https:\/\/tablaoflamencogranada.com\/wp-content\/uploads\/2025\/08\/los-origenes-flamenco.avif 1536w, https:\/\/tablaoflamencogranada.com\/wp-content\/uploads\/2025\/08\/los-origenes-flamenco-300x200.avif 300w, https:\/\/tablaoflamencogranada.com\/wp-content\/uploads\/2025\/08\/los-origenes-flamenco-1024x683.avif 1024w, https:\/\/tablaoflamencogranada.com\/wp-content\/uploads\/2025\/08\/los-origenes-flamenco-768x512.avif 768w\" sizes=\"(max-width: 848px) 100vw, 848px\" \/><figcaption id=\"caption-attachment-13944\" class=\"wp-caption-text\">Representa\u00e7\u00e3o de espet\u00e1culo flamenco<\/figcaption><\/figure>\n<h2 data-start=\"1219\" data-end=\"1419\">O flamenco como arte<\/h2>\n<p data-start=\"1449\" data-end=\"1491\">Basicamente, no flamenco existem 3 pilares sob os quais se sustenta o flamenco, que s\u00e3o:<\/p>\n<ul data-start=\"1493\" data-end=\"1723\">\n<li data-start=\"1493\" data-end=\"1553\">\n<p data-start=\"1495\" data-end=\"1553\"><strong data-start=\"1495\" data-end=\"1507\">O cante<\/strong>: a voz, profunda e carregada de sentimento.<\/p>\n<\/li>\n<li data-start=\"1554\" data-end=\"1635\">\n<p data-start=\"1556\" data-end=\"1635\"><strong data-start=\"1556\" data-end=\"1568\">O baile<\/strong>: for\u00e7a, ritmo e express\u00e3o corporal que lhe brinda esse toque emotivo.<\/p>\n<\/li>\n<li data-start=\"1636\" data-end=\"1723\">\n<p data-start=\"1638\" data-end=\"1723\"><strong data-start=\"1638\" data-end=\"1650\">O toque<\/strong>: a guitarra flamenca, que acompanha e dialoga com o cante e o baile.<\/p>\n<\/li>\n<\/ul>\n<p data-start=\"1725\" data-end=\"1845\">Estes tr\u00eas elementos convertem o flamenco numa arte viva e emocionante, que transmite os sentimentos mais profundos, inclusive os que as palavras n\u00e3o podem.<\/p>\n<h2 data-start=\"1725\" data-end=\"1845\">Reconhecido como Patrim\u00f3nio da Humanidade<\/h2>\n<p data-start=\"1908\" data-end=\"2180\">O flamenco ultrapassou fronteiras e, no ano de <strong data-start=\"1988\" data-end=\"2062\">2010, foi reconhecido pela UNESCO como Patrim\u00f3nio Cultural Imaterial da Humanidade<\/strong>.<\/p>\n<p data-start=\"1908\" data-end=\"2180\">E \u00e9 que o flamenco tem um valor art\u00edstico incompar\u00e1vel, \u00e9 um s\u00edmbolo de identidade cultural do nosso pa\u00eds e devemos estar muito orgulhosos dele.<\/p>\n<p data-start=\"2182\" data-end=\"2352\">Este reconhecimento, al\u00e9m disso, fez com que esta arte se proteja mais e se mantenha viva, pois lhe aporta difus\u00e3o e apoio para garantir que as suas tradi\u00e7\u00f5es continuem vivas e se transmitam \u00e0s novas gera\u00e7\u00f5es.<\/p>\n<figure id=\"attachment_13954\" aria-describedby=\"caption-attachment-13954\" style=\"width: 847px\" class=\"wp-caption aligncenter\"><img decoding=\"async\" class=\" wp-image-13954\" src=\"https:\/\/tablaoflamencogranada.com\/wp-content\/uploads\/2025\/08\/flamenco-patrimonio-humanidad.avif\" alt=\"{%ALT_TEXT%}\" width=\"847\" height=\"565\" srcset=\"https:\/\/tablaoflamencogranada.com\/wp-content\/uploads\/2025\/08\/flamenco-patrimonio-humanidad.avif 1500w, https:\/\/tablaoflamencogranada.com\/wp-content\/uploads\/2025\/08\/flamenco-patrimonio-humanidad-300x200.avif 300w, https:\/\/tablaoflamencogranada.com\/wp-content\/uploads\/2025\/08\/flamenco-patrimonio-humanidad-1024x683.avif 1024w, https:\/\/tablaoflamencogranada.com\/wp-content\/uploads\/2025\/08\/flamenco-patrimonio-humanidad-768x512.avif 768w\" sizes=\"(max-width: 847px) 100vw, 847px\" \/><figcaption id=\"caption-attachment-13954\" class=\"wp-caption-text\">{%CAPTION%}<\/figcaption><\/figure>\n<h2 data-start=\"2354\" data-end=\"2382\">Flamenco por todo o mundo<\/h2>\n<p data-start=\"2384\" data-end=\"2617\">O flamenco \u00e9 uma arte apreciada por pessoas de todo o mundo. Atualmente, podemos encontrar espet\u00e1culos de flamenco puro em <strong data-start=\"2500\" data-end=\"2559\">tablaos flamencos de Sevilha, Granada, C\u00f3rdoba ou Madrid<\/strong>, onde artistas mant\u00eam a ess\u00eancia pura desta arte. <\/p>\n<p data-start=\"2619\" data-end=\"2841\">Mas, al\u00e9m disso, tamb\u00e9m h\u00e1 muitos pa\u00edses como o Jap\u00e3o, os Estados Unidos ou a Fran\u00e7a que t\u00eam grandes escolas de flamenco e milhares de seguidores apaixonados. De facto, o Jap\u00e3o \u00e9 considerado o segundo pa\u00eds com mais aficionados ao flamenco depois de Espanha. <\/p>\n<h2 data-start=\"2843\" data-end=\"2863\">Atualmente<\/h2>\n<p data-start=\"2865\" data-end=\"3267\">Na atualidade, o flamenco continua muito vivo e, por isso, continua a evoluir. Juntamente com o flamenco mais tradicional, tamb\u00e9m encontramos flamenco em fus\u00f5es com outros g\u00e9neros como o jazz, o rock ou a m\u00fasica latina, que fazem com que se abra a novos p\u00fablicos sem perder a sua ess\u00eancia. <\/p>\n<p data-start=\"2865\" data-end=\"3267\">Diversos artistas como <strong>Camar\u00f3n de la Isla, Paco de Luc\u00eda<\/strong> ou, mais recentemente, <strong>Rosal\u00eda<\/strong>, levaram o flamenco a palcos internacionais, demonstrando que se trata de uma arte universal.<\/p>\n<p data-start=\"3286\" data-end=\"3597\">Ent\u00e3o, <strong data-start=\"3296\" data-end=\"3325\">o flamenco de onde \u00e9?<\/strong> O flamenco \u00e9 da <strong data-start=\"3344\" data-end=\"3365\">Andaluzia, Espanha<\/strong>, apesar de a sua for\u00e7a e emo\u00e7\u00e3o terem conquistado o mundo inteiro. A sua mistura de culturas, a sua hist\u00f3ria e a sua capacidade para transmitir sentimentos convertem-no numa arte irrepet\u00edvel, declarada <strong><a href=\"https:\/\/ich.unesco.org\/es\/RL\/el-flamenco-00363\" title=\"Flamenco patrim\u00f3nio Humanidade\" target=\"_blank\" rel=\"noopener\">Patrim\u00f3nio da Humanidade pela UNESCO<\/a><\/strong>. <\/p>\n<p data-start=\"3599\" data-end=\"3798\">Viver o flamenco num tablao andaluz \u00e9 experimentar a ess\u00eancia mais pura desta tradi\u00e7\u00e3o, onde o cante, o baile e a guitarra se unem para criar um espet\u00e1culo cheio de magia e autenticidade.<\/p>\n","protected":false},"excerpt":{"rendered":"<p>O flamenco, nascido na Andaluzia entre os s\u00e9culos XVIII e XIX, \u00e9 muito mais que m\u00fasica: \u00e9 sentimento, cultura e arte reconhecido pela UNESCO como Patrim\u00f3nio da Humanidade.<\/p>\n","protected":false},"author":1,"featured_media":13913,"comment_status":"closed","ping_status":"closed","sticky":false,"template":"","format":"standard","meta":{"footnotes":""},"categories":[182],"tags":[],"class_list":["post-14755","post","type-post","status-publish","format-standard","has-post-thumbnail","hentry","category-flamenco"],"_links":{"self":[{"href":"https:\/\/tablaoflamencogranada.com\/pt\/wp-json\/wp\/v2\/posts\/14755","targetHints":{"allow":["GET"]}}],"collection":[{"href":"https:\/\/tablaoflamencogranada.com\/pt\/wp-json\/wp\/v2\/posts"}],"about":[{"href":"https:\/\/tablaoflamencogranada.com\/pt\/wp-json\/wp\/v2\/types\/post"}],"author":[{"embeddable":true,"href":"https:\/\/tablaoflamencogranada.com\/pt\/wp-json\/wp\/v2\/users\/1"}],"replies":[{"embeddable":true,"href":"https:\/\/tablaoflamencogranada.com\/pt\/wp-json\/wp\/v2\/comments?post=14755"}],"version-history":[{"count":1,"href":"https:\/\/tablaoflamencogranada.com\/pt\/wp-json\/wp\/v2\/posts\/14755\/revisions"}],"predecessor-version":[{"id":14800,"href":"https:\/\/tablaoflamencogranada.com\/pt\/wp-json\/wp\/v2\/posts\/14755\/revisions\/14800"}],"wp:featuredmedia":[{"embeddable":true,"href":"https:\/\/tablaoflamencogranada.com\/pt\/wp-json\/wp\/v2\/media\/13913"}],"wp:attachment":[{"href":"https:\/\/tablaoflamencogranada.com\/pt\/wp-json\/wp\/v2\/media?parent=14755"}],"wp:term":[{"taxonomy":"category","embeddable":true,"href":"https:\/\/tablaoflamencogranada.com\/pt\/wp-json\/wp\/v2\/categories?post=14755"},{"taxonomy":"post_tag","embeddable":true,"href":"https:\/\/tablaoflamencogranada.com\/pt\/wp-json\/wp\/v2\/tags?post=14755"}],"curies":[{"name":"wp","href":"https:\/\/api.w.org\/{rel}","templated":true}]}}