{"id":14762,"date":"2025-08-29T12:44:40","date_gmt":"2025-08-29T11:44:40","guid":{"rendered":"https:\/\/tablaoflamencogranada.com\/instrumentos-do-flamenco"},"modified":"2025-08-29T12:44:40","modified_gmt":"2025-08-29T11:44:40","slug":"instrumentos-do-flamenco","status":"publish","type":"post","link":"https:\/\/tablaoflamencogranada.com\/pt\/instrumentos-do-flamenco","title":{"rendered":"Instrumentos do Flamenco"},"content":{"rendered":"<p>O flamenco \u00e9 uma arte com muito sentimento que foi declarada h\u00e1 uns anos pela UNESCO como patrim\u00f3nio imaterial da Humanidade.<\/p>\n<p>Tem muitos elementos que o tornam especial, entre eles, os<strong> instrumentos<\/strong>. Os instrumentos do flamenco aportam-lhe <strong>essa for\u00e7a \u00fanica<\/strong> e essa cor de compasso crucial para a sua distintiva express\u00e3o. N\u00e3o h\u00e1 d\u00favida de que o cante flamenco \u00e9 a alma e a origem, mas os instrumentos, como a guitarra flamenca, s\u00e3o essenciais para a <strong>harmonia e o suporte r\u00edtmico<\/strong>.  <\/p>\n<p>Hoje falamos em profundidade dos<strong> instrumentos do flamenco<\/strong>, quais s\u00e3o os mais usados, como se costumam usar e por que s\u00e3o t\u00e3o especiais.<\/p>\n<p><!--more--><\/p>\n<h2>A Guitarra Flamenca: O Cora\u00e7\u00e3o Mel\u00f3dico<\/h2>\n<p>Um dos instrumentos distintivos do flamenco \u00e9 a <strong>guitarra flamenca<\/strong>, uma vers\u00e3o da guitarra espanhola.<\/p>\n<figure id=\"attachment_14022\" aria-describedby=\"caption-attachment-14022\" style=\"width: 800px\" class=\"wp-caption aligncenter\"><img fetchpriority=\"high\" decoding=\"async\" class=\"wp-image-14022\" src=\"https:\/\/tablaoflamencogranada.com\/wp-content\/uploads\/2025\/09\/guitarra-flamenca.avif\" alt=\"Instrumento flamenco guitarra\" width=\"800\" height=\"800\" srcset=\"https:\/\/tablaoflamencogranada.com\/wp-content\/uploads\/2025\/09\/guitarra-flamenca.avif 1200w, https:\/\/tablaoflamencogranada.com\/wp-content\/uploads\/2025\/09\/guitarra-flamenca-300x300.avif 300w, https:\/\/tablaoflamencogranada.com\/wp-content\/uploads\/2025\/09\/guitarra-flamenca-1024x1024.avif 1024w, https:\/\/tablaoflamencogranada.com\/wp-content\/uploads\/2025\/09\/guitarra-flamenca-150x150.avif 150w, https:\/\/tablaoflamencogranada.com\/wp-content\/uploads\/2025\/09\/guitarra-flamenca-768x768.avif 768w\" sizes=\"(max-width: 800px) 100vw, 800px\" \/><figcaption id=\"caption-attachment-14022\" class=\"wp-caption-text\">Guitarra flamenca<\/figcaption><\/figure>\n<p>De facto, diferencia-se da mesma em que a flamenca <strong>\u00e9 um pouco mais leve<\/strong> e costuma fabricar-se em madeiras que t\u00eam um <strong>som brilhante e percussivo<\/strong>. Algumas das madeiras usadas s\u00e3o o Abeto alem\u00e3o, o Cedro vermelho canadiano, o Cipreste espanhol ou o Acer. <\/p>\n<ul>\n<li><strong>Fun\u00e7\u00e3o<\/strong>: A guitarra \u00e9 a que marca a harmonia, dialoga com o cante e brinda suporte ao baile.<\/li>\n<li><b class=\"ng-star-inserted\" data-start-index=\"1288\">Estilo:<\/b><span class=\"ng-star-inserted\" data-start-index=\"1295\"> Os seus rasgueados, alzap\u00faas e golpes s\u00e3o cruciais para marcar o compasso.<\/span><\/li>\n<li><b class=\"ng-star-inserted\" data-start-index=\"1364\">Artistas reconhecidos: <\/b><span class=\"ng-star-inserted\" data-start-index=\"1384\"> Entre os guitarristas flamencos mais famosos, poder\u00edamos destacar <\/span><b class=\"ng-star-inserted\" data-start-index=\"1406\">Paco de Luc\u00eda, Tomatito e Vicente Amigo<\/b><span class=\"ng-star-inserted\" data-start-index=\"1445\"> que levaram o seu toque ao cume da arte.<\/span><\/li>\n<\/ul>\n<h2>O Caj\u00f3n Flamenco: O Pulso da Terra<\/h2>\n<p>Como dado curioso, o caj\u00f3n n\u00e3o \u00e9 um instrumento origin\u00e1rio de Espanha, mas sim do <strong>Peru<\/strong>.<\/p>\n<p>De facto, come\u00e7ou a incorporar-se ao flamenco pelos anos 70, gra\u00e7as a Paco de Luc\u00eda, e desde ent\u00e3o, este instrumento ligou-se a esta arte.<\/p>\n<figure id=\"attachment_14038\" aria-describedby=\"caption-attachment-14038\" style=\"width: 800px\" class=\"wp-caption aligncenter\"><img decoding=\"async\" class=\"wp-image-14038 size-large\" src=\"https:\/\/tablaoflamencogranada.com\/wp-content\/uploads\/2025\/09\/cajon-flamenco-1024x1024.avif\" alt=\"Caj\u00f3n flamenco  \" width=\"800\" height=\"800\" srcset=\"https:\/\/tablaoflamencogranada.com\/wp-content\/uploads\/2025\/09\/cajon-flamenco-1024x1024.avif 1024w, https:\/\/tablaoflamencogranada.com\/wp-content\/uploads\/2025\/09\/cajon-flamenco-300x300.avif 300w, https:\/\/tablaoflamencogranada.com\/wp-content\/uploads\/2025\/09\/cajon-flamenco-150x150.avif 150w, https:\/\/tablaoflamencogranada.com\/wp-content\/uploads\/2025\/09\/cajon-flamenco-768x768.avif 768w, https:\/\/tablaoflamencogranada.com\/wp-content\/uploads\/2025\/09\/cajon-flamenco.avif 1200w\" sizes=\"(max-width: 800px) 100vw, 800px\" \/><figcaption id=\"caption-attachment-14038\" class=\"wp-caption-text\">Instrumento flamenco Caj\u00f3n<\/figcaption><\/figure>\n<ul>\n<li><strong>Fun\u00e7\u00e3o:<\/strong> O caj\u00f3n flamenco d\u00e1 ritmo e percuss\u00e3o grave \u00e0 can\u00e7\u00e3o, marcando buler\u00edas, alergrias ou tangos com maior contund\u00eancia.<\/li>\n<li><strong>Particularidade:<\/strong> Toca-se sentado sobre ele, golpeando com as m\u00e3os e misturando sons agudos com graves.<\/li>\n<\/ul>\n<p>Atualmente, n\u00e3o se concebe um grupo flamenco moderno sem o caj\u00f3n <span class=\"ng-star-inserted\" data-start-index=\"2097\">como base r\u00edtmica.<\/span><\/p>\n<h2>As Castanholas: Toque de tradi\u00e7\u00e3o e eleg\u00e2ncia<\/h2>\n<p><span class=\"ng-star-inserted\" data-start-index=\"2157\">As castanholas n\u00e3o s\u00e3o um instrumento que se meta em todos os palos do flamenco, mas tamb\u00e9m podemos dizer que \u00e9 um instrumento simb\u00f3lico desta arte. S\u00e3o muito empregadas na <\/span><span class=\"ng-star-inserted\" data-start-index=\"2223\"> <\/span><b class=\"ng-star-inserted\" data-start-index=\"2245\">dan\u00e7a flamenca mais estilizada.<\/b><\/p>\n<figure id=\"attachment_14030\" aria-describedby=\"caption-attachment-14030\" style=\"width: 800px\" class=\"wp-caption aligncenter\"><img decoding=\"async\" class=\"wp-image-14030 size-large\" src=\"https:\/\/tablaoflamencogranada.com\/wp-content\/uploads\/2025\/09\/castanuelas-1024x1024.jpg\" alt=\"instrumento flamenco castanhola\" width=\"800\" height=\"800\" srcset=\"https:\/\/tablaoflamencogranada.com\/wp-content\/uploads\/2025\/09\/castanuelas-1024x1024.jpg 1024w, https:\/\/tablaoflamencogranada.com\/wp-content\/uploads\/2025\/09\/castanuelas-300x300.jpg 300w, https:\/\/tablaoflamencogranada.com\/wp-content\/uploads\/2025\/09\/castanuelas-150x150.jpg 150w, https:\/\/tablaoflamencogranada.com\/wp-content\/uploads\/2025\/09\/castanuelas-768x768.jpg 768w, https:\/\/tablaoflamencogranada.com\/wp-content\/uploads\/2025\/09\/castanuelas.jpg 1200w\" sizes=\"(max-width: 800px) 100vw, 800px\" \/><figcaption id=\"caption-attachment-14030\" class=\"wp-caption-text\">Castanholas<\/figcaption><\/figure>\n<ul>\n<li><strong>Fun\u00e7\u00e3o:<\/strong> Este instrumento acompanha o movimento das m\u00e3os e bra\u00e7os dos bailaores, brindando um som r\u00edtmico e seco.<\/li>\n<li><strong>Hist\u00f3ria: <\/strong> O seu uso tem-se empregado desde h\u00e1 s\u00e9culos nas dan\u00e7as populares ib\u00e9ricas desde h\u00e1 s\u00e9culos, chegando a formar parte tamb\u00e9m do ADN do flamenco.<\/li>\n<\/ul>\n<p><span class=\"ng-star-inserted\" data-start-index=\"2498\">O som das castanholas brinda <\/span><b class=\"ng-star-inserted\" data-start-index=\"2514\">dramatismo e precis\u00e3o ao baile<\/b><span class=\"ng-star-inserted\" data-start-index=\"2545\">, particularmente em sevilhanas e boleras.<\/span><\/p>\n<h2>As Palmas: O Instrumento Humano<\/h2>\n<p>Ainda que n\u00e3o se pudesse meter dentro de um instrumento material, n\u00e3o h\u00e1 d\u00favida de que as palmas flamencas s\u00e3o um \u00edcone para aportar a melodia. S\u00e3o o instrumento mais puro, o pr\u00f3prio corpo. <\/p>\n<figure id=\"attachment_14046\" aria-describedby=\"caption-attachment-14046\" style=\"width: 800px\" class=\"wp-caption aligncenter\"><img loading=\"lazy\" decoding=\"async\" class=\"wp-image-14046 size-large\" src=\"https:\/\/tablaoflamencogranada.com\/wp-content\/uploads\/2025\/09\/palmas-flamencas-1024x1024.jpg\" alt=\"Palmadas flamencas\" width=\"800\" height=\"800\" srcset=\"https:\/\/tablaoflamencogranada.com\/wp-content\/uploads\/2025\/09\/palmas-flamencas-1024x1024.jpg 1024w, https:\/\/tablaoflamencogranada.com\/wp-content\/uploads\/2025\/09\/palmas-flamencas-300x300.jpg 300w, https:\/\/tablaoflamencogranada.com\/wp-content\/uploads\/2025\/09\/palmas-flamencas-150x150.jpg 150w, https:\/\/tablaoflamencogranada.com\/wp-content\/uploads\/2025\/09\/palmas-flamencas-768x768.jpg 768w, https:\/\/tablaoflamencogranada.com\/wp-content\/uploads\/2025\/09\/palmas-flamencas.jpg 1200w\" sizes=\"(max-width: 800px) 100vw, 800px\" \/><figcaption id=\"caption-attachment-14046\" class=\"wp-caption-text\">Palmas flamencas<\/figcaption><\/figure>\n<ul>\n<li><strong>Fun\u00e7\u00e3o<\/strong>: S\u00e3o muito importantes para marcar o compasso e acompanhar o cante e o baile.<\/li>\n<li><strong>Tipos:<\/strong> H\u00e1 v\u00e1rios tipos, est\u00e3o as palmas surdas (suaves e apagadas) e palmas claras (mais sonoras e brilhantes).<\/li>\n<li><strong>Valor Cultural:<\/strong> Al\u00e9m de marcar o ritmo, aportam a energia coletiva dos artistas.<\/li>\n<\/ul>\n<p>Num espet\u00e1culo, as palmas s\u00e3o t\u00e3o essenciais como a guitarra, porque mant\u00eam a tens\u00e3o e a emo\u00e7\u00e3o em cada palo flamenco.<\/p>\n<h2>Voz Flamenca: O Instrumento Original e a Alma da Arte<\/h2>\n<figure id=\"attachment_14054\" aria-describedby=\"caption-attachment-14054\" style=\"width: 800px\" class=\"wp-caption aligncenter\"><img loading=\"lazy\" decoding=\"async\" class=\"wp-image-14054 size-large\" src=\"https:\/\/tablaoflamencogranada.com\/wp-content\/uploads\/2025\/09\/cante-flamenco-1024x1024.jpg\" alt=\"Cantor flamenco\" width=\"800\" height=\"800\" srcset=\"https:\/\/tablaoflamencogranada.com\/wp-content\/uploads\/2025\/09\/cante-flamenco-1024x1024.jpg 1024w, https:\/\/tablaoflamencogranada.com\/wp-content\/uploads\/2025\/09\/cante-flamenco-300x300.jpg 300w, https:\/\/tablaoflamencogranada.com\/wp-content\/uploads\/2025\/09\/cante-flamenco-150x150.jpg 150w, https:\/\/tablaoflamencogranada.com\/wp-content\/uploads\/2025\/09\/cante-flamenco-768x768.jpg 768w, https:\/\/tablaoflamencogranada.com\/wp-content\/uploads\/2025\/09\/cante-flamenco.jpg 1200w\" sizes=\"(max-width: 800px) 100vw, 800px\" \/><figcaption id=\"caption-attachment-14054\" class=\"wp-caption-text\">Canto flamenco<\/figcaption><\/figure>\n<p>O cante flamenco \u00e9 a origem de tudo, mais al\u00e9m de qualquer corda ou percuss\u00e3o.<\/p>\n<p>\u00c9 possivelmente o instrumento mais importante, antes que guitarras e cajones, existia a voz rota e profunda que contava penas, alegrias e viv\u00eancias.<\/p>\n<ul>\n<li><strong>Fun\u00e7\u00e3o:<\/strong> \u00c9 a guia que marca o caminho ao resto dos instrumentos.<\/li>\n<li><strong>Caracter\u00edsticas:<\/strong> Destacam-se o quej\u00edo, os melismas e uma for\u00e7a expressiva inigual\u00e1vel.<\/li>\n<li><strong>Artistas destacados:<\/strong> Nomes como Camar\u00f3n de la Isla, La Ni\u00f1a de los Peines e Enrique Morente s\u00e3o a encarna\u00e7\u00e3o desta arte.<\/li>\n<\/ul>\n<p>O cante n\u00e3o \u00e9 s\u00f3 um instrumento; \u00e9 a alma mesma do flamenco.<\/p>\n<h2><strong>Outros Instrumentos do flamenco<\/strong><\/h2>\n<p>Atualmente, existem m\u00faltiplos instrumentos que se t\u00eam ido integrando ao flamenco porque \u00e9 uma arte que est\u00e1 viva e evolui.<\/p>\n<p>O flamenco tem-se ido fusionando com outros estilos musicais, e alguns instrumentos usados s\u00e3o o <strong>violino ou a flauta, baixo el\u00e9trico, ou a cajita ou o djembe. <\/strong> <\/p>\n<p>Cada instrumento flamenco (a guitarra, o caj\u00f3n, as palmas, as castanholas e a voz) tem o seu papel dentro do espet\u00e1culo. Saber um pouco mais sobre eles, \u00e9 conhecer um pouco mais a ess\u00eancia da Andaluzia e um patrim\u00f3nio cultural que continua a evoluir sem perder a sua raiz. <\/p>\n","protected":false},"excerpt":{"rendered":"<p>Os instrumentos flamencos s\u00e3o a alma desta arte andaluza. Desde a guitarra flamenca, cora\u00e7\u00e3o mel\u00f3dico, at\u00e9 ao caj\u00f3n, \u00e0s palmas, \u00e0s castanholas e \u00e0 voz, cada um aporta ritmo, emo\u00e7\u00e3o e tradi\u00e7\u00e3o. Descubra a sua hist\u00f3ria, o seu papel no compasso e como juntos d\u00e3o vida ao flamenco em pe\u00f1as, tablaos e grandes cen\u00e1rios.  <\/p>\n","protected":false},"author":1,"featured_media":14007,"comment_status":"closed","ping_status":"closed","sticky":false,"template":"","format":"standard","meta":{"footnotes":""},"categories":[182],"tags":[],"class_list":["post-14762","post","type-post","status-publish","format-standard","has-post-thumbnail","hentry","category-flamenco"],"_links":{"self":[{"href":"https:\/\/tablaoflamencogranada.com\/pt\/wp-json\/wp\/v2\/posts\/14762","targetHints":{"allow":["GET"]}}],"collection":[{"href":"https:\/\/tablaoflamencogranada.com\/pt\/wp-json\/wp\/v2\/posts"}],"about":[{"href":"https:\/\/tablaoflamencogranada.com\/pt\/wp-json\/wp\/v2\/types\/post"}],"author":[{"embeddable":true,"href":"https:\/\/tablaoflamencogranada.com\/pt\/wp-json\/wp\/v2\/users\/1"}],"replies":[{"embeddable":true,"href":"https:\/\/tablaoflamencogranada.com\/pt\/wp-json\/wp\/v2\/comments?post=14762"}],"version-history":[{"count":0,"href":"https:\/\/tablaoflamencogranada.com\/pt\/wp-json\/wp\/v2\/posts\/14762\/revisions"}],"wp:featuredmedia":[{"embeddable":true,"href":"https:\/\/tablaoflamencogranada.com\/pt\/wp-json\/wp\/v2\/media\/14007"}],"wp:attachment":[{"href":"https:\/\/tablaoflamencogranada.com\/pt\/wp-json\/wp\/v2\/media?parent=14762"}],"wp:term":[{"taxonomy":"category","embeddable":true,"href":"https:\/\/tablaoflamencogranada.com\/pt\/wp-json\/wp\/v2\/categories?post=14762"},{"taxonomy":"post_tag","embeddable":true,"href":"https:\/\/tablaoflamencogranada.com\/pt\/wp-json\/wp\/v2\/tags?post=14762"}],"curies":[{"name":"wp","href":"https:\/\/api.w.org\/{rel}","templated":true}]}}