{"id":14769,"date":"2025-09-23T12:02:57","date_gmt":"2025-09-23T11:02:57","guid":{"rendered":"https:\/\/tablaoflamencogranada.com\/o-que-ver-e-fazer-em-granada-atividades-imprescindiveis-para-a-sua-viagem"},"modified":"2025-10-27T16:03:52","modified_gmt":"2025-10-27T15:03:52","slug":"o-que-ver-e-fazer-em-granada-atividades-imprescindiveis-para-a-sua-viagem","status":"publish","type":"post","link":"https:\/\/tablaoflamencogranada.com\/pt\/o-que-ver-e-fazer-em-granada-atividades-imprescindiveis-para-a-sua-viagem","title":{"rendered":"O que ver e fazer em Granada &#8211; Atividades imprescind\u00edveis para a sua viagem"},"content":{"rendered":"<p>Granada \u00e9 uma cidade que tem de ser visitada pelo menos uma vez na vida. \u00c9 daqueles s\u00edtios que ficam gravados na mem\u00f3ria. <\/p>\n<p>\u00c9 uma cidade que pode visitar em 4 ou 5 dias e que <strong>tem um pouco de tudo<\/strong>, <strong>hist\u00f3ria, arte, gastronomia, beleza&#8230;<\/strong> e um <strong>ambiente \u00fanico<\/strong>. Se est\u00e1 a pensar visitar esta maravilhosa cidade, deixamos-lhe uma lista com os recantos que consideramos mais t\u00edpicos, grandiosos e emblem\u00e1ticos. <\/p>\n<p><strong data-start=\"390\" data-end=\"439\">Aqui fica a nossa lista das 10 coisas para fazer em Granada<\/strong> imprescind\u00edveis para a viver ao m\u00e1ximo.<\/p>\n<h2>Monumentos e Conjuntos Hist\u00f3ricos Imprescind\u00edveis<\/h2>\n<h3>A Alhambra e o Generalife<\/h3>\n<p><img fetchpriority=\"high\" decoding=\"async\" class=\"size-full wp-image-14335 aligncenter\" src=\"https:\/\/tablaoflamencogranada.com\/wp-content\/uploads\/2025\/09\/1-1.jpg\" alt=\"o que ver em Granada - a Alhambra\" width=\"1200\" height=\"700\" srcset=\"https:\/\/tablaoflamencogranada.com\/wp-content\/uploads\/2025\/09\/1-1.jpg 1200w, https:\/\/tablaoflamencogranada.com\/wp-content\/uploads\/2025\/09\/1-1-300x175.jpg 300w, https:\/\/tablaoflamencogranada.com\/wp-content\/uploads\/2025\/09\/1-1-1024x597.jpg 1024w, https:\/\/tablaoflamencogranada.com\/wp-content\/uploads\/2025\/09\/1-1-768x448.jpg 768w\" sizes=\"(max-width: 1200px) 100vw, 1200px\" \/><\/p>\n<p>Como n\u00e3o podia deixar de ser, se vier a Granada, deve visitar a Alhambra, considerada um dos melhores monumentos de Espanha.<br \/>\n De forma resumida, a Alhambra \u00e9 uma antiga cidade palaciana e fortaleza onde viveram os reis nasridas entre os <strong>s\u00e9culos XII e XV<\/strong>, sendo formada por:<\/p>\n<ul>\n<li><strong>A Alcazaba:<\/strong> A cidade militar amuralhada.<\/li>\n<li><strong>Os Pal\u00e1cios Nasridas:<\/strong> As elegantes est\u00e2ncias palacianas. T\u00eam um hor\u00e1rio de visita atribu\u00eddo e \u00e9 fundamental reservar as entradas com muita anteced\u00eancia. <\/li>\n<li><strong>Os jardins do Generalife:<\/strong> Um lugar para descansar e desfrutar.<\/li>\n<li><strong>P\u00e1tios:<\/strong> O P\u00e1tio de los Leones \u00e9 o mais bonito e famoso.<\/li>\n<\/ul>\n<p><strong>Conselho fundamental:<\/strong> Reserve os bilhetes online para a Alhambra com anteced\u00eancia para evitar perder tempo na fila ou a falta de disponibilidade. Se n\u00e3o houver bilhetes dispon\u00edveis para os Pal\u00e1cios Nasridas, pode optar por um tour guiado <\/p>\n<h3>A Catedral de Granada e a Capela Real<\/h3>\n<p><img decoding=\"async\" class=\"size-full wp-image-14343 aligncenter\" src=\"https:\/\/tablaoflamencogranada.com\/wp-content\/uploads\/2025\/09\/2-2.jpg\" alt=\"Visitar a catedral de Granada\" width=\"1200\" height=\"700\" srcset=\"https:\/\/tablaoflamencogranada.com\/wp-content\/uploads\/2025\/09\/2-2.jpg 1200w, https:\/\/tablaoflamencogranada.com\/wp-content\/uploads\/2025\/09\/2-2-300x175.jpg 300w, https:\/\/tablaoflamencogranada.com\/wp-content\/uploads\/2025\/09\/2-2-1024x597.jpg 1024w, https:\/\/tablaoflamencogranada.com\/wp-content\/uploads\/2025\/09\/2-2-768x448.jpg 768w\" sizes=\"(max-width: 1200px) 100vw, 1200px\" \/><\/p>\n<p>Outro dos monumentos que deve visitar se vier a Granada \u00e9 a Catedral, cujo nome completo \u00e9 <strong>Santa y Apost\u00f3lica Iglesia Catedral Metropolitana Bas\u00edlica de la Encarnaci\u00f3n de Granada<\/strong>, de estilo renascentista e barroco.<\/p>\n<p>\u00c9 um monumento essencial dentro do centro hist\u00f3rico.<\/p>\n<ul>\n<li><strong>Capela Real:<\/strong> Trata-se de um dos monumentos mais importantes, onde Isabel I de Castela e Fernando II de Arag\u00e3o (os Reis Cat\u00f3licos) decidiram ser enterrados.<\/li>\n<li><strong>Custo:<\/strong> Entrar na Catedral tem um custo de 6 \u20ac<\/li>\n<\/ul>\n<h3>A Madraza<\/h3>\n<p><img decoding=\"async\" class=\"size-full wp-image-14351 aligncenter\" src=\"https:\/\/tablaoflamencogranada.com\/wp-content\/uploads\/2025\/09\/3.avif\" alt=\"o que fazer em Granada - a Madraza\" width=\"1200\" height=\"700\" srcset=\"https:\/\/tablaoflamencogranada.com\/wp-content\/uploads\/2025\/09\/3.avif 1200w, https:\/\/tablaoflamencogranada.com\/wp-content\/uploads\/2025\/09\/3-300x175.avif 300w, https:\/\/tablaoflamencogranada.com\/wp-content\/uploads\/2025\/09\/3-1024x597.avif 1024w, https:\/\/tablaoflamencogranada.com\/wp-content\/uploads\/2025\/09\/3-768x448.avif 768w\" sizes=\"(max-width: 1200px) 100vw, 1200px\" \/><\/p>\n<p>Localizada em frente \u00e0 Capela Real, a Madraza (foi a primeira universidade isl\u00e2mica) \u00e9 um tesouro que reflete o legado mu\u00e7ulmano.<\/p>\n<p>Foi fundada no ano de 1349 pelo sult\u00e3o Yusuf I e nela se ministravam aulas de astronomia, matem\u00e1tica e literatura, e considera-se que albergou <strong>a primeira universidade p\u00fablica de al-\u00c1ndalus<\/strong>. Dentro encontra-se um dos orat\u00f3rios nasridas mais bem conservados da cidade.<\/p>\n<h3>Corral del Carb\u00f3n<\/h3>\n<p><img loading=\"lazy\" decoding=\"async\" class=\"size-full wp-image-14359 aligncenter\" src=\"https:\/\/tablaoflamencogranada.com\/wp-content\/uploads\/2025\/09\/4-2.jpg\" alt=\"O que visitar em Granada - Corral del Carb\u00f3n\" width=\"1200\" height=\"700\" srcset=\"https:\/\/tablaoflamencogranada.com\/wp-content\/uploads\/2025\/09\/4-2.jpg 1200w, https:\/\/tablaoflamencogranada.com\/wp-content\/uploads\/2025\/09\/4-2-300x175.jpg 300w, https:\/\/tablaoflamencogranada.com\/wp-content\/uploads\/2025\/09\/4-2-1024x597.jpg 1024w, https:\/\/tablaoflamencogranada.com\/wp-content\/uploads\/2025\/09\/4-2-768x448.jpg 768w\" sizes=\"(max-width: 1200px) 100vw, 1200px\" \/><\/p>\n<p>Trata-se de uma alh\u00f3ndega (edif\u00edcio p\u00fablico que albergava comerciantes e os seus produtos) do s\u00e9culo XIV. \u00c9 a \u00fanica alh\u00f3ndega \u00e1rabe que se mant\u00e9m na Pen\u00ednsula Ib\u00e9rica. Como caracter\u00edstica mais peculiar, destacamos a sua fachada com um precioso arco andalusino.  <\/p>\n<h3>Pal\u00e1cio Dar-al-Horra<\/h3>\n<p><img loading=\"lazy\" decoding=\"async\" class=\"wp-image-14375 size-full aligncenter\" src=\"https:\/\/tablaoflamencogranada.com\/wp-content\/uploads\/2025\/09\/5-1-1.jpg\" alt=\"Pal\u00e1cio Dal Al-Horra \" width=\"1200\" height=\"700\" srcset=\"https:\/\/tablaoflamencogranada.com\/wp-content\/uploads\/2025\/09\/5-1-1.jpg 1200w, https:\/\/tablaoflamencogranada.com\/wp-content\/uploads\/2025\/09\/5-1-1-300x175.jpg 300w, https:\/\/tablaoflamencogranada.com\/wp-content\/uploads\/2025\/09\/5-1-1-1024x597.jpg 1024w, https:\/\/tablaoflamencogranada.com\/wp-content\/uploads\/2025\/09\/5-1-1-768x448.jpg 768w\" sizes=\"(max-width: 1200px) 100vw, 1200px\" \/><\/p>\n<p>Trata-se de um pal\u00e1cio de estilo nasrida, que se encontra no Albaic\u00edn Alto. Foi a resid\u00eancia do fundador da dinastia Nasridas. \u00c9 um Bem de Interesse Cultural pela sua arquitetura.  <\/p>\n<h3>Mosteiro de la Cartuja<\/h3>\n<p><img loading=\"lazy\" decoding=\"async\" class=\"size-full wp-image-14383 aligncenter\" src=\"https:\/\/tablaoflamencogranada.com\/wp-content\/uploads\/2025\/09\/6-1.jpg\" alt=\"O que fazer em Granada - Mosteiro La Cartuja\" width=\"1200\" height=\"700\" srcset=\"https:\/\/tablaoflamencogranada.com\/wp-content\/uploads\/2025\/09\/6-1.jpg 1200w, https:\/\/tablaoflamencogranada.com\/wp-content\/uploads\/2025\/09\/6-1-300x175.jpg 300w, https:\/\/tablaoflamencogranada.com\/wp-content\/uploads\/2025\/09\/6-1-1024x597.jpg 1024w, https:\/\/tablaoflamencogranada.com\/wp-content\/uploads\/2025\/09\/6-1-768x448.jpg 768w\" sizes=\"(max-width: 1200px) 100vw, 1200px\" \/><\/p>\n<p>Trata-se de um monumento que representa a arte do Renascimento espanhol e cujas origens datam do s\u00e9culo XVI.<\/p>\n<p>Neste mosteiro foi enterrado Gonzalo Fern\u00e1ndez de C\u00f3rdoba, conhecido como o Grande Capit\u00e3o.<\/p>\n<h2>Percursos por Bairros e Ruas com Hist\u00f3ria<\/h2>\n<h3>Albaic\u00edn<\/h3>\n<p><img loading=\"lazy\" decoding=\"async\" class=\"size-full wp-image-14392 aligncenter\" src=\"https:\/\/tablaoflamencogranada.com\/wp-content\/uploads\/2025\/09\/7-2.avif\" alt=\"o que fazer em Granada - Passeio por Albaic\u00edn\" width=\"1200\" height=\"700\" srcset=\"https:\/\/tablaoflamencogranada.com\/wp-content\/uploads\/2025\/09\/7-2.avif 1200w, https:\/\/tablaoflamencogranada.com\/wp-content\/uploads\/2025\/09\/7-2-300x175.avif 300w, https:\/\/tablaoflamencogranada.com\/wp-content\/uploads\/2025\/09\/7-2-1024x597.avif 1024w, https:\/\/tablaoflamencogranada.com\/wp-content\/uploads\/2025\/09\/7-2-768x448.avif 768w\" sizes=\"(max-width: 1200px) 100vw, 1200px\" \/><\/p>\n<p>Se vier a Granada, n\u00e3o pode faltar um passeio pelo Albaic\u00edn, um antigo bairro \u00e1rabe m\u00edtico da cidade.<\/p>\n<ul>\n<li><strong>Caracter\u00edsticas:<\/strong> Tem ruas estreitas, \u00edngremes e empedradas, casas brancas salpicadas de buganv\u00edlias. Para desfrutar, tem de vaguear e perder-se por este bairro. <\/li>\n<li><strong>Miradouro de San Nicol\u00e1s:<\/strong> \u00c9 um ponto alto do bairro e de onde se desfrutam as melhores vistas da Alhambra.<\/li>\n<\/ul>\n<h3>Sacromonte<\/h3>\n<p><img loading=\"lazy\" decoding=\"async\" class=\"size-full wp-image-14400 aligncenter\" src=\"https:\/\/tablaoflamencogranada.com\/wp-content\/uploads\/2025\/09\/8.avif\" alt=\"Que coisas fazer em Granada - Sacromonte\" width=\"1200\" height=\"700\" srcset=\"https:\/\/tablaoflamencogranada.com\/wp-content\/uploads\/2025\/09\/8.avif 1200w, https:\/\/tablaoflamencogranada.com\/wp-content\/uploads\/2025\/09\/8-300x175.avif 300w, https:\/\/tablaoflamencogranada.com\/wp-content\/uploads\/2025\/09\/8-1024x597.avif 1024w, https:\/\/tablaoflamencogranada.com\/wp-content\/uploads\/2025\/09\/8-768x448.avif 768w\" sizes=\"(max-width: 1200px) 100vw, 1200px\" \/><\/p>\n<p>Outro bairro que est\u00e1 ao lado do Albaic\u00edn e que deve visitar \u00e9 o Sacromonte, famoso pelas suas casas-grutas.<\/p>\n<p>As suas grutas foram as habita\u00e7\u00f5es dos ciganos que acompanharam os Reis Cat\u00f3licos.<\/p>\n<ul>\n<li><strong>Flamenco:<\/strong> \u00c9 conhecido pelos seus espet\u00e1culos de flamenco, chamados zambras, que se realizam nas suas grutas.<\/li>\n<li><strong>Visitas:<\/strong> Se quiser conhecer um pouco mais a hist\u00f3ria e as grutas, \u00e9 muito aconselh\u00e1vel visitar o Museu Cuevas del Sacromonte (5 \u20ac)<\/li>\n<\/ul>\n<h3>El Realejo<\/h3>\n<p><img loading=\"lazy\" decoding=\"async\" class=\"size-full wp-image-14408 aligncenter\" src=\"https:\/\/tablaoflamencogranada.com\/wp-content\/uploads\/2025\/09\/9.avif\" alt=\"Passeio pelo Bairro de Realejo\" width=\"1200\" height=\"700\" srcset=\"https:\/\/tablaoflamencogranada.com\/wp-content\/uploads\/2025\/09\/9.avif 1200w, https:\/\/tablaoflamencogranada.com\/wp-content\/uploads\/2025\/09\/9-300x175.avif 300w, https:\/\/tablaoflamencogranada.com\/wp-content\/uploads\/2025\/09\/9-1024x597.avif 1024w, https:\/\/tablaoflamencogranada.com\/wp-content\/uploads\/2025\/09\/9-768x448.avif 768w\" sizes=\"(max-width: 1200px) 100vw, 1200px\" \/><\/p>\n<p>Outro dos bairros famosos da cidade, que est\u00e1 em pleno centro, \u00e9 o Realejo, que se encontra aos p\u00e9s da Alhambra e que se trata de uma das <strong>zonas mais aut\u00eanticas da cidade<\/strong>. <\/p>\n<p>Nasceu na \u00e9poca mu\u00e7ulmana como <em>\u00abGarnata al-Yahud\u00bb<\/em> (lar ou Granada dos judeus).<\/p>\n<p>Tem uma rica hist\u00f3ria e legado cultural.<\/p>\n<p>Dentro do bairro de Realejo, aconselhamos a ver:<\/p>\n<ul>\n<li>Campo del Pr\u00edncipe.<\/li>\n<li>Igreja de la Virgen de las Angustias.<\/li>\n<li>Igreja de San Cecilio (patrono de Granada).<\/li>\n<\/ul>\n<h3>Rua das Teterias (Calle Calderer\u00eda Nueva)<\/h3>\n<p><img loading=\"lazy\" decoding=\"async\" class=\"size-full wp-image-14416 aligncenter\" src=\"https:\/\/tablaoflamencogranada.com\/wp-content\/uploads\/2025\/09\/10.avif\" alt=\"o que fazer em Granada - Visitar as teterias\" width=\"1200\" height=\"700\" srcset=\"https:\/\/tablaoflamencogranada.com\/wp-content\/uploads\/2025\/09\/10.avif 1200w, https:\/\/tablaoflamencogranada.com\/wp-content\/uploads\/2025\/09\/10-300x175.avif 300w, https:\/\/tablaoflamencogranada.com\/wp-content\/uploads\/2025\/09\/10-1024x597.avif 1024w, https:\/\/tablaoflamencogranada.com\/wp-content\/uploads\/2025\/09\/10-768x448.avif 768w\" sizes=\"(max-width: 1200px) 100vw, 1200px\" \/><\/p>\n<p>Uma das atividades para fazer em Granada \u00e9 percorrer a rua conhecida como &#8220;calle de las teter\u00edas&#8221;, um \u00edcone da cidade, localizada no cora\u00e7\u00e3o do Albaic\u00edn, e que tem v\u00e1rias teterias de estilo \u00e1rabe.<\/p>\n<p>Recomenda-se fazer uma paragem para tomar um ch\u00e1 e provar uns deliciosos pastelitos \u00e1rabes ou um crepe. Tamb\u00e9m \u00e9 um bom lugar para comprar algumas lembran\u00e7as. <\/p>\n<h3>Centro Hist\u00f3rico e Carrera del Darro<\/h3>\n<p><img loading=\"lazy\" decoding=\"async\" class=\"size-full wp-image-14424 aligncenter\" src=\"https:\/\/tablaoflamencogranada.com\/wp-content\/uploads\/2025\/09\/11.avif\" alt=\"O que ver em Granada - Acera del Darro\" width=\"1200\" height=\"700\" srcset=\"https:\/\/tablaoflamencogranada.com\/wp-content\/uploads\/2025\/09\/11.avif 1200w, https:\/\/tablaoflamencogranada.com\/wp-content\/uploads\/2025\/09\/11-300x175.avif 300w, https:\/\/tablaoflamencogranada.com\/wp-content\/uploads\/2025\/09\/11-1024x597.avif 1024w, https:\/\/tablaoflamencogranada.com\/wp-content\/uploads\/2025\/09\/11-768x448.avif 768w\" sizes=\"(max-width: 1200px) 100vw, 1200px\" \/><\/p>\n<p>\u00c9 indispens\u00e1vel percorrer o centro hist\u00f3rico.<\/p>\n<ul>\n<li><strong>Percurso:<\/strong> Passear pelo centro hist\u00f3rico inclui visitar a Catedral, regatear no zoco de la Alcaicer\u00eda e percorrer pra\u00e7as como a Plaza Nueva e a de Rib-Rambla.<\/li>\n<li><strong>Carrera del Darro:<\/strong> Considerada uma das ruas mais bonitas da cidade. Conta com edif\u00edcios do s\u00e9culo XVI, conventos e casas \u00e1rabes. <\/li>\n<li><strong>Alcaicer\u00eda:<\/strong> O antigo mercado da seda durante a \u00e9poca \u00e1rabe, um labirinto de ruas perfeito para adquirir artesanato.<\/li>\n<li><strong>Paseo de los Tristes:<\/strong> Uma avenida rom\u00e2ntica com vistas incr\u00edveis da Alhambra. Historicamente, no s\u00e9culo XIX, era a rota dos cortejos f\u00fanebres para o cemit\u00e9rio de San Jos\u00e9 <\/li>\n<\/ul>\n<h2>Atividades e Experi\u00eancias<\/h2>\n<h3>Ir de Tapas \u00a1S\u00e3o gratuitas!<\/h3>\n<p><img loading=\"lazy\" decoding=\"async\" class=\"size-full wp-image-14432 aligncenter\" src=\"https:\/\/tablaoflamencogranada.com\/wp-content\/uploads\/2025\/09\/12.avif\" alt=\"Ir de tapas por Granada\" width=\"1200\" height=\"700\" srcset=\"https:\/\/tablaoflamencogranada.com\/wp-content\/uploads\/2025\/09\/12.avif 1200w, https:\/\/tablaoflamencogranada.com\/wp-content\/uploads\/2025\/09\/12-300x175.avif 300w, https:\/\/tablaoflamencogranada.com\/wp-content\/uploads\/2025\/09\/12-1024x597.avif 1024w, https:\/\/tablaoflamencogranada.com\/wp-content\/uploads\/2025\/09\/12-768x448.avif 768w\" sizes=\"(max-width: 1200px) 100vw, 1200px\" \/><\/p>\n<p>Outra das atividades para fazer em Granada \u00e9 ir de tapas, o que \u00e9 muito t\u00edpico de Granada. A tradi\u00e7\u00e3o permite pedir uma bebida e receber em troca uma tapa generosa de presente. <\/p>\n<ul>\n<li>Nos <strong>bares de tapas granadinos<\/strong> quase sempre vai encontrar alguns destes pratos deliciosos: presunto assado, peixe frito, paella, salada russa, ovos rotos, croquetes, salmorejo e gaspacho (no ver\u00e3o) e enchidos.<\/li>\n<\/ul>\n<h3>Hammam Al \u00c1ndalus<\/h3>\n<p><img loading=\"lazy\" decoding=\"async\" class=\"size-full wp-image-14441 aligncenter\" src=\"https:\/\/tablaoflamencogranada.com\/wp-content\/uploads\/2025\/09\/13.avif\" alt=\"Plano em Granada - Banhos \u00e1rabes\" width=\"1200\" height=\"700\" srcset=\"https:\/\/tablaoflamencogranada.com\/wp-content\/uploads\/2025\/09\/13.avif 1200w, https:\/\/tablaoflamencogranada.com\/wp-content\/uploads\/2025\/09\/13-300x175.avif 300w, https:\/\/tablaoflamencogranada.com\/wp-content\/uploads\/2025\/09\/13-1024x597.avif 1024w, https:\/\/tablaoflamencogranada.com\/wp-content\/uploads\/2025\/09\/13-768x448.avif 768w\" sizes=\"(max-width: 1200px) 100vw, 1200px\" \/><\/p>\n<p>Para terminar um dia de atividades e relaxar, recomendamos os banhos \u00e1rabes. T\u00eam muito encanto e transport\u00e1-lo-\u00e3o para a \u00e9poca do esplendor de Al-\u00c1ndalus. <\/p>\n<p>O percurso inclui salas com piscinas de diferentes temperaturas, salas de vapor e salas de massagens.<\/p>\n<h3>Espet\u00e1culo Flamenco<\/h3>\n<p><img loading=\"lazy\" decoding=\"async\" class=\"size-full wp-image-14449 aligncenter\" src=\"https:\/\/tablaoflamencogranada.com\/wp-content\/uploads\/2025\/09\/14.avif\" alt=\"o que fazer em Granada - ver espet\u00e1culo flamenco\" width=\"1200\" height=\"700\" srcset=\"https:\/\/tablaoflamencogranada.com\/wp-content\/uploads\/2025\/09\/14.avif 1200w, https:\/\/tablaoflamencogranada.com\/wp-content\/uploads\/2025\/09\/14-300x175.avif 300w, https:\/\/tablaoflamencogranada.com\/wp-content\/uploads\/2025\/09\/14-1024x597.avif 1024w, https:\/\/tablaoflamencogranada.com\/wp-content\/uploads\/2025\/09\/14-768x448.avif 768w\" sizes=\"(max-width: 1200px) 100vw, 1200px\" \/><\/p>\n<p>E, como n\u00e3o podia deixar de ser, outra das melhores atividades que pode fazer \u00e9 visitar os tablaos flamencos do Albaic\u00edn ou Sacromonte e ver os espet\u00e1culos de zambras, que fazem parte da alma de Granada.<\/p>\n<h3>Free Tours<\/h3>\n<p><img loading=\"lazy\" decoding=\"async\" class=\"size-full wp-image-14457 aligncenter\" src=\"https:\/\/tablaoflamencogranada.com\/wp-content\/uploads\/2025\/09\/15.avif\" alt=\"Tour gratuito por Granada\" width=\"1200\" height=\"700\" srcset=\"https:\/\/tablaoflamencogranada.com\/wp-content\/uploads\/2025\/09\/15.avif 1200w, https:\/\/tablaoflamencogranada.com\/wp-content\/uploads\/2025\/09\/15-300x175.avif 300w, https:\/\/tablaoflamencogranada.com\/wp-content\/uploads\/2025\/09\/15-1024x597.avif 1024w, https:\/\/tablaoflamencogranada.com\/wp-content\/uploads\/2025\/09\/15-768x448.avif 768w\" sizes=\"(max-width: 1200px) 100vw, 1200px\" \/><\/p>\n<p>Aconselha-se juntar-se a um free tour (tour gratuito) ou fazer um percurso privado, sobretudo se for a primeira vez que se visita Granada.<\/p>\n<p>H\u00e1 free tours ideais para conhecer o Albaic\u00edn, o centro hist\u00f3rico, a Alhambra ou o bairro de Realejo com um guia local.<\/p>\n<h2>Outros Pontos de Interesse e Excurs\u00f5es<\/h2>\n<h3>Parque de las Ciencias<\/h3>\n<p><img loading=\"lazy\" decoding=\"async\" class=\"size-full wp-image-14465 aligncenter\" src=\"https:\/\/tablaoflamencogranada.com\/wp-content\/uploads\/2025\/09\/16.avif\" alt=\"visitar parque de las ciencias\" width=\"1200\" height=\"700\" srcset=\"https:\/\/tablaoflamencogranada.com\/wp-content\/uploads\/2025\/09\/16.avif 1200w, https:\/\/tablaoflamencogranada.com\/wp-content\/uploads\/2025\/09\/16-300x175.avif 300w, https:\/\/tablaoflamencogranada.com\/wp-content\/uploads\/2025\/09\/16-1024x597.avif 1024w, https:\/\/tablaoflamencogranada.com\/wp-content\/uploads\/2025\/09\/16-768x448.avif 768w\" sizes=\"(max-width: 1200px) 100vw, 1200px\" \/><\/p>\n<p>Uma das atividades para fazer em Granada, sobretudo se vier com crian\u00e7as, \u00e9 ir ao parque de las ciencias, um museu interativo. Tem exposi\u00e7\u00f5es e oficinas sobre f\u00edsica, qu\u00edmica, biologia, geologia e rob\u00f3tica, destacando a zona do Planet\u00e1rio. <\/p>\n<h3>Excurs\u00f5es desde Granada<\/h3>\n<p><img loading=\"lazy\" decoding=\"async\" class=\"size-full wp-image-14473 aligncenter\" src=\"https:\/\/tablaoflamencogranada.com\/wp-content\/uploads\/2025\/09\/17.avif\" alt=\"O que fazer em Granada - Sierra Nevada\" width=\"1200\" height=\"700\" srcset=\"https:\/\/tablaoflamencogranada.com\/wp-content\/uploads\/2025\/09\/17.avif 1200w, https:\/\/tablaoflamencogranada.com\/wp-content\/uploads\/2025\/09\/17-300x175.avif 300w, https:\/\/tablaoflamencogranada.com\/wp-content\/uploads\/2025\/09\/17-1024x597.avif 1024w, https:\/\/tablaoflamencogranada.com\/wp-content\/uploads\/2025\/09\/17-768x448.avif 768w\" sizes=\"(max-width: 1200px) 100vw, 1200px\" \/><\/p>\n<div class=\"paragraph normal ng-star-inserted\" data-start-index=\"6736\">Se, al\u00e9m disso, vier mais dias, quiser conhecer algo diferente da cidade de Granada, recomendamos explorar os seus arredores:<\/div>\n<ul>\n<li class=\"paragraph normal ng-star-inserted\" data-start-index=\"6736\"><strong>Sierra Nevada:<\/strong> Ideal se vier no inverno e gostar de esquiar.<\/li>\n<li class=\"paragraph normal ng-star-inserted\" data-start-index=\"6736\"><strong>La Alpujarra.<\/strong> Caracteriza-se por ser uma comarca formada por umas <strong data-start=\"120\" data-end=\"157\">aldeias brancas de origem mourisca<\/strong>, ruas empedradas e casas de telhados planos. Rodeada de montanhas e barrancos, tem paisagens \u00fanicas, trilhos naturais e uma rica gastronomia tradicional <\/li>\n<\/ul>\n<h3>Gastronomia Local (O Que Comer)<\/h3>\n<p><img loading=\"lazy\" decoding=\"async\" class=\"size-full wp-image-14481 aligncenter\" src=\"https:\/\/tablaoflamencogranada.com\/wp-content\/uploads\/2025\/09\/18.avif\" alt=\"Piononos de Granada\" width=\"1200\" height=\"700\" srcset=\"https:\/\/tablaoflamencogranada.com\/wp-content\/uploads\/2025\/09\/18.avif 1200w, https:\/\/tablaoflamencogranada.com\/wp-content\/uploads\/2025\/09\/18-300x175.avif 300w, https:\/\/tablaoflamencogranada.com\/wp-content\/uploads\/2025\/09\/18-1024x597.avif 1024w, https:\/\/tablaoflamencogranada.com\/wp-content\/uploads\/2025\/09\/18-768x448.avif 768w\" sizes=\"(max-width: 1200px) 100vw, 1200px\" \/><\/p>\n<p>Al\u00e9m das tapas, a gastronomia granadina destaca-se pela sua influ\u00eancia \u00e1rabe. N\u00e3o hesite em provar algumas das <a title=\"paltos tipicos de Granada\" href=\"https:\/\/tablaoflamencogranada.com\/pt\/comida-tipica-de-granada-que-deve-provar\">comidas t\u00edpicas de Granada<\/a>: <\/p>\n<ul>\n<li><strong>Doces:<\/strong> Piononos, doce tradicional feito com uma camada de p\u00e3o de l\u00f3 e creme. Destacamos tamb\u00e9m os soplillos de la Alpujarra, a coalhada de carnaval, roscos de vinho, tortas de la virgen (em setembro), huesos de Santo (dispon\u00edveis na festividade de todos os Santos), pesti\u00f1os e leite frita (muito comuns na Semana Santa) e os tocinos de cielo. <\/li>\n<li><strong>Pratos salgados:<\/strong> Zalamandro\u00f1a (salada fria), migas de p\u00e3o, olla de San Ant\u00f3n (muito comum no m\u00eas de janeiro), favas com presunto, prato Alpujarre\u00f1o, beringelas com mel, tortilla del Sacromonte ou o remoj\u00f3n granadino.<\/li>\n<li><strong>Tapas:<\/strong> Embora n\u00e3o se considerem pratos granadinos,<\/li>\n<\/ul>\n","protected":false},"excerpt":{"rendered":"<p>Granada \u00e9 uma cidade que funde cultura, hist\u00f3ria e vistas panor\u00e2micas singulares. A cidade proporciona experi\u00eancias inesquec\u00edveis para qualquer viajante, desde a imponente Alhambra e as vistas panor\u00e2micas do Albaic\u00edn at\u00e9 ao percurso pelas aldeias brancas de La Alpujarra e as atua\u00e7\u00f5es flamencas em Sacromonte. Para desfrutar de Granada ao m\u00e1ximo, neste artigo mostramos-lhe dez atividades e lugares imprescind\u00edveis que deve ver e fazer.  <\/p>\n","protected":false},"author":1,"featured_media":14241,"comment_status":"closed","ping_status":"closed","sticky":false,"template":"","format":"standard","meta":{"footnotes":""},"categories":[183],"tags":[],"class_list":["post-14769","post","type-post","status-publish","format-standard","has-post-thumbnail","hentry","category-historia-de-granada"],"_links":{"self":[{"href":"https:\/\/tablaoflamencogranada.com\/pt\/wp-json\/wp\/v2\/posts\/14769","targetHints":{"allow":["GET"]}}],"collection":[{"href":"https:\/\/tablaoflamencogranada.com\/pt\/wp-json\/wp\/v2\/posts"}],"about":[{"href":"https:\/\/tablaoflamencogranada.com\/pt\/wp-json\/wp\/v2\/types\/post"}],"author":[{"embeddable":true,"href":"https:\/\/tablaoflamencogranada.com\/pt\/wp-json\/wp\/v2\/users\/1"}],"replies":[{"embeddable":true,"href":"https:\/\/tablaoflamencogranada.com\/pt\/wp-json\/wp\/v2\/comments?post=14769"}],"version-history":[{"count":1,"href":"https:\/\/tablaoflamencogranada.com\/pt\/wp-json\/wp\/v2\/posts\/14769\/revisions"}],"predecessor-version":[{"id":14847,"href":"https:\/\/tablaoflamencogranada.com\/pt\/wp-json\/wp\/v2\/posts\/14769\/revisions\/14847"}],"wp:featuredmedia":[{"embeddable":true,"href":"https:\/\/tablaoflamencogranada.com\/pt\/wp-json\/wp\/v2\/media\/14241"}],"wp:attachment":[{"href":"https:\/\/tablaoflamencogranada.com\/pt\/wp-json\/wp\/v2\/media?parent=14769"}],"wp:term":[{"taxonomy":"category","embeddable":true,"href":"https:\/\/tablaoflamencogranada.com\/pt\/wp-json\/wp\/v2\/categories?post=14769"},{"taxonomy":"post_tag","embeddable":true,"href":"https:\/\/tablaoflamencogranada.com\/pt\/wp-json\/wp\/v2\/tags?post=14769"}],"curies":[{"name":"wp","href":"https:\/\/api.w.org\/{rel}","templated":true}]}}