{"id":14776,"date":"2025-10-24T12:43:23","date_gmt":"2025-10-24T11:43:23","guid":{"rendered":"https:\/\/tablaoflamencogranada.com\/granada-transforma-se-neste-outono-na-cidade-do-flamenco-e-da-cultura"},"modified":"2025-10-30T15:57:29","modified_gmt":"2025-10-30T14:57:29","slug":"granada-transforma-se-neste-outono-na-cidade-do-flamenco-e-da-cultura","status":"publish","type":"post","link":"https:\/\/tablaoflamencogranada.com\/pt\/granada-transforma-se-neste-outono-na-cidade-do-flamenco-e-da-cultura","title":{"rendered":"Granada transforma-se neste outono na cidade do flamenco e da cultura"},"content":{"rendered":"<p>A cidade de Granada organiza-se para desfrutar de um outono excecional, no qual a tradi\u00e7\u00e3o, a inova\u00e7\u00e3o cultural e a arte jonda se unir\u00e3o para estabelec\u00ea-la como uma figura proeminente da cultura viva em Espanha e na Andaluzia.<\/p>\n<h2>Uma aposta clara no flamenco<\/h2>\n<p>O flamenco \u00e9 o tema central da programa\u00e7\u00e3o cultural granadina este ano, e \u00e9 abordado com determina\u00e7\u00e3o. Uma parte desta iniciativa concretiza-se no <strong>programa Granada es Flamenco 365<\/strong>, que j\u00e1 come\u00e7ou a ser implementado como antec\u00e2mara do evento principal, a <a title=\"eventos flamencos granada\" href=\"https:\/\/bienalgranada.com\/\" target=\"_blank\" rel=\"noopener\">Bienal de Flamenco Granada 2025<\/a>. <\/p>\n<p>O programa municipal Patrim\u00f3nio Flamenco, que inclui a participa\u00e7\u00e3o de mais de cem artistas locais e doze espet\u00e1culos, desenvolve-se tamb\u00e9m ao longo dos meses de outubro, novembro e dezembro.<\/p>\n<h2>O que inclui a programa\u00e7\u00e3o?<\/h2>\n<ul>\n<li>A primeira <strong>Coral Flamenca de Granada<\/strong> ter\u00e1 a sua estreia absoluta a 16 de novembro no Audit\u00f3rio Manuel de Falla, ao mesmo tempo que se celebra o XV anivers\u00e1rio de que o flamenco foi declarado como Patrim\u00f3nio Cultural Imaterial da Humanidade.<\/li>\n<li>Workshops, representa\u00e7\u00f5es e reuni\u00f5es de reflex\u00e3o art\u00edstica em diversas localidades da prov\u00edncia (por exemplo, C\u00fallar Vega, Beas de Granada, C\u00e1jar e D\u00edlar).<\/li>\n<li>Perspetiva multidisciplinar: A Universidade de Granada, atrav\u00e9s da sua C\u00e1tedra de Flamenco, colaborou connosco para unir o contempor\u00e2neo e a tradi\u00e7\u00e3o.<\/li>\n<li>Espa\u00e7os singulares: O flamenco expandir-se-\u00e1 ao exterior, alcan\u00e7ando pra\u00e7as, miradouros e bairros com valor hist\u00f3rico como o Albaic\u00edn e o Sacromonte, para formar parte da paisagem urbana e patrimonial da cidade.<\/li>\n<\/ul>\n<h2>Por que foi escolhida Granada?<\/h2>\n<p>Granada n\u00e3o s\u00f3 deseja desfrutar do flamenco neste outono, como tamb\u00e9m aspira a consolidar a sua imagem como um <strong>destino cultural de primeira ordem<\/strong>.<\/p>\n<p>A cidade oferece uma variedade de festivais, teatro, m\u00fasica e artes c\u00e9nicas que consolidam a sua imagem como &#8220;cidade das artes e da m\u00fasica&#8221;.<\/p>\n<p>E, o mais importante: a programa\u00e7\u00e3o enquadra-se dentro do horizonte da sua candidatura para ser Capital Europeia da Cultura no ano 2031.<\/p>\n<p>Desta maneira, tanto o flamenco como a cultura mostram-se tamb\u00e9m como impulso de desenvolvimento em termos de identidade e turismo.<\/p>\n<p><img fetchpriority=\"high\" decoding=\"async\" class=\"size-full wp-image-14511 aligncenter\" src=\"https:\/\/tablaoflamencogranada.com\/wp-content\/uploads\/2025\/10\/eventos-flamenco-granada.avif\" alt=\"eventos flamencos granada novembro\" width=\"1200\" height=\"750\" srcset=\"https:\/\/tablaoflamencogranada.com\/wp-content\/uploads\/2025\/10\/eventos-flamenco-granada.avif 1200w, https:\/\/tablaoflamencogranada.com\/wp-content\/uploads\/2025\/10\/eventos-flamenco-granada-300x188.avif 300w, https:\/\/tablaoflamencogranada.com\/wp-content\/uploads\/2025\/10\/eventos-flamenco-granada-1024x640.avif 1024w, https:\/\/tablaoflamencogranada.com\/wp-content\/uploads\/2025\/10\/eventos-flamenco-granada-768x480.avif 768w\" sizes=\"(max-width: 1200px) 100vw, 1200px\" \/><\/p>\n<h2>Para quem \u00e9 isto? Onde e quando ir? <\/h2>\n<p>Para os aficionados do flamenco: tanto aqueles que apreciam a m\u00fasica e a dan\u00e7a tradicional como tamb\u00e9m os que procuram espet\u00e1culos contempor\u00e2neos e novas fus\u00f5es.<\/p>\n<p>Para aqueles que <strong>visitam Granada<\/strong> e procuram experimentar algo diferente em termos de cultura: workshops, concertos ao ar livre, espet\u00e1culos em lugares patrimoniais e reuni\u00f5es com artistas.<\/p>\n<p>Os per\u00edodos mais importantes v\u00e3o de outubro a dezembro, com uma particular intensidade durante os fins de semana para os ciclos &#8220;Patrim\u00f3nio Flamenco&#8221;.<\/p>\n<h2>Conselhos para desfrutar ao m\u00e1ximo<\/h2>\n<ul>\n<li data-start=\"3147\" data-end=\"3260\"><strong>Reservar bilhetes com anteced\u00eancia<\/strong> para os espet\u00e1culos de destaque (por exemplo, a estreia da Coral Flamenca).<\/li>\n<li data-start=\"3263\" data-end=\"3413\">Escolher espa\u00e7os n\u00e3o s\u00f3 os <strong>centros tur\u00edsticos tradicionais<\/strong>: explorar bairros como Sacromonte ou Albaic\u00edn, onde o flamenco tem ra\u00edzes profundas.<\/li>\n<li data-start=\"3416\" data-end=\"3546\">Combinar <strong>cultura com turismo<\/strong>: visitar tamb\u00e9m a Alhambra, os miradouros, tapas e passear pelas ruas; sentir como a cidade vive a arte.<\/li>\n<li data-start=\"3549\" data-end=\"3702\">Estar atento ao calend\u00e1rio de <strong>workshops e atividades paralelas<\/strong>: muitas propostas s\u00e3o gratuitas ou de lota\u00e7\u00e3o limitada, o que permite viv\u00ea-lo como local.<\/li>\n<\/ul>\n<h2>Granada: um outono para viver, sentir e recordar<\/h2>\n<p data-start=\"3623\" data-end=\"3915\">Este outono, <a href=\"https:\/\/tablaoflamencogranada.com\/pt\/o-que-ver-e-fazer-em-granada-atividades-imprescindiveis-para-a-sua-viagem\" title=\"que hacer en granada\">Granada<\/a> convida a deixar-se levar pelo duende. As ruas enchem-se de compasso, de guitarras e de vozes que contam hist\u00f3rias ancestrais. A combina\u00e7\u00e3o entre o ambiente monumental, a calidez da sua gente e a riqueza art\u00edstica converte a cidade num cen\u00e1rio irrepet\u00edvel.  <\/p>\n<p data-start=\"3917\" data-end=\"4202\">Quem visitar Granada durante estes meses n\u00e3o s\u00f3 assistir\u00e1 a um evento cultural, como far\u00e1 parte de uma experi\u00eancia sensorial e emocional que celebra a ess\u00eancia andaluza na sua m\u00e1xima express\u00e3o. Um outono que promete ficar gravado na mem\u00f3ria de todos os que o vivam. <\/p>\n","protected":false},"excerpt":{"rendered":"<p>Granada prepara-se para um outono cheio de arte e tradi\u00e7\u00e3o com uma programa\u00e7\u00e3o dedicada ao flamenco. Com o programa Granada es Flamenco 365 e a antec\u00e2mara da Bienal de Flamenco 2025, a cidade converte-se num referente cultural com espet\u00e1culos, workshops e atividades. <\/p>\n","protected":false},"author":1,"featured_media":14510,"comment_status":"closed","ping_status":"closed","sticky":false,"template":"","format":"standard","meta":{"footnotes":""},"categories":[182],"tags":[],"class_list":["post-14776","post","type-post","status-publish","format-standard","has-post-thumbnail","hentry","category-flamenco"],"_links":{"self":[{"href":"https:\/\/tablaoflamencogranada.com\/pt\/wp-json\/wp\/v2\/posts\/14776","targetHints":{"allow":["GET"]}}],"collection":[{"href":"https:\/\/tablaoflamencogranada.com\/pt\/wp-json\/wp\/v2\/posts"}],"about":[{"href":"https:\/\/tablaoflamencogranada.com\/pt\/wp-json\/wp\/v2\/types\/post"}],"author":[{"embeddable":true,"href":"https:\/\/tablaoflamencogranada.com\/pt\/wp-json\/wp\/v2\/users\/1"}],"replies":[{"embeddable":true,"href":"https:\/\/tablaoflamencogranada.com\/pt\/wp-json\/wp\/v2\/comments?post=14776"}],"version-history":[{"count":1,"href":"https:\/\/tablaoflamencogranada.com\/pt\/wp-json\/wp\/v2\/posts\/14776\/revisions"}],"predecessor-version":[{"id":14841,"href":"https:\/\/tablaoflamencogranada.com\/pt\/wp-json\/wp\/v2\/posts\/14776\/revisions\/14841"}],"wp:featuredmedia":[{"embeddable":true,"href":"https:\/\/tablaoflamencogranada.com\/pt\/wp-json\/wp\/v2\/media\/14510"}],"wp:attachment":[{"href":"https:\/\/tablaoflamencogranada.com\/pt\/wp-json\/wp\/v2\/media?parent=14776"}],"wp:term":[{"taxonomy":"category","embeddable":true,"href":"https:\/\/tablaoflamencogranada.com\/pt\/wp-json\/wp\/v2\/categories?post=14776"},{"taxonomy":"post_tag","embeddable":true,"href":"https:\/\/tablaoflamencogranada.com\/pt\/wp-json\/wp\/v2\/tags?post=14776"}],"curies":[{"name":"wp","href":"https:\/\/api.w.org\/{rel}","templated":true}]}}