{"id":14785,"date":"2025-10-27T12:13:13","date_gmt":"2025-10-27T11:13:13","guid":{"rendered":"https:\/\/tablaoflamencogranada.com\/comida-tipica-de-granada-que-deve-provar"},"modified":"2025-10-29T09:36:00","modified_gmt":"2025-10-29T08:36:00","slug":"comida-tipica-de-granada-que-deve-provar","status":"publish","type":"post","link":"https:\/\/tablaoflamencogranada.com\/pt\/comida-tipica-de-granada-que-deve-provar","title":{"rendered":"Comida T\u00edpica de Granada que deve provar"},"content":{"rendered":"<p>Ainda n\u00e3o provou a comida t\u00edpica de Granada?<\/p>\n<p>Pois deve saber que a gastronomia de Granada \u00e9 um grande atrativo da prov\u00edncia, pois mistura na perfei\u00e7\u00e3o sabores com influ\u00eancias \u00e1rabes com tradi\u00e7\u00f5es andaluzas.<\/p>\n<p>A cozinha baseia-se em <strong>produtos frescos e nutritivos<\/strong> cultivados na regi\u00e3o, como os legumes da vega, carnes para guisados e enchidos da Alpujarra.<\/p>\n<p>Fizemos uma recolha bastante completa dos <strong>pratos e sobremesas t\u00edpicos de Granada<\/strong>, ideal para saber o que comer na sua pr\u00f3xima <a title=\"atividades para fazer em Granada\" href=\"https:\/\/tablaoflamencogranada.com\/pt\/o-que-ver-e-fazer-em-granada-atividades-imprescindiveis-para-a-sua-viagem\">visita<\/a> a esta cidade rica em hist\u00f3ria, tradi\u00e7\u00e3o e sabor.<\/p>\n<p>Desde as tapas granadinas t\u00e3o famosas que acompanham cada trago at\u00e9 aos pratos de colher e \u00e0s <strong>sobremesas t\u00edpicas de Granada<\/strong> com um inconfund\u00edvel toque \u00e1rabe, cada esquina da prov\u00edncia oferece sabores \u00fanicos.<\/p>\n<p><!--more--><\/p>\n<h2>Pratos T\u00edpicos de Granada &#8211; Guia definitivo de Comida Granadina<\/h2>\n<p>Os pratos principais de Granada s\u00e3o conhecidos pela sua tradi\u00e7\u00e3o e pelo seu uso de produtos da horta e derivados do porco.<\/p>\n<h3>Remoj\u00f3n granadino<\/h3>\n<figure id=\"attachment_14560\" aria-describedby=\"caption-attachment-14560\" style=\"width: 1000px\" class=\"wp-caption aligncenter\"><img fetchpriority=\"high\" decoding=\"async\" class=\"wp-image-14560\" src=\"https:\/\/tablaoflamencogranada.com\/wp-content\/uploads\/2025\/10\/remojon-granadino-1.avif\" alt=\"comida famosa de Granada\" width=\"1000\" height=\"625\" srcset=\"https:\/\/tablaoflamencogranada.com\/wp-content\/uploads\/2025\/10\/remojon-granadino-1.avif 1200w, https:\/\/tablaoflamencogranada.com\/wp-content\/uploads\/2025\/10\/remojon-granadino-1-300x188.avif 300w, https:\/\/tablaoflamencogranada.com\/wp-content\/uploads\/2025\/10\/remojon-granadino-1-1024x640.avif 1024w, https:\/\/tablaoflamencogranada.com\/wp-content\/uploads\/2025\/10\/remojon-granadino-1-768x480.avif 768w\" sizes=\"(max-width: 1000px) 100vw, 1000px\" \/><figcaption id=\"caption-attachment-14560\" class=\"wp-caption-text\">Frescura e tradi\u00e7\u00e3o em cada bocado: assim se desfruta o aut\u00eantico remoj\u00f3n granadino.<\/figcaption><\/figure>\n<p>Uma comida que n\u00e3o pode faltar na lista, a <strong>salada fria de laranjas descascadas<\/strong> e cortadas com azeite. Variantes comuns incluem bacalhau desfiado, azeitonas pretas, cebola ou cebolinhas, ovos, vinagre, piment\u00e3o, batatas ou tomate. <\/p>\n<p>Tempero com azeite de oliva virgem e pode ter sabores doces e salgados.<\/p>\n<p>De origem \u00e1rabe. \u00c9 popular em Granada, C\u00f3rdoba e Ja\u00e9n. \u00c9 ideal para os meses quentes.  <\/p>\n<h3>Salada de Zalamandro\u00f1a<\/h3>\n<figure id=\"attachment_14713\" aria-describedby=\"caption-attachment-14713\" style=\"width: 1000px\" class=\"wp-caption aligncenter\"><img decoding=\"async\" class=\"wp-image-14713\" src=\"https:\/\/tablaoflamencogranada.com\/wp-content\/uploads\/2025\/10\/ensalada-zalamadrona.avif\" alt=\"Comida de Granada adequada para veganos\" width=\"1000\" height=\"625\" srcset=\"https:\/\/tablaoflamencogranada.com\/wp-content\/uploads\/2025\/10\/ensalada-zalamadrona.avif 1200w, https:\/\/tablaoflamencogranada.com\/wp-content\/uploads\/2025\/10\/ensalada-zalamadrona-300x188.avif 300w, https:\/\/tablaoflamencogranada.com\/wp-content\/uploads\/2025\/10\/ensalada-zalamadrona-1024x640.avif 1024w, https:\/\/tablaoflamencogranada.com\/wp-content\/uploads\/2025\/10\/ensalada-zalamadrona-768x480.avif 768w\" sizes=\"(max-width: 1000px) 100vw, 1000px\" \/><figcaption id=\"caption-attachment-14713\" class=\"wp-caption-text\">Cores, sabores e tradi\u00e7\u00e3o num prato: descubra a magia da salada de zalamandro\u00f1a.<\/figcaption><\/figure>\n<p>Uma comida elaborada com legumes que foram previamente secos ao sol, como <strong>ab\u00f3bora, tomate seco, curgete e pimento assado e seco<\/strong>. S\u00e3o adicionadas azeitonas pretas e bacalhau desfiado, pinh\u00f5es abundantes e cebola picada. Tempero com pimenta preta e or\u00e9g\u00e3os. Come-se fria.   <\/p>\n<p>De origem andalusina. \u00c9 t\u00edpica da regi\u00e3o de Guadix, especialmente popular em Hu\u00e9neja. <\/p>\n<h3>Beringelas com mel de cana<\/h3>\n<figure id=\"attachment_14568\" aria-describedby=\"caption-attachment-14568\" style=\"width: 1000px\" class=\"wp-caption aligncenter\"><img decoding=\"async\" class=\"wp-image-14568\" src=\"https:\/\/tablaoflamencogranada.com\/wp-content\/uploads\/2025\/10\/berengenas-con-miel.avif\" alt=\"comida t\u00edpica de granada para vegetarianos\" width=\"1000\" height=\"625\" srcset=\"https:\/\/tablaoflamencogranada.com\/wp-content\/uploads\/2025\/10\/berengenas-con-miel.avif 1200w, https:\/\/tablaoflamencogranada.com\/wp-content\/uploads\/2025\/10\/berengenas-con-miel-300x188.avif 300w, https:\/\/tablaoflamencogranada.com\/wp-content\/uploads\/2025\/10\/berengenas-con-miel-1024x640.avif 1024w, https:\/\/tablaoflamencogranada.com\/wp-content\/uploads\/2025\/10\/berengenas-con-miel-768x480.avif 768w\" sizes=\"(max-width: 1000px) 100vw, 1000px\" \/><figcaption id=\"caption-attachment-14568\" class=\"wp-caption-text\">Doce e surpreendente: as beringelas com mel que conquistam paladares.<\/figcaption><\/figure>\n<p>Dentro da comida t\u00edpica da cidade, n\u00e3o podem faltar as beringelas, que s\u00e3o cortadas em rodelas ou bast\u00f5es, \u00e9 adicionado sal para retirar o amargor, s\u00e3o enfarinhadas e fritas em abundante azeite de oliva quente.<\/p>\n<p>No momento de servir, \u00e9 adicionado um <strong>fio de mel de cana<\/strong> por cima, sem esperar que arrefe\u00e7am. A chave \u00e9 que fiquem crocantes.<br \/>\nDe origem \u00e1rabe. \u00c9 um prato muito t\u00edpico em toda a Andaluzia, sendo mais popular em <strong>Granada e C\u00f3rdoba<\/strong>. O contraponto amargo e doce est\u00e1 muito equilibrado.  <\/p>\n<h3>Tapas em Granada<\/h3>\n<p>Ao pedir uma bebida na maioria dos bares de Granada, \u00e9 servida uma tapa generosa. Em alguns estabelecimentos, pode-se escolher a tapa dispon\u00edvel. \u00c9 um dos elementos imprescind\u00edveis da gastronomia granadina. As zonas conhecidas para tapear incluem a rua Navas, a zona da Catedral, a rua Elvira, a pra\u00e7a de touros, o Albaic\u00edn ou a pra\u00e7a de la Trinidad.   <\/p>\n<h3>Migas de p\u00e3o ou de s\u00eamola<\/h3>\n<figure id=\"attachment_14577\" aria-describedby=\"caption-attachment-14577\" style=\"width: 1000px\" class=\"wp-caption aligncenter\"><img loading=\"lazy\" decoding=\"async\" class=\"wp-image-14577\" src=\"https:\/\/tablaoflamencogranada.com\/wp-content\/uploads\/2025\/10\/migas-pan.avif\" alt=\"Prato t\u00edpico granadino\" width=\"1000\" height=\"625\" srcset=\"https:\/\/tablaoflamencogranada.com\/wp-content\/uploads\/2025\/10\/migas-pan.avif 1200w, https:\/\/tablaoflamencogranada.com\/wp-content\/uploads\/2025\/10\/migas-pan-300x188.avif 300w, https:\/\/tablaoflamencogranada.com\/wp-content\/uploads\/2025\/10\/migas-pan-1024x640.avif 1024w, https:\/\/tablaoflamencogranada.com\/wp-content\/uploads\/2025\/10\/migas-pan-768x480.avif 768w\" sizes=\"(max-width: 1000px) 100vw, 1000px\" \/><figcaption id=\"caption-attachment-14577\" class=\"wp-caption-text\">Crocantes, saborosas e cheias de hist\u00f3ria: assim s\u00e3o as aut\u00eanticas migas de p\u00e3o.<\/figcaption><\/figure>\n<p>Originalmente, eram preparadas para aproveitar o p\u00e3o duro, cozinhando-o com bacon, alhos, azeite e pimentos. Pode-se acompanhar com ovo frito, sardinhas, mel\u00e3o ou uvas. \u00c0s vezes usa-se s\u00eamola de trigo em vez de p\u00e3o, tornando-as mais r\u00e1pidas, embora menos saborosas.  <\/p>\n<p>Prato tradicional de inverno que se tornou uma tapa frequente<\/p>\n<h2>Pratos Fortes, Cozidos e Guisados t\u00edpicos de Granada<\/h2>\n<h3><b class=\"ng-star-inserted\" data-start-index=\"2835\">Favas com presunto<\/b><\/h3>\n<figure id=\"attachment_14585\" aria-describedby=\"caption-attachment-14585\" style=\"width: 1000px\" class=\"wp-caption aligncenter\"><img loading=\"lazy\" decoding=\"async\" class=\"wp-image-14585\" src=\"https:\/\/tablaoflamencogranada.com\/wp-content\/uploads\/2025\/10\/habas-con-jamon.avif\" alt=\"um prato \u00fanico granadino\" width=\"1000\" height=\"625\" srcset=\"https:\/\/tablaoflamencogranada.com\/wp-content\/uploads\/2025\/10\/habas-con-jamon.avif 1200w, https:\/\/tablaoflamencogranada.com\/wp-content\/uploads\/2025\/10\/habas-con-jamon-300x188.avif 300w, https:\/\/tablaoflamencogranada.com\/wp-content\/uploads\/2025\/10\/habas-con-jamon-1024x640.avif 1024w, https:\/\/tablaoflamencogranada.com\/wp-content\/uploads\/2025\/10\/habas-con-jamon-768x480.avif 768w\" sizes=\"(max-width: 1000px) 100vw, 1000px\" \/><figcaption id=\"caption-attachment-14585\" class=\"wp-caption-text\">Simplicidade e sabor que apaixonam: favas com presunto, um cl\u00e1ssico irresist\u00edvel.<\/figcaption><\/figure>\n<p>S\u00e3o elaboradas com um refogado (pochado) e cubinhos de presunto, aos quais se adicionam as favas. S\u00e3o cobertas com caldo de vitela, frango e legumes e deixam-se cozer por uns 15 minutos. As favas pequenas (favitas) s\u00e3o uma iguaria na primavera. Um dos pratos t\u00edpicos granadinos.   <\/p>\n<h3>Tortilla del Sacromonte<\/h3>\n<p>\u00c9 a tortilla tradicional de Granada, pr\u00f3pria dos residentes do bairro do Sacromonte. Esta comida t\u00edpica \u00e9 preparada com diferentes tipos de v\u00edsceras, sendo as <strong>criadillas e os miolos de carneiro<\/strong> os mais importantes. Costumam ser adicionadas ervilhas, p\u00e3o ralado e nozes. H\u00e1 vers\u00f5es que incorporam <strong>chouri\u00e7o, presunto de Trev\u00e9lez e batatas<\/strong>.   <\/p>\n<figure id=\"attachment_14594\" aria-describedby=\"caption-attachment-14594\" style=\"width: 1000px\" class=\"wp-caption aligncenter\"><img loading=\"lazy\" decoding=\"async\" class=\"wp-image-14594\" src=\"https:\/\/tablaoflamencogranada.com\/wp-content\/uploads\/2025\/10\/tortilla-del-sacromonte.avif\" alt=\"Pratos granadinos por excel\u00eancia\" width=\"1000\" height=\"625\" srcset=\"https:\/\/tablaoflamencogranada.com\/wp-content\/uploads\/2025\/10\/tortilla-del-sacromonte.avif 1200w, https:\/\/tablaoflamencogranada.com\/wp-content\/uploads\/2025\/10\/tortilla-del-sacromonte-300x188.avif 300w, https:\/\/tablaoflamencogranada.com\/wp-content\/uploads\/2025\/10\/tortilla-del-sacromonte-1024x640.avif 1024w, https:\/\/tablaoflamencogranada.com\/wp-content\/uploads\/2025\/10\/tortilla-del-sacromonte-768x480.avif 768w\" sizes=\"(max-width: 1000px) 100vw, 1000px\" \/><figcaption id=\"caption-attachment-14594\" class=\"wp-caption-text\">Tradi\u00e7\u00e3o granadina na sua m\u00e1xima express\u00e3o: a emblem\u00e1tica tortilla del Sacromonte.<\/figcaption><\/figure>\n<h3>Prato Alpujarre\u00f1o<\/h3>\n<figure id=\"attachment_14723\" aria-describedby=\"caption-attachment-14723\" style=\"width: 1000px\" class=\"wp-caption aligncenter\"><img loading=\"lazy\" decoding=\"async\" class=\"wp-image-14723\" src=\"https:\/\/tablaoflamencogranada.com\/wp-content\/uploads\/2025\/10\/plato-alpujarreno-1.avif\" alt=\"O prato mais famoso de Granada\" width=\"1000\" height=\"625\" srcset=\"https:\/\/tablaoflamencogranada.com\/wp-content\/uploads\/2025\/10\/plato-alpujarreno-1.avif 1200w, https:\/\/tablaoflamencogranada.com\/wp-content\/uploads\/2025\/10\/plato-alpujarreno-1-300x188.avif 300w, https:\/\/tablaoflamencogranada.com\/wp-content\/uploads\/2025\/10\/plato-alpujarreno-1-1024x640.avif 1024w, https:\/\/tablaoflamencogranada.com\/wp-content\/uploads\/2025\/10\/plato-alpujarreno-1-768x480.avif 768w\" sizes=\"(max-width: 1000px) 100vw, 1000px\" \/><figcaption id=\"caption-attachment-14723\" class=\"wp-caption-text\">Sabores de montanha em cada bocado: desfrute do aut\u00eantico prato alpujarre\u00f1o.<\/figcaption><\/figure>\n<p>Possivelmente a comida de Granada mais famosa. Um prato da Alpujarra granadina, muito substancioso em calorias. Incorpora produtos t\u00edpicos da regi\u00e3o, como o <strong>lombo de orza, a morcela, a lingui\u00e7a, as batatas a lo pobre<\/strong> (batatas fritas com alho e pimentos), o ovo frito e o presunto serrano.  <\/p>\n<h3>Olla de San Ant\u00f3n<\/h3>\n<figure id=\"attachment_14602\" aria-describedby=\"caption-attachment-14602\" style=\"width: 1000px\" class=\"wp-caption aligncenter\"><img loading=\"lazy\" decoding=\"async\" class=\"wp-image-14602\" src=\"https:\/\/tablaoflamencogranada.com\/wp-content\/uploads\/2025\/10\/olla-san-anton.avif\" alt=\"Potaje de Granada mais famoso\" width=\"1000\" height=\"625\" srcset=\"https:\/\/tablaoflamencogranada.com\/wp-content\/uploads\/2025\/10\/olla-san-anton.avif 1200w, https:\/\/tablaoflamencogranada.com\/wp-content\/uploads\/2025\/10\/olla-san-anton-300x188.avif 300w, https:\/\/tablaoflamencogranada.com\/wp-content\/uploads\/2025\/10\/olla-san-anton-1024x640.avif 1024w, https:\/\/tablaoflamencogranada.com\/wp-content\/uploads\/2025\/10\/olla-san-anton-768x480.avif 768w\" sizes=\"(max-width: 1000px) 100vw, 1000px\" \/><figcaption id=\"caption-attachment-14602\" class=\"wp-caption-text\">Calor, tradi\u00e7\u00e3o e sabor em cada colherada: a aut\u00eantica olla de San Ant\u00f3n<\/figcaption><\/figure>\n<p>Um guisado muito famoso e abundante que comemora a matan\u00e7a do porco. Consome-se sobretudo por volta de 17 de janeiro, que \u00e9 o dia de San Ant\u00f3n. <\/p>\n<p>\u00c9 feito com uma ampla variedade de produtos derivados do porco, como orelha, espinha\u00e7o (fresco e seco), rabo, toucinho (fresco e seco), patas, careta, osso de presunto, morcela e m\u00e3ozinhas, com uma mistura de leguminosas (arroz, feij\u00f5es brancos ou gr\u00e3o-de-bico).<\/p>\n<p>O caldo e as leguminosas s\u00e3o servidos primeiro, depois a por\u00e7\u00e3o de carne de porco, o que se conhece como &#8220;<em>la pring\u00e1<\/em>&#8220;.<\/p>\n<h3>Choto al Ajillo<\/h3>\n<figure id=\"attachment_14611\" aria-describedby=\"caption-attachment-14611\" style=\"width: 1000px\" class=\"wp-caption aligncenter\"><img loading=\"lazy\" decoding=\"async\" class=\"wp-image-14611\" src=\"https:\/\/tablaoflamencogranada.com\/wp-content\/uploads\/2025\/10\/choto-al-ajillo.avif\" alt=\"Pratos famosos de Granada\" width=\"1000\" height=\"625\" srcset=\"https:\/\/tablaoflamencogranada.com\/wp-content\/uploads\/2025\/10\/choto-al-ajillo.avif 1200w, https:\/\/tablaoflamencogranada.com\/wp-content\/uploads\/2025\/10\/choto-al-ajillo-300x188.avif 300w, https:\/\/tablaoflamencogranada.com\/wp-content\/uploads\/2025\/10\/choto-al-ajillo-1024x640.avif 1024w, https:\/\/tablaoflamencogranada.com\/wp-content\/uploads\/2025\/10\/choto-al-ajillo-768x480.avif 768w\" sizes=\"(max-width: 1000px) 100vw, 1000px\" \/><figcaption id=\"caption-attachment-14611\" class=\"wp-caption-text\">Suculento, arom\u00e1tico e cheio de tradi\u00e7\u00e3o: assim se desfruta o aut\u00eantico choto al ajillo.<\/figcaption><\/figure>\n<p>Neste prato a carne principal \u00e9 a de cabrito (choto).<\/p>\n<p>A carne \u00e9 dourada com azeite, pimentos e alho, e depois \u00e9 adicionado vinho. \u00c9 incorporado um majado preparado com p\u00e3o frito, am\u00eandoas e vinho branco. Para prevenir que os ossos se lasquem \u00e9 importante um corte da carne limpo. Pode-se servir junto com curgete ou batatas fritas.   <\/p>\n<h3>Moraga de Sardinas<\/h3>\n<figure id=\"attachment_14687\" aria-describedby=\"caption-attachment-14687\" style=\"width: 1000px\" class=\"wp-caption aligncenter\"><img loading=\"lazy\" decoding=\"async\" class=\"wp-image-14687\" src=\"https:\/\/tablaoflamencogranada.com\/wp-content\/uploads\/2025\/10\/moraga-sardinas-motril.avif\" alt=\"prato t\u00edpico de Motril\" width=\"1000\" height=\"625\" srcset=\"https:\/\/tablaoflamencogranada.com\/wp-content\/uploads\/2025\/10\/moraga-sardinas-motril.avif 1200w, https:\/\/tablaoflamencogranada.com\/wp-content\/uploads\/2025\/10\/moraga-sardinas-motril-300x188.avif 300w, https:\/\/tablaoflamencogranada.com\/wp-content\/uploads\/2025\/10\/moraga-sardinas-motril-1024x640.avif 1024w, https:\/\/tablaoflamencogranada.com\/wp-content\/uploads\/2025\/10\/moraga-sardinas-motril-768x480.avif 768w\" sizes=\"(max-width: 1000px) 100vw, 1000px\" \/><figcaption id=\"caption-attachment-14687\" class=\"wp-caption-text\">Tradi\u00e7\u00e3o na brasa: sardinhas que sabem a ver\u00e3o e mar.<\/figcaption><\/figure>\n<p>Prato marinheiro t\u00edpico das zonas costeiras de Granada, como Motril. \u00c9 elaborado com sardinhas assadas na brasa na praia, ou cozinhadas numa ca\u00e7arola de barro banhadas com vinho branco, azeite de oliva virgem, sumo de lim\u00e3o, alho picado, salsa e sal. \u00c9 uma tradi\u00e7\u00e3o associada \u00e0s festas de ver\u00e3o.  <\/p>\n<h3>Potaje de Hinojos<\/h3>\n<figure id=\"attachment_14704\" aria-describedby=\"caption-attachment-14704\" style=\"width: 1002px\" class=\"wp-caption aligncenter\"><img loading=\"lazy\" decoding=\"async\" class=\"wp-image-14704\" src=\"https:\/\/tablaoflamencogranada.com\/wp-content\/uploads\/2025\/10\/puchero-hinojos.avif\" alt=\"potaje t\u00edpico de Granada\" width=\"1002\" height=\"626\" srcset=\"https:\/\/tablaoflamencogranada.com\/wp-content\/uploads\/2025\/10\/puchero-hinojos.avif 1200w, https:\/\/tablaoflamencogranada.com\/wp-content\/uploads\/2025\/10\/puchero-hinojos-300x188.avif 300w, https:\/\/tablaoflamencogranada.com\/wp-content\/uploads\/2025\/10\/puchero-hinojos-1024x640.avif 1024w, https:\/\/tablaoflamencogranada.com\/wp-content\/uploads\/2025\/10\/puchero-hinojos-768x480.avif 768w\" sizes=\"(max-width: 1002px) 100vw, 1002px\" \/><figcaption id=\"caption-attachment-14704\" class=\"wp-caption-text\">Sabor e tradi\u00e7\u00e3o em cada colherada: descubra o aut\u00eantico potaje de hinojos.<\/figcaption><\/figure>\n<p>Outra comida de Granada bastante t\u00edpica \u00e9 o puchero ou potaje de Hinojos. Trata-se de um potaje de feij\u00f5es brancos que \u00e9 perfumado com os brotos verdes do funcho. \u00c9 cozinhado com produtos derivados do porco, como carne magra, morcela, osso de presunto, toucinho e costela; \u00e0s vezes \u00e9 adicionado um pouco de arroz para engrossar.  <\/p>\n<h3>Gurupina<\/h3>\n<figure id=\"attachment_14678\" aria-describedby=\"caption-attachment-14678\" style=\"width: 1000px\" class=\"wp-caption aligncenter\"><img loading=\"lazy\" decoding=\"async\" class=\"wp-image-14678\" src=\"https:\/\/tablaoflamencogranada.com\/wp-content\/uploads\/2025\/10\/gurupina-baza.avif\" alt=\"Prato t\u00edpico de Baza\" width=\"1000\" height=\"625\" srcset=\"https:\/\/tablaoflamencogranada.com\/wp-content\/uploads\/2025\/10\/gurupina-baza.avif 1200w, https:\/\/tablaoflamencogranada.com\/wp-content\/uploads\/2025\/10\/gurupina-baza-300x188.avif 300w, https:\/\/tablaoflamencogranada.com\/wp-content\/uploads\/2025\/10\/gurupina-baza-1024x640.avif 1024w, https:\/\/tablaoflamencogranada.com\/wp-content\/uploads\/2025\/10\/gurupina-baza-768x480.avif 768w\" sizes=\"(max-width: 1000px) 100vw, 1000px\" \/><figcaption id=\"caption-attachment-14678\" class=\"wp-caption-text\">Um sabor \u00fanico que une tradi\u00e7\u00e3o e frescura: assim \u00e9 a aut\u00eantica gurupina de Baza.<\/figcaption><\/figure>\n<p>Este prato \u00e9 t\u00edpico da regi\u00e3o de Baza. Esta tarefa consiste em fritar pimento vermelho seco (que depois \u00e9 batido) e saltear cebola, pimento verde, chouri\u00e7o, alho e tomate. S\u00e3o adicionados cogumelos, piment\u00e3o, \u00e1gua e farinha, e cozinha-se a fogo lento at\u00e9 obter uma consist\u00eancia parecida com as papas.  <\/p>\n<h3>Produtos Destacados<\/h3>\n<figure id=\"attachment_14620\" aria-describedby=\"caption-attachment-14620\" style=\"width: 1000px\" class=\"wp-caption aligncenter\"><img loading=\"lazy\" decoding=\"async\" class=\"wp-image-14620\" src=\"https:\/\/tablaoflamencogranada.com\/wp-content\/uploads\/2025\/10\/jamon-trevelez.avif\" alt=\"Produtos t\u00edpicos de Granada - Presunto de Trev\u00e9lez\" width=\"1000\" height=\"625\" srcset=\"https:\/\/tablaoflamencogranada.com\/wp-content\/uploads\/2025\/10\/jamon-trevelez.avif 1200w, https:\/\/tablaoflamencogranada.com\/wp-content\/uploads\/2025\/10\/jamon-trevelez-300x188.avif 300w, https:\/\/tablaoflamencogranada.com\/wp-content\/uploads\/2025\/10\/jamon-trevelez-1024x640.avif 1024w, https:\/\/tablaoflamencogranada.com\/wp-content\/uploads\/2025\/10\/jamon-trevelez-768x480.avif 768w\" sizes=\"(max-width: 1000px) 100vw, 1000px\" \/><figcaption id=\"caption-attachment-14620\" class=\"wp-caption-text\">Curado em altura, cheio de sabor: o aut\u00eantico presunto de Trev\u00e9lez.<\/figcaption><\/figure>\n<ul>\n<li><strong>Presunto de Trev\u00e9lez<\/strong>: Conhecido pela sua qualidade e sabor, curado de maneira natural a 1700 metros acima do n\u00edvel do mar.<\/li>\n<li><strong>Quisquillas de Motril:<\/strong> Um crust\u00e1ceo mais pequeno e espinhoso que o camar\u00e3o, de cor vermelha intensa e com um sabor forte. S\u00e3o pescados em zonas de pesca concretas de Motril e s\u00e3o consumidos geralmente cozidos. <\/li>\n<\/ul>\n<h2>Sobremesas Tradicionais de Granada<\/h2>\n<p>A do\u00e7aria de Granada \u00e9 fortemente influenciada pela <strong>cultura \u00e1rabe<\/strong>, pondo \u00eanfase no emprego de   <strong>especiarias, mel e am\u00eandoas.<\/strong><\/p>\n<h3>Piononos de Santa Fe<\/h3>\n<figure id=\"attachment_14629\" aria-describedby=\"caption-attachment-14629\" style=\"width: 1000px\" class=\"wp-caption aligncenter\"><img loading=\"lazy\" decoding=\"async\" class=\"wp-image-14629\" src=\"https:\/\/tablaoflamencogranada.com\/wp-content\/uploads\/2025\/10\/piononos.avif\" alt=\"Sobremesa mais famosa de Granada\" width=\"1000\" height=\"625\" srcset=\"https:\/\/tablaoflamencogranada.com\/wp-content\/uploads\/2025\/10\/piononos.avif 1200w, https:\/\/tablaoflamencogranada.com\/wp-content\/uploads\/2025\/10\/piononos-300x188.avif 300w, https:\/\/tablaoflamencogranada.com\/wp-content\/uploads\/2025\/10\/piononos-1024x640.avif 1024w, https:\/\/tablaoflamencogranada.com\/wp-content\/uploads\/2025\/10\/piononos-768x480.avif 768w\" sizes=\"(max-width: 1000px) 100vw, 1000px\" \/><figcaption id=\"caption-attachment-14629\" class=\"wp-caption-text\">Pequenos bocados de do\u00e7ura e tradi\u00e7\u00e3o: os irresist\u00edveis piononos de Granada.<\/figcaption><\/figure>\n<p>Trata-se do doce <strong>mais caracter\u00edstico de Granada<\/strong>, que nasceu na cidade de Santa Fe. \u00c9 um bolo pequeno, que \u00e9 elaborado com uma delgada camada de biscoito enrolada em forma cil\u00edndrica. <\/p>\n<p>O biscoito \u00e9 embebido com <strong>xarope muito doce<\/strong> e \u00e9 adornado com creme tostado.<br \/>\nO bolo foi criado por <strong>Ceferino Isla em 1854<\/strong> como tributo ao <strong>Papa Pio IX (Pio Nono)<\/strong>, cuja imagem (com forma cil\u00edndrica e coberta) e solid\u00e9u (de cor creme tostado) serviram de inspira\u00e7\u00e3o.<\/p>\n<h3>Soplillos de la Alpujarra<\/h3>\n<figure id=\"attachment_14695\" aria-describedby=\"caption-attachment-14695\" style=\"width: 1000px\" class=\"wp-caption aligncenter\"><img loading=\"lazy\" decoding=\"async\" class=\"wp-image-14695\" src=\"https:\/\/tablaoflamencogranada.com\/wp-content\/uploads\/2025\/10\/soplillos-alpujarra.avif\" alt=\"Sobremesa t\u00edpica de Granada\" width=\"1000\" height=\"625\" srcset=\"https:\/\/tablaoflamencogranada.com\/wp-content\/uploads\/2025\/10\/soplillos-alpujarra.avif 1200w, https:\/\/tablaoflamencogranada.com\/wp-content\/uploads\/2025\/10\/soplillos-alpujarra-300x188.avif 300w, https:\/\/tablaoflamencogranada.com\/wp-content\/uploads\/2025\/10\/soplillos-alpujarra-1024x640.avif 1024w, https:\/\/tablaoflamencogranada.com\/wp-content\/uploads\/2025\/10\/soplillos-alpujarra-768x480.avif 768w\" sizes=\"(max-width: 1000px) 100vw, 1000px\" \/><figcaption id=\"caption-attachment-14695\" class=\"wp-caption-text\">Leveza e do\u00e7ura em cada bocado: descubra os tradicionais soplillos de la Alpujarra.<\/figcaption><\/figure>\n<p>Uma sobremesa tradicional com <strong>ra\u00edzes \u00e1rabes<\/strong> proveniente da prov\u00edncia de Granada. Os seus ingredientes principais s\u00e3o a am\u00eandoa, lim\u00e3o, a\u00e7\u00facar e ovo. <\/p>\n<p>Para fazer um merengue, batem-se as claras com o a\u00e7\u00facar e depois s\u00e3o incorporados peda\u00e7os de am\u00eandoa esmagada e raspas de lim\u00e3o. Depois \u00e9 levado ao forno a 100 graus por duas horas. <\/p>\n<h3>Roscos de Loja<\/h3>\n<figure id=\"attachment_14637\" aria-describedby=\"caption-attachment-14637\" style=\"width: 1000px\" class=\"wp-caption aligncenter\"><img loading=\"lazy\" decoding=\"async\" class=\"wp-image-14637\" src=\"https:\/\/tablaoflamencogranada.com\/wp-content\/uploads\/2025\/10\/roscos-de-loja.avif\" alt=\"Doces t\u00edpicos de Granada\" width=\"1000\" height=\"625\" srcset=\"https:\/\/tablaoflamencogranada.com\/wp-content\/uploads\/2025\/10\/roscos-de-loja.avif 1200w, https:\/\/tablaoflamencogranada.com\/wp-content\/uploads\/2025\/10\/roscos-de-loja-300x188.avif 300w, https:\/\/tablaoflamencogranada.com\/wp-content\/uploads\/2025\/10\/roscos-de-loja-1024x640.avif 1024w, https:\/\/tablaoflamencogranada.com\/wp-content\/uploads\/2025\/10\/roscos-de-loja-768x480.avif 768w\" sizes=\"(max-width: 1000px) 100vw, 1000px\" \/><figcaption id=\"caption-attachment-14637\" class=\"wp-caption-text\">Sabor que atravessa gera\u00e7\u00f5es: os aut\u00eanticos roscos de Loja.<\/figcaption><\/figure>\n<p>Os roscos de Loja s\u00e3o um verdadeiro <strong>s\u00edmbolo granadino<\/strong>. Este doce, recoberto com uma camada de merengue irresist\u00edvel, \u00e9 um s\u00edmbolo da cidade e uma paragem obrigat\u00f3ria para todos os que a visitam. Ningu\u00e9m pode resistir a levar uma caixa para casa, gra\u00e7as ao sabor tradicional e \u00e0 textura \u00fanica deste produto. <\/p>\n<h3>Tocinillo de cielo de Guadix<\/h3>\n<figure id=\"attachment_14645\" aria-describedby=\"caption-attachment-14645\" style=\"width: 1000px\" class=\"wp-caption aligncenter\"><img loading=\"lazy\" decoding=\"async\" class=\"wp-image-14645\" src=\"https:\/\/tablaoflamencogranada.com\/wp-content\/uploads\/2025\/10\/tocinilo-cielo.avif\" alt=\"Doces famosos de Granada\" width=\"1000\" height=\"625\" srcset=\"https:\/\/tablaoflamencogranada.com\/wp-content\/uploads\/2025\/10\/tocinilo-cielo.avif 1200w, https:\/\/tablaoflamencogranada.com\/wp-content\/uploads\/2025\/10\/tocinilo-cielo-300x188.avif 300w, https:\/\/tablaoflamencogranada.com\/wp-content\/uploads\/2025\/10\/tocinilo-cielo-1024x640.avif 1024w, https:\/\/tablaoflamencogranada.com\/wp-content\/uploads\/2025\/10\/tocinilo-cielo-768x480.avif 768w\" sizes=\"(max-width: 1000px) 100vw, 1000px\" \/><figcaption id=\"caption-attachment-14645\" class=\"wp-caption-text\">Pequenas por\u00e7\u00f5es de felicidade: o irresist\u00edvel tocinillo de cielo.<\/figcaption><\/figure>\n<p>O tocinillo de cielo de Guadix \u00e9 uma iguaria requintada.<\/p>\n<p>Com a sua textura sedosa e o seu sabor intenso a gema e a\u00e7\u00facar, esta sobremesa andaluza \u00e9 uma joia da do\u00e7aria conventual que continua a conquistar paladares gera\u00e7\u00e3o ap\u00f3s gera\u00e7\u00e3o.<\/p>\n<h3>Huesos de santo<\/h3>\n<figure id=\"attachment_14653\" aria-describedby=\"caption-attachment-14653\" style=\"width: 1000px\" class=\"wp-caption aligncenter\"><img loading=\"lazy\" decoding=\"async\" class=\"wp-image-14653\" src=\"https:\/\/tablaoflamencogranada.com\/wp-content\/uploads\/2025\/10\/huesos-santo.avif\" alt=\"Doces Granadinos t\u00edpicos\" width=\"1000\" height=\"625\" srcset=\"https:\/\/tablaoflamencogranada.com\/wp-content\/uploads\/2025\/10\/huesos-santo.avif 1200w, https:\/\/tablaoflamencogranada.com\/wp-content\/uploads\/2025\/10\/huesos-santo-300x188.avif 300w, https:\/\/tablaoflamencogranada.com\/wp-content\/uploads\/2025\/10\/huesos-santo-1024x640.avif 1024w, https:\/\/tablaoflamencogranada.com\/wp-content\/uploads\/2025\/10\/huesos-santo-768x480.avif 768w\" sizes=\"(max-width: 1000px) 100vw, 1000px\" \/><figcaption id=\"caption-attachment-14653\" class=\"wp-caption-text\">Doces que contam hist\u00f3rias: descubra os aut\u00eanticos huesos de santo.<\/figcaption><\/figure>\n<p>Uma sobremesa muito tradicional da Semana Santa e Todos os Santos s\u00e3o os huesos de santo.<\/p>\n<p>Feitos com massa de am\u00eandoa, recheados de gema doce e polvilhados com a\u00e7\u00facar em p\u00f3, s\u00e3o pequenos bocadinhos tradicionais que resultam t\u00e3o ricos como viciantes.<\/p>\n<h3>Cuajada de Carnaval de Granada<\/h3>\n<figure id=\"attachment_14735\" aria-describedby=\"caption-attachment-14735\" style=\"width: 1000px\" class=\"wp-caption aligncenter\"><img loading=\"lazy\" decoding=\"async\" class=\"wp-image-14735\" src=\"https:\/\/tablaoflamencogranada.com\/wp-content\/uploads\/2025\/10\/cuajada-carnaval-granada.avif\" alt=\"Sobremesa de Granada sem gl\u00faten\" width=\"1000\" height=\"625\" srcset=\"https:\/\/tablaoflamencogranada.com\/wp-content\/uploads\/2025\/10\/cuajada-carnaval-granada.avif 1200w, https:\/\/tablaoflamencogranada.com\/wp-content\/uploads\/2025\/10\/cuajada-carnaval-granada-300x188.avif 300w, https:\/\/tablaoflamencogranada.com\/wp-content\/uploads\/2025\/10\/cuajada-carnaval-granada-1024x640.avif 1024w, https:\/\/tablaoflamencogranada.com\/wp-content\/uploads\/2025\/10\/cuajada-carnaval-granada-768x480.avif 768w\" sizes=\"(max-width: 1000px) 100vw, 1000px\" \/><figcaption id=\"caption-attachment-14735\" class=\"wp-caption-text\">Doce tradi\u00e7\u00e3o que celebra a alegria: desfrute da aut\u00eantica cuajada de Carnaval.<\/figcaption><\/figure>\n<p>A cuajada de Carnaval \u00e9 um <strong>doce tradicional de Granada<\/strong> que tem origens \u00e1rabes.<\/p>\n<p>Com um sabor a canela e mel, arom\u00e1tica e cremosa, simboliza o legado cultural da cidade e o gosto das festas do Carnaval.<\/p>\n<h3>Pesti\u00f1os granadinos<\/h3>\n<figure id=\"attachment_14661\" aria-describedby=\"caption-attachment-14661\" style=\"width: 1000px\" class=\"wp-caption aligncenter\"><img loading=\"lazy\" decoding=\"async\" class=\"wp-image-14661\" src=\"https:\/\/tablaoflamencogranada.com\/wp-content\/uploads\/2025\/10\/pestinos-granadinos.avif\" alt=\"Doces mais famosos de Granada\" width=\"1000\" height=\"625\" srcset=\"https:\/\/tablaoflamencogranada.com\/wp-content\/uploads\/2025\/10\/pestinos-granadinos.avif 1200w, https:\/\/tablaoflamencogranada.com\/wp-content\/uploads\/2025\/10\/pestinos-granadinos-300x188.avif 300w, https:\/\/tablaoflamencogranada.com\/wp-content\/uploads\/2025\/10\/pestinos-granadinos-1024x640.avif 1024w, https:\/\/tablaoflamencogranada.com\/wp-content\/uploads\/2025\/10\/pestinos-granadinos-768x480.avif 768w\" sizes=\"(max-width: 1000px) 100vw, 1000px\" \/><figcaption id=\"caption-attachment-14661\" class=\"wp-caption-text\">Crocantes, doces e cheios de tradi\u00e7\u00e3o: os aut\u00eanticos pesti\u00f1os granadinos.<\/figcaption><\/figure>\n<p>Uma das sobremesas mais t\u00edpicas de Granada s\u00e3o os pesti\u00f1os. Com um <strong>sabor anisado<\/strong> e uma nuance mourisca da sua origem andaluza, estes s\u00e3o dourados, crocantes e est\u00e3o cobertos de mel. <\/p>\n<p>Embora qualquer momento seja bom para degust\u00e1-los, desfrutam-se de maneira especial no Natal e Semana Santa.<\/p>\n<h3>Sultanas de coco granadinas<\/h3>\n<figure id=\"attachment_14669\" aria-describedby=\"caption-attachment-14669\" style=\"width: 1000px\" class=\"wp-caption aligncenter\"><img loading=\"lazy\" decoding=\"async\" class=\"wp-image-14669\" src=\"https:\/\/tablaoflamencogranada.com\/wp-content\/uploads\/2025\/10\/sultanas-coco.avif\" alt=\"Bolas de coco de Granada\" width=\"1000\" height=\"625\" srcset=\"https:\/\/tablaoflamencogranada.com\/wp-content\/uploads\/2025\/10\/sultanas-coco.avif 1200w, https:\/\/tablaoflamencogranada.com\/wp-content\/uploads\/2025\/10\/sultanas-coco-300x188.avif 300w, https:\/\/tablaoflamencogranada.com\/wp-content\/uploads\/2025\/10\/sultanas-coco-1024x640.avif 1024w, https:\/\/tablaoflamencogranada.com\/wp-content\/uploads\/2025\/10\/sultanas-coco-768x480.avif 768w\" sizes=\"(max-width: 1000px) 100vw, 1000px\" \/><figcaption id=\"caption-attachment-14669\" class=\"wp-caption-text\">Do\u00e7ura ex\u00f3tica e tradi\u00e7\u00e3o em cada bocado: as deliciosas sultanas de coco.<\/figcaption><\/figure>\n<p>O doce <strong>desejo de Natal<\/strong> em Granada s\u00e3o as sultanas de coco.<\/p>\n<p>Este doce influenciado pela cultura \u00e1rabe, com um <strong>sabor forte<\/strong> e uma textura delicada, conquista os que amam o coco. Ideais para complementar o caf\u00e9 ou deleitar-se em qualquer momento do dia. <\/p>\n<p>Como p\u00f4de apreciar neste guia de comida de Granada t\u00edpica, p\u00f4de ver que esta cidade n\u00e3o s\u00f3 \u00e9 conhecida pela sua hist\u00f3ria e as suas paisagens, mas tamb\u00e9m pela sua rica e variada gastronomia.<\/p>\n<p>Cada prato representa a tradi\u00e7\u00e3o e o carinho com que se preparam os alimentos, oferecendo sabores \u00fanicos que conquistam locais e visitantes. Desde doces como os piononos at\u00e9 receitas salgadas como o remoj\u00f3n granadino, a comida t\u00edpica de Granada \u00e9 uma verdadeira homenagem \u00e0 cultura e ao sabor desta terra andaluza. <\/p>\n","protected":false},"excerpt":{"rendered":"<p>A gastronomia de Granada \u00e9 um fiel reflexo da sua cultura, hist\u00f3ria e a fus\u00e3o de influ\u00eancias \u00e1rabes e andaluzas. Elabor\u00e1mos uma listagem completa de todas as comidas t\u00edpicas de Granada, pratos salgados e sobremesas para que desfrute da cidade com a vista e o paladar.  <\/p>\n","protected":false},"author":1,"featured_media":14558,"comment_status":"closed","ping_status":"closed","sticky":false,"template":"","format":"standard","meta":{"footnotes":""},"categories":[183],"tags":[],"class_list":["post-14785","post","type-post","status-publish","format-standard","has-post-thumbnail","hentry","category-historia-de-granada"],"_links":{"self":[{"href":"https:\/\/tablaoflamencogranada.com\/pt\/wp-json\/wp\/v2\/posts\/14785","targetHints":{"allow":["GET"]}}],"collection":[{"href":"https:\/\/tablaoflamencogranada.com\/pt\/wp-json\/wp\/v2\/posts"}],"about":[{"href":"https:\/\/tablaoflamencogranada.com\/pt\/wp-json\/wp\/v2\/types\/post"}],"author":[{"embeddable":true,"href":"https:\/\/tablaoflamencogranada.com\/pt\/wp-json\/wp\/v2\/users\/1"}],"replies":[{"embeddable":true,"href":"https:\/\/tablaoflamencogranada.com\/pt\/wp-json\/wp\/v2\/comments?post=14785"}],"version-history":[{"count":1,"href":"https:\/\/tablaoflamencogranada.com\/pt\/wp-json\/wp\/v2\/posts\/14785\/revisions"}],"predecessor-version":[{"id":14836,"href":"https:\/\/tablaoflamencogranada.com\/pt\/wp-json\/wp\/v2\/posts\/14785\/revisions\/14836"}],"wp:featuredmedia":[{"embeddable":true,"href":"https:\/\/tablaoflamencogranada.com\/pt\/wp-json\/wp\/v2\/media\/14558"}],"wp:attachment":[{"href":"https:\/\/tablaoflamencogranada.com\/pt\/wp-json\/wp\/v2\/media?parent=14785"}],"wp:term":[{"taxonomy":"category","embeddable":true,"href":"https:\/\/tablaoflamencogranada.com\/pt\/wp-json\/wp\/v2\/categories?post=14785"},{"taxonomy":"post_tag","embeddable":true,"href":"https:\/\/tablaoflamencogranada.com\/pt\/wp-json\/wp\/v2\/tags?post=14785"}],"curies":[{"name":"wp","href":"https:\/\/api.w.org\/{rel}","templated":true}]}}