{"id":14801,"date":"2025-08-02T14:53:02","date_gmt":"2025-08-02T13:53:02","guid":{"rendered":"https:\/\/tablaoflamencogranada.com\/grutas-flamencas-de-sacromonte-um-tesouro-cultural"},"modified":"2025-10-30T15:56:30","modified_gmt":"2025-10-30T14:56:30","slug":"grutas-flamencas-de-sacromonte-um-tesouro-cultural","status":"publish","type":"post","link":"https:\/\/tablaoflamencogranada.com\/pt\/grutas-flamencas-de-sacromonte-um-tesouro-cultural","title":{"rendered":"Grutas Flamencas de Sacromonte &#8211; Um tesouro cultural"},"content":{"rendered":"<p>Granada \u00e9 uma cidade andaluza que emana flamenco pelas suas ruas de Sacromonte.<\/p>\n<p>Neste bairro emblem\u00e1tico da cidade, encontram-se as conhecidas <strong>grutas flamencas de Sacromonte<\/strong>, famosas praticamente a n\u00edvel internacional. Grande parte do turismo que visita a cidade, al\u00e9m de visitar a Alhambra, costuma entrar nas ruas de Sacromonte e ver nas suas grutas um aut\u00eantico espet\u00e1culo flamenco. <\/p>\n<p>Estas grutas n\u00e3o s\u00f3 oferecem <strong>espet\u00e1culos<\/strong> de flamenco \u00fanicos, num ambiente \u00fanico, como ajudam a manter a hist\u00f3ria da cultura cigana viva e representam um ponto de encontro ideal para todas as pessoas do mundo que procuram desfrutar desta express\u00e3o cultural \u00fanica.<\/p>\n<p><!--more--><\/p>\n<h2>A origem das grutas flamencas de Granada<\/h2>\n<p>Sacromonte \u00e9 um bairro que se encontra em Granada, concretamente na <strong>colina Valpara\u00edso<\/strong>, em frente ao Albaic\u00edn e muito perto do leito do rio Darro.<\/p>\n<figure id=\"attachment_12303\" aria-describedby=\"caption-attachment-12303\" style=\"width: 1024px\" class=\"wp-caption aligncenter\"><img fetchpriority=\"high\" decoding=\"async\" class=\"wp-image-12303 size-large\" src=\"https:\/\/tablaoflamencogranada.com\/wp-content\/uploads\/2025\/08\/sacromonte-4-1024x1024.jpg\" alt=\"{%ALT_TEXT%}\" width=\"1024\" height=\"1024\" srcset=\"https:\/\/tablaoflamencogranada.com\/wp-content\/uploads\/2025\/08\/sacromonte-4-1024x1024.jpg 1024w, https:\/\/tablaoflamencogranada.com\/wp-content\/uploads\/2025\/08\/sacromonte-4-300x300.jpg 300w, https:\/\/tablaoflamencogranada.com\/wp-content\/uploads\/2025\/08\/sacromonte-4-150x150.jpg 150w, https:\/\/tablaoflamencogranada.com\/wp-content\/uploads\/2025\/08\/sacromonte-4-768x768.jpg 768w, https:\/\/tablaoflamencogranada.com\/wp-content\/uploads\/2025\/08\/sacromonte-4.jpg 1080w\" sizes=\"(max-width: 1024px) 100vw, 1024px\" \/><figcaption id=\"caption-attachment-12303\" class=\"wp-caption-text\">{%CAPTION%}<\/figcaption><\/figure>\n<p>Para conhecer a sua rela\u00e7\u00e3o com o flamenco, temos que remontar \u00e0 <strong>\u00e9poca de Al-\u00c1ndalus<\/strong>, quando a zona era um territ\u00f3rio perif\u00e9rico do n\u00facleo urbano de Granada.<\/p>\n<p>Nesta \u00e9poca, j\u00e1 se usavam as grutas como ref\u00fagios naturais na montanha, usadas como armaz\u00e9ns ou abrigos tempor\u00e1rios.<\/p>\n<p>No entanto, a verdadeira transforma\u00e7\u00e3o de Sacromonte come\u00e7a no <strong>final do s\u00e9culo XV<\/strong>, quando os judeus foram expulsos em 1492 e mais tarde os mu\u00e7ulmanos em 1502.<\/p>\n<p>Ent\u00e3o, come\u00e7aram uma s\u00e9rie de <strong>persegui\u00e7\u00f5es religiosas<\/strong> que obrigaram muitas pessoas a abandonar o centro da cidade e ir viver para zonas mais marginais. A este \u00eaxodo, juntaram-se os ciganos, que chegaram \u00e0 Pen\u00ednsula desde o leste da Europa e a \u00cdndia. <\/p>\n<p>Estes assentamentos deslocados, fizeram das encostas de Sacromonte um lugar ideal para <strong>formar as suas habita\u00e7\u00f5es<\/strong>, j\u00e1 que, al\u00e9m de estarem bastante escondidas, foram um ref\u00fagio que lhes oferecia prote\u00e7\u00e3o, al\u00e9m de terem um bom <strong>isolamento t\u00e9rmico<\/strong>, pelo que nelas a temperatura era fresca no ver\u00e3o e quente no inverno.<\/p>\n<h2>As grutas: mais que casas, espa\u00e7os de cultura<\/h2>\n<p>As grutas de Sacromonte, al\u00e9m de servirem como habita\u00e7\u00e3o para estes povos ciganos, tamb\u00e9m se transformaram no <strong>cen\u00e1rio<\/strong> perfeito para a <strong>mistura de diversas culturas<\/strong> e o nascimento de novas formas de express\u00f5es art\u00edsticas.<\/p>\n<figure id=\"attachment_12311\" aria-describedby=\"caption-attachment-12311\" style=\"width: 1080px\" class=\"wp-caption alignnone\"><img decoding=\"async\" class=\"wp-image-12311 size-full\" src=\"https:\/\/tablaoflamencogranada.com\/wp-content\/uploads\/2025\/08\/sacromonte-2.jpg\" alt=\"{%ALT_TEXT%}\" width=\"1080\" height=\"1080\" srcset=\"https:\/\/tablaoflamencogranada.com\/wp-content\/uploads\/2025\/08\/sacromonte-2.jpg 1080w, https:\/\/tablaoflamencogranada.com\/wp-content\/uploads\/2025\/08\/sacromonte-2-300x300.jpg 300w, https:\/\/tablaoflamencogranada.com\/wp-content\/uploads\/2025\/08\/sacromonte-2-1024x1024.jpg 1024w, https:\/\/tablaoflamencogranada.com\/wp-content\/uploads\/2025\/08\/sacromonte-2-150x150.jpg 150w, https:\/\/tablaoflamencogranada.com\/wp-content\/uploads\/2025\/08\/sacromonte-2-768x768.jpg 768w\" sizes=\"(max-width: 1080px) 100vw, 1080px\" \/><figcaption id=\"caption-attachment-12311\" class=\"wp-caption-text\">{%CAPTION%}<\/figcaption><\/figure>\n<p>Nestas grutas misturava-se a arte de <strong>andalus\u00edes, judeus, crist\u00e3os e ciganos.<\/strong><\/p>\n<p>Cada gruta era planificada de forma similar, tinham uma entrada com forma de arco, uma zona comum que seria o que hoje conhecemos como &#8220;sala de estar&#8221; e os quartos que serviam de dormit\u00f3rios escavados na rocha.<\/p>\n<p>Muitas destas habita\u00e7\u00f5es ainda se conservam e continuam habitadas, enquanto outras se transformaram em <strong>museus, tablaos flamencos ou espa\u00e7os culturais.<\/strong><\/p>\n<h2>O flamenco e a cultura cigana: ess\u00eancia de Sacromonte<\/h2>\n<p data-start=\"2636\" data-end=\"2921\">Com os anos, os <strong data-start=\"2663\" data-end=\"2680\">ciganos<\/strong> foram deixando uma marca cultural em Sacromonte. O seu estilo peculiar de viver a vida, a m\u00fasica e as suas celebra\u00e7\u00f5es fundiram-se com o ambiente do bairro. Estabeleceram-se as ra\u00edzes do flamenco \u00fanico: mais \u00edntimo, emocional e visceral.  <\/p>\n<p data-start=\"2923\" data-end=\"3295\">As conhecidas <strong data-start=\"2926\" data-end=\"2953\">&#8220;zambras&#8221; de Sacromonte<\/strong>, s\u00e3o a vers\u00e3o cigana das festas que faziam os mouriscos nos seus casamentos, pelo que s\u00e3o um \u00edcone da fus\u00e3o cultural das fam\u00edlias. N\u00e3o s\u00e3o apenas espet\u00e1culos pensados para atrair as visitas de turistas, s\u00e3o uma forma de transmitir e manter viva a sua cultura. <\/p>\n<p data-start=\"3297\" data-end=\"3521\">Al\u00e9m do flamenco, a cultura cigana tamb\u00e9m se transmite noutros aspetos, como por exemplo as <strong>comidas tradicionais<\/strong>, na <strong data-start=\"3399\" data-end=\"3416\">moda flamenca t\u00e3o colorida<\/strong>, inclusive em festividades da cidade como por exemplo, o <strong data-start=\"3451\" data-end=\"3469\">Dia da Cruz<\/strong> ou a <strong data-start=\"3475\" data-end=\"3501\">romaria de San Cecilio<\/strong>, padroeiro do bairro.<\/p>\n<figure id=\"attachment_12343\" aria-describedby=\"caption-attachment-12343\" style=\"width: 1080px\" class=\"wp-caption alignnone\"><img decoding=\"async\" class=\"wp-image-12343 size-full\" src=\"https:\/\/tablaoflamencogranada.com\/wp-content\/uploads\/2025\/08\/sacromonte-3.jpg\" alt=\"{%ALT_TEXT%}\" width=\"1080\" height=\"1080\" srcset=\"https:\/\/tablaoflamencogranada.com\/wp-content\/uploads\/2025\/08\/sacromonte-3.jpg 1080w, https:\/\/tablaoflamencogranada.com\/wp-content\/uploads\/2025\/08\/sacromonte-3-300x300.jpg 300w, https:\/\/tablaoflamencogranada.com\/wp-content\/uploads\/2025\/08\/sacromonte-3-1024x1024.jpg 1024w, https:\/\/tablaoflamencogranada.com\/wp-content\/uploads\/2025\/08\/sacromonte-3-150x150.jpg 150w, https:\/\/tablaoflamencogranada.com\/wp-content\/uploads\/2025\/08\/sacromonte-3-768x768.jpg 768w\" sizes=\"(max-width: 1080px) 100vw, 1080px\" \/><figcaption id=\"caption-attachment-12343\" class=\"wp-caption-text\">{%CAPTION%}<\/figcaption><\/figure>\n<h2>Evolu\u00e7\u00e3o do bairro: entre a marginaliza\u00e7\u00e3o e o reconhecimento<\/h2>\n<p>Durante grande parte da sua hist\u00f3ria, Sacromonte tem sido apontado como um bairro para  <strong>classes sociais marginais.<\/strong><\/p>\n<p>A vida nas grutas era bastante dura, e a maioria n\u00e3o tinha os servi\u00e7os b\u00e1sicos.<\/p>\n<p>Foi ao longo do <strong>s\u00e9culo XX<\/strong>, quando esta zona marginal come\u00e7ou a adquirir maior visibilidade, ganhando visibilidade, j\u00e1 que come\u00e7ou a atrair visitas de pessoas que gostavam dessa forma peculiar de dan\u00e7ar e cantar que tem o povo cigano, o flamenco.<\/p>\n<p>O auge do turismo em Granada nas <strong>d\u00e9cadas de 60 e 70<\/strong> trouxe consigo um renovado interesse por Sacromonte e as suas tradi\u00e7\u00f5es. Tablaos flamencos, rotas guiadas e museus etnogr\u00e1ficos come\u00e7aram a surgir, atraindo visitantes de todo o mundo. <\/p>\n<p>Hoje, o bairro enfrenta o desafio de equilibrar o desenvolvimento tur\u00edstico com a conserva\u00e7\u00e3o da sua ess\u00eancia. O risco de gentrifica\u00e7\u00e3o e a perda de identidade cultural s\u00e3o desafios constantes para as fam\u00edlias que ainda residem nas grutas. <\/p>\n<h2>Manter viva a ess\u00eancia do bairro<\/h2>\n<figure id=\"attachment_12357\" aria-describedby=\"caption-attachment-12357\" style=\"width: 1080px\" class=\"wp-caption alignnone\"><img loading=\"lazy\" decoding=\"async\" class=\"wp-image-12357 size-full\" src=\"https:\/\/tablaoflamencogranada.com\/wp-content\/uploads\/2025\/08\/sacromonte-5.jpg\" alt=\"Gruta Flamenca de Sacromonte\" width=\"1080\" height=\"1080\" srcset=\"https:\/\/tablaoflamencogranada.com\/wp-content\/uploads\/2025\/08\/sacromonte-5.jpg 1080w, https:\/\/tablaoflamencogranada.com\/wp-content\/uploads\/2025\/08\/sacromonte-5-300x300.jpg 300w, https:\/\/tablaoflamencogranada.com\/wp-content\/uploads\/2025\/08\/sacromonte-5-1024x1024.jpg 1024w, https:\/\/tablaoflamencogranada.com\/wp-content\/uploads\/2025\/08\/sacromonte-5-150x150.jpg 150w, https:\/\/tablaoflamencogranada.com\/wp-content\/uploads\/2025\/08\/sacromonte-5-768x768.jpg 768w\" sizes=\"(max-width: 1080px) 100vw, 1080px\" \/><figcaption id=\"caption-attachment-12357\" class=\"wp-caption-text\">Espet\u00e1culo na Gruta Flamenca los Amaya<\/figcaption><\/figure>\n<p>Preservar Sacromonte, \u00e9 preservar tamb\u00e9m proteger a <strong>hist\u00f3ria e identidade deste povo.<\/strong> <\/p>\n<p>Investiu-se em melhorar as infraestruturas da zona, proteger este enclave natural, apoiar os artistas e vizinhos que mant\u00eam vivas as tradi\u00e7\u00f5es.<\/p>\n<p>Desta maneira, n\u00e3o s\u00f3 se mant\u00e9m viva a hist\u00f3ria de um povo resiliente, a arte ancestral do flamenco, e um bairro que \u00e9 o \u00edcone por excel\u00eancia de uma conviv\u00eancia cultural \u00fanica entre povos marginais.<\/p>\n<p>&nbsp;<\/p>\n","protected":false},"excerpt":{"rendered":"<p>As grutas flamencas Sacromonte, escavadas na colina de Valpara\u00edso, nasceram como ref\u00fagio de povos marginalizados e transformaram-se em espa\u00e7os de vida, arte e flamenco. Hoje, continuam a ser s\u00edmbolo da identidade cultural cigana e cora\u00e7\u00e3o da alma flamenca de Granada. <\/p>\n","protected":false},"author":1,"featured_media":14805,"comment_status":"closed","ping_status":"closed","sticky":false,"template":"","format":"standard","meta":{"footnotes":""},"categories":[182,183],"tags":[],"class_list":["post-14801","post","type-post","status-publish","format-standard","has-post-thumbnail","hentry","category-flamenco","category-historia-de-granada"],"_links":{"self":[{"href":"https:\/\/tablaoflamencogranada.com\/pt\/wp-json\/wp\/v2\/posts\/14801","targetHints":{"allow":["GET"]}}],"collection":[{"href":"https:\/\/tablaoflamencogranada.com\/pt\/wp-json\/wp\/v2\/posts"}],"about":[{"href":"https:\/\/tablaoflamencogranada.com\/pt\/wp-json\/wp\/v2\/types\/post"}],"author":[{"embeddable":true,"href":"https:\/\/tablaoflamencogranada.com\/pt\/wp-json\/wp\/v2\/users\/1"}],"replies":[{"embeddable":true,"href":"https:\/\/tablaoflamencogranada.com\/pt\/wp-json\/wp\/v2\/comments?post=14801"}],"version-history":[{"count":1,"href":"https:\/\/tablaoflamencogranada.com\/pt\/wp-json\/wp\/v2\/posts\/14801\/revisions"}],"predecessor-version":[{"id":14830,"href":"https:\/\/tablaoflamencogranada.com\/pt\/wp-json\/wp\/v2\/posts\/14801\/revisions\/14830"}],"wp:featuredmedia":[{"embeddable":true,"href":"https:\/\/tablaoflamencogranada.com\/pt\/wp-json\/wp\/v2\/media\/14805"}],"wp:attachment":[{"href":"https:\/\/tablaoflamencogranada.com\/pt\/wp-json\/wp\/v2\/media?parent=14801"}],"wp:term":[{"taxonomy":"category","embeddable":true,"href":"https:\/\/tablaoflamencogranada.com\/pt\/wp-json\/wp\/v2\/categories?post=14801"},{"taxonomy":"post_tag","embeddable":true,"href":"https:\/\/tablaoflamencogranada.com\/pt\/wp-json\/wp\/v2\/tags?post=14801"}],"curies":[{"name":"wp","href":"https:\/\/api.w.org\/{rel}","templated":true}]}}