{"id":14817,"date":"2025-07-10T08:49:31","date_gmt":"2025-07-10T07:49:31","guid":{"rendered":"https:\/\/tablaoflamencogranada.com\/os-7-palos-do-flamenco-principais"},"modified":"2025-10-29T17:03:37","modified_gmt":"2025-10-29T16:03:37","slug":"os-7-palos-do-flamenco-principais","status":"publish","type":"post","link":"https:\/\/tablaoflamencogranada.com\/pt\/os-7-palos-do-flamenco-principais","title":{"rendered":"Os 7 palos do flamenco principais"},"content":{"rendered":"<p>Apresentamos <strong data-start=\"564\" data-end=\"612\">os 7 palos do flamenco mais representativos<\/strong>, essenciais para compreender a riqueza e diversidade deste patrim\u00f3nio cultural.<\/p>\n<p>O flamenco \u00e9 uma das express\u00f5es art\u00edsticas com <strong>maior riqueza e popularidade<\/strong> a n\u00edvel mundial.<\/p>\n<p>Esta disciplina n\u00e3o nasceu da noite para o dia. O flamenco foi-se forjando ao longo do tempo e foi <strong>fruto da mesti\u00e7agem<\/strong> e da conviv\u00eancia de diversos povos e culturas. <\/p>\n<p>Por isso, \u00e9 considerada uma das identidades culturais mais ricas e apaixonadas do mundo. Dentro do flamenco, encontramos uma ampla gama de estilos, pois esta arte expressa-se numa ampla diversidade de cantes, bailes e instrumentos. <\/p>\n<p>Os diferentes estilos do flamenco denominam-se palos do flamenco. Embora possa haver mais de 50 palos do flamenco, h\u00e1 sempre alguns que s\u00e3o os mais usados e conhecidos. Estes denominam-se os 7 palos do flamenco.  <\/p>\n<p>Cada palo do flamenco tem o seu pr\u00f3prio ritmo, car\u00e1cter, emo\u00e7\u00e3o e estado de esp\u00edrito. Por isso, neste post, vamos falar de <strong data-start=\"657\" data-end=\"705\">os 7 palos do flamenco mais representativos<\/strong> que todo o amante do flamenco deveria conhecer. <\/p>\n<p><!--more--><\/p>\n<h2>Quais s\u00e3o os palos do flamenco?<\/h2>\n<p>Podemos definir os palos do flamenco como os diferentes estilos ou formas musicais que fazem parte da arte flamenca.<\/p>\n<p>Cada palo do flamenco possui certas caracter\u00edsticas pr\u00f3prias que o diferenciam, por exemplo, o compasso (ritmo), o tom emocional, a estrutura musical ou o tema principal da can\u00e7\u00e3o. Existem palos do flamenco que s\u00e3o dan\u00e7\u00e1veis, mais alegres e festivos. Em contrapartida, h\u00e1 palos que s\u00e3o mais emotivos e profundos.  <\/p>\n<p>No total, podemos encontrar que o flamenco <strong>tem mais de 50 palos<\/strong>, mas os mais conhecidos s\u00e3o a sole\u00e1, a buler\u00eda, a seguiriya, os tangos ou as alegr\u00edas.<\/p>\n<p>Para os que amam o flamenco, costuma ser importante conhecer os palos, j\u00e1 que desta forma podemos identificar bem os estilos, compreender melhor a parte mais profunda da m\u00fasica e apreciar melhor o cante. <\/p>\n<h3>Sole\u00e1<\/h3>\n<p data-start=\"794\" data-end=\"1095\">Dentro dos palos mais conhecidos do flamenco, encontramos a Sole\u00e1. Este seria um dos palos mais <strong>profundos e tradicionais<\/strong>. <\/p>\n<p data-start=\"794\" data-end=\"1095\">A palavra sole\u00e1 j\u00e1 nos d\u00e1 v\u00e1rias pistas sobre a tem\u00e1tica que vai prevalecer nos cantes.<\/p>\n<p data-start=\"794\" data-end=\"1095\">A palavra sol\u00e9a vem de <strong><em>&#8220;soledad&#8221;<\/em><\/strong> e, portanto, as suas letras costumam ser melanc\u00f3licas e tem um compasso pausado de 12 tempos. A sole\u00e1 \u00e9, sem d\u00favida, um dos cantes b\u00e1sicos do flamenco, por isso \u00e9 a m\u00e3e de muitos outros palos. <\/p>\n<p data-start=\"1097\" data-end=\"1117\"><strong data-start=\"1097\" data-end=\"1117\">Caracter\u00edsticas:<\/strong><\/p>\n<ul data-start=\"1118\" data-end=\"1203\">\n<li data-start=\"1118\" data-end=\"1140\">\n<p data-start=\"1120\" data-end=\"1140\">Compasso de 12 tempos<\/p>\n<\/li>\n<li data-start=\"1141\" data-end=\"1154\">\n<p data-start=\"1143\" data-end=\"1154\">Tempo lento<\/p>\n<\/li>\n<li data-start=\"1155\" data-end=\"1203\">\n<p data-start=\"1157\" data-end=\"1203\">Letras melanc\u00f3licas, que falam da solid\u00e3o, dor ou reflex\u00f5es sobre a vida.<\/p>\n<\/li>\n<\/ul>\n<h3>Alegr\u00edas<\/h3>\n<p data-start=\"1241\" data-end=\"1532\">Outro palo cujo nome nos d\u00e1 muitas pistas sobre a tem\u00e1tica das suas letras. As <strong data-start=\"1245\" data-end=\"1257\">alegr\u00edas, como bem indica o seu nome, s\u00e3o<\/strong> um dos palos mais alegres do flamenco. <\/p>\n<p data-start=\"1241\" data-end=\"1532\">A sua proveni\u00eancia \u00e9 C\u00e1diz e identificam-se por ter um ritmo r\u00e1pido, mas ao mesmo tempo elegante, est\u00e3o pensadas para convidar a dan\u00e7\u00e1-las. Embora partilhe o mesmo compasso que a sole\u00e1, tem um car\u00e1cter mais diverso: celebrat\u00f3rio, vital e cheio de gra\u00e7a. <\/p>\n<p data-start=\"1534\" data-end=\"1554\"><strong data-start=\"1534\" data-end=\"1554\">Caracter\u00edsticas:<\/strong><\/p>\n<ul data-start=\"1555\" data-end=\"1650\">\n<li data-start=\"1555\" data-end=\"1577\">\n<p data-start=\"1557\" data-end=\"1577\">Compasso de 12 tempos<\/p>\n<\/li>\n<li data-start=\"1578\" data-end=\"1590\">\n<p data-start=\"1580\" data-end=\"1590\">Tempo vivo<\/p>\n<\/li>\n<li data-start=\"1591\" data-end=\"1650\">\n<p data-start=\"1593\" data-end=\"1650\">Temas relacionados com a natureza, o amor e a festa<\/p>\n<\/li>\n<\/ul>\n<h3>Buler\u00edas<\/h3>\n<p data-start=\"1694\" data-end=\"1980\">A <strong data-start=\"1697\" data-end=\"1708\">buler\u00eda<\/strong> \u00e9 um dos palos mais usados para festejar e deixar voar a criatividade do artista. No entanto, \u00e9 bastante complexa de interpretar pelo seu livre compasso e a sua velocidade. <\/p>\n<p data-start=\"1694\" data-end=\"1980\">A buler\u00eda \u00e9 perfeita para fechar uma atua\u00e7\u00e3o de forma mais en\u00e9rgica, embora requeira o dom\u00ednio do compasso e muita arte.<\/p>\n<p data-start=\"1982\" data-end=\"2002\"><strong data-start=\"1982\" data-end=\"2002\">Caracter\u00edsticas:<\/strong><\/p>\n<ul data-start=\"2003\" data-end=\"2117\">\n<li data-start=\"2003\" data-end=\"2044\">\n<p data-start=\"2005\" data-end=\"2044\">Compasso de 12 tempos com acentos \u00fanicos<\/p>\n<\/li>\n<li data-start=\"2045\" data-end=\"2068\">\n<p data-start=\"2047\" data-end=\"2068\">Muito r\u00e1pida e din\u00e2mica<\/p>\n<\/li>\n<li data-start=\"2069\" data-end=\"2117\">\n<p data-start=\"2071\" data-end=\"2117\">Grande protagonismo do ritmo e da improvisa\u00e7\u00e3o<\/p>\n<\/li>\n<\/ul>\n<h3>Tientos<\/h3>\n<p data-start=\"2157\" data-end=\"2427\">Os <strong data-start=\"2161\" data-end=\"2172\">tientos<\/strong> s\u00e3o palos solenes e pausados, carregados de emo\u00e7\u00e3o e for\u00e7a expressiva. O seu compasso \u00e9 o mesmo que o do tango flamenco, mas a um tempo muito mais lento. S\u00e3o ideais para transmitir sentimentos intensos e dolorosos e, muitas vezes, combinam-se com os tangos.  <\/p>\n<p data-start=\"2429\" data-end=\"2449\"><strong data-start=\"2429\" data-end=\"2449\">Caracter\u00edsticas:<\/strong><\/p>\n<ul data-start=\"2450\" data-end=\"2513\">\n<li data-start=\"2450\" data-end=\"2471\">\n<p data-start=\"2452\" data-end=\"2471\">Compasso de 4 tempos<\/p>\n<\/li>\n<li data-start=\"2472\" data-end=\"2485\">\n<p data-start=\"2474\" data-end=\"2485\">Tempo lento<\/p>\n<\/li>\n<li data-start=\"2486\" data-end=\"2513\">\n<p data-start=\"2488\" data-end=\"2513\">Cante sentido e expressivo<\/p>\n<\/li>\n<\/ul>\n<h3>Tangos<\/h3>\n<p data-start=\"2553\" data-end=\"2794\">Os <strong data-start=\"2557\" data-end=\"2577\">tangos flamencos<\/strong> s\u00e3o um dos estilos mais populares e acess\u00edveis do flamenco. O seu ritmo marcado e alegre torna-os ideais para o baile. Existem muitas variantes segundo a regi\u00e3o: tangos de Granada, de C\u00e1diz, de Triana, entre outros.  <\/p>\n<p data-start=\"2796\" data-end=\"2816\"><strong data-start=\"2796\" data-end=\"2816\">Caracter\u00edsticas:<\/strong><\/p>\n<ul data-start=\"2817\" data-end=\"2896\">\n<li data-start=\"2817\" data-end=\"2838\">\n<p data-start=\"2819\" data-end=\"2838\">Compasso de 4 tempos<\/p>\n<\/li>\n<li data-start=\"2839\" data-end=\"2866\">\n<p data-start=\"2841\" data-end=\"2866\">Ritmo dan\u00e7\u00e1vel e cativante<\/p>\n<\/li>\n<li data-start=\"2867\" data-end=\"2896\">\n<p data-start=\"2869\" data-end=\"2896\">Letra despreocupada e festiva<\/p>\n<\/li>\n<\/ul>\n<h3>Seguiriyas<\/h3>\n<p data-start=\"2937\" data-end=\"3207\">A <strong data-start=\"2940\" data-end=\"2954\">seguiriyas<\/strong> \u00e9 um dos palos mais antigos e profundos do flamenco. Representa o lamento, a dor e a trag\u00e9dia e requer grande expressividade por parte do cantaor. A sua estrutura r\u00edtmica \u00e9 complexa, com um compasso que marca claramente a intensidade do cante.  <\/p>\n<p data-start=\"3209\" data-end=\"3229\"><strong data-start=\"3209\" data-end=\"3229\">Caracter\u00edsticas:<\/strong><\/p>\n<ul data-start=\"3230\" data-end=\"3357\">\n<li data-start=\"3230\" data-end=\"3283\">\n<p data-start=\"3232\" data-end=\"3283\">Compasso de 12 tempos com acentua\u00e7\u00f5es muito marcadas<\/p>\n<\/li>\n<li data-start=\"3284\" data-end=\"3297\">\n<p data-start=\"3286\" data-end=\"3297\">Tempo lento<\/p>\n<\/li>\n<li data-start=\"3298\" data-end=\"3357\">\n<p data-start=\"3300\" data-end=\"3357\">Letras que abordam a morte, a perda e o sofrimento<\/p>\n<\/li>\n<\/ul>\n<h3>Fandangos<\/h3>\n<p data-start=\"3404\" data-end=\"3710\">O <strong data-start=\"3407\" data-end=\"3419\">fandango<\/strong> \u00e9 um palo muito vers\u00e1til que deu origem a outros estilos flamencos como as malague\u00f1as ou os verdiales. Caracteriza-se por come\u00e7ar com um cante livre (sem compasso marcado) e, em muitas ocasi\u00f5es, entrar depois em ritmo. Existem m\u00faltiplas variantes regionais, como os fandangos de Huelva.  <\/p>\n<p data-start=\"3712\" data-end=\"3732\"><strong data-start=\"3712\" data-end=\"3732\">Caracter\u00edsticas:<\/strong><\/p>\n<ul data-start=\"3733\" data-end=\"3841\">\n<li data-start=\"3733\" data-end=\"3766\">\n<p data-start=\"3735\" data-end=\"3766\">In\u00edcio livre e final com compasso<\/p>\n<\/li>\n<li data-start=\"3767\" data-end=\"3790\">\n<p data-start=\"3769\" data-end=\"3790\">Grande riqueza mel\u00f3dica<\/p>\n<\/li>\n<li data-start=\"3791\" data-end=\"3841\">\n<p data-start=\"3793\" data-end=\"3841\">Temas variados, desde o amor at\u00e9 ao quotidiano<\/p>\n<\/li>\n<\/ul>\n<p>Conhecer os diferentes palos flamencos \u00e9 essencial para entender a riqueza desta arte. Cada um representa uma emo\u00e7\u00e3o, um contexto cultural e uma maneira particular de sentir. Quer sejas aficionado, estudante ou profissional do flamenco, familiarizares-te com os seus palos permitir-te-\u00e1 apreciar muito mais a profundidade de cada cante, toque ou baile.  <\/p>\n<p data-start=\"4272\" data-end=\"4531\">O flamenco n\u00e3o \u00e9 s\u00f3 m\u00fasica, \u00e9 emo\u00e7\u00e3o, \u00e9 hist\u00f3ria e \u00e9 identidade. Estes <strong data-start=\"4349\" data-end=\"4373\">7 palos do flamenco<\/strong> s\u00e3o uma porta de entrada para o mundo do cante jondo. Explora cada um, ouve as suas nuances e deixa-te levar pela paix\u00e3o que s\u00f3 o flamenco sabe transmitir.  <\/p>\n","protected":false},"excerpt":{"rendered":"<p>Descubra o que s\u00e3o os palos do flamenco e conhe\u00e7a os 7 estilos mais representativos desta arte andaluza. Desde a solenidade da sole\u00e1 at\u00e9 ao ritmo festivo das buler\u00edas, aprenda a diferenciar os principais tipos de flamenco e a sua import\u00e2ncia no cante, no baile e na guitarra. <\/p>\n","protected":false},"author":1,"featured_media":14819,"comment_status":"closed","ping_status":"closed","sticky":false,"template":"","format":"standard","meta":{"footnotes":""},"categories":[182],"tags":[],"class_list":["post-14817","post","type-post","status-publish","format-standard","has-post-thumbnail","hentry","category-flamenco"],"_links":{"self":[{"href":"https:\/\/tablaoflamencogranada.com\/pt\/wp-json\/wp\/v2\/posts\/14817","targetHints":{"allow":["GET"]}}],"collection":[{"href":"https:\/\/tablaoflamencogranada.com\/pt\/wp-json\/wp\/v2\/posts"}],"about":[{"href":"https:\/\/tablaoflamencogranada.com\/pt\/wp-json\/wp\/v2\/types\/post"}],"author":[{"embeddable":true,"href":"https:\/\/tablaoflamencogranada.com\/pt\/wp-json\/wp\/v2\/users\/1"}],"replies":[{"embeddable":true,"href":"https:\/\/tablaoflamencogranada.com\/pt\/wp-json\/wp\/v2\/comments?post=14817"}],"version-history":[{"count":1,"href":"https:\/\/tablaoflamencogranada.com\/pt\/wp-json\/wp\/v2\/posts\/14817\/revisions"}],"predecessor-version":[{"id":14823,"href":"https:\/\/tablaoflamencogranada.com\/pt\/wp-json\/wp\/v2\/posts\/14817\/revisions\/14823"}],"wp:featuredmedia":[{"embeddable":true,"href":"https:\/\/tablaoflamencogranada.com\/pt\/wp-json\/wp\/v2\/media\/14819"}],"wp:attachment":[{"href":"https:\/\/tablaoflamencogranada.com\/pt\/wp-json\/wp\/v2\/media?parent=14817"}],"wp:term":[{"taxonomy":"category","embeddable":true,"href":"https:\/\/tablaoflamencogranada.com\/pt\/wp-json\/wp\/v2\/categories?post=14817"},{"taxonomy":"post_tag","embeddable":true,"href":"https:\/\/tablaoflamencogranada.com\/pt\/wp-json\/wp\/v2\/tags?post=14817"}],"curies":[{"name":"wp","href":"https:\/\/api.w.org\/{rel}","templated":true}]}}